{"id":142262,"date":"2021-07-13T11:26:22","date_gmt":"2021-07-13T09:26:22","guid":{"rendered":"https:\/\/kulturbloggen.com\/?p=142262"},"modified":"2021-07-13T11:26:23","modified_gmt":"2021-07-13T09:26:23","slug":"lordag-17-juli-ar-det-dags-for-record-store-day-igen","status":"publish","type":"post","link":"https:\/\/kulturbloggen.com\/?p=142262","title":{"rendered":"L\u00f6rdag 17 juli \u00e4r det dags f\u00f6r Record Store Day igen"},"content":{"rendered":"<p><img loading=\"lazy\" decoding=\"async\" class=\"aligncenter size-full wp-image-142266\" src=\"https:\/\/kulturbloggen.com\/wp-content\/uploads\/2021\/07\/recordstoreday.jpg\" alt=\"\" width=\"567\" height=\"465\" srcset=\"https:\/\/kulturbloggen.com\/wp-content\/uploads\/2021\/07\/recordstoreday.jpg 567w, https:\/\/kulturbloggen.com\/wp-content\/uploads\/2021\/07\/recordstoreday-300x246.jpg 300w\" sizes=\"auto, (max-width: 567px) 100vw, 567px\" \/><\/p>\n<p>I b\u00f6rjan av juni arrangeras den stora skivdagen, Record Store day. L\u00f6rdag 17 juli 2021 \u00e4r det dags igen. Enligt v\u00e4derprognoserna ska det vara riktigt varm i st\u00f6rsta delen av Sverige p\u00e5 l\u00f6rdag och f\u00f6r den som \u00e4r skivintresserad blir det v\u00e4l ganska hett inne i butikerna ocks\u00e5. H\u00e4r \u00e4r <a href=\"https:\/\/recordstoreday.se\">hemsidan f\u00f6r Record Store Day i Sverige.<\/a><\/p>\n<p>En hel del skivsl\u00e4pp \u00e4r ber\u00e4knade till l\u00f6rdag, exempelvis:<\/p>\n<p>Upp Till Kamp (R\u00f6d Vinyl) &#8211; Mattias B\u00e4rjed , den mytomspunna &#8221;Nymphet Noodlers\u201d , Noice\u2019s \u201dTon\u00e5rsdr\u00f6mmar\u201d och &#8221;Bed\u00e5rande Barn Av Sin Tid\u201d<br \/>\n&#8221;Kalle S\u00e4ndare&#8221; f\u00f6r att bara n\u00e4mna n\u00e5gra Svenska releaser.<\/p>\n<p>Gott om efterfr\u00e5gade internationella releaser finns det ocks\u00e5 <a href=\"https:\/\/recordstoreday.se\/releaser#D2\">&#8211; L\u00e4s mer h\u00e4r<\/a><\/p>\n<p>\u00d6ver 40 svenska butiker sl\u00e5r p\u00e5 b\u00e5de fl\u00e4ktar och ordnar k\u00f6-system f\u00f6r att ta hand om de sugande diskofilerna.<\/p>\n<p>I \u00e5r \u00e4r det \u00f6ver 40 butiker som deltar i Record Store Day &#8211; fr\u00e5n norr till S\u00f6der .<br \/>\nDetta visar p\u00e5 vilket engagemang det finns i hela landet.<\/p>\n<p><a href=\"https:\/\/recordstoreday.se\/butikerna\">Butikerna hittar ni h\u00e4r: https:\/\/recordstoreday.se\/butikerna<\/a><\/p>\n","protected":false},"excerpt":{"rendered":"<p>I b\u00f6rjan av juni arrangeras den stora skivdagen, Record Store day. L\u00f6rdag 17 juli 2021 \u00e4r det dags igen. Enligt v\u00e4derprognoserna ska det vara riktigt varm i st\u00f6rsta delen av Sverige p\u00e5 l\u00f6rdag och f\u00f6r den som \u00e4r skivintresserad blir det v\u00e4l ganska hett inne i butikerna ocks\u00e5. H\u00e4r \u00e4r hemsidan f\u00f6r Record Store Day [&hellip;]<\/p>\n","protected":false},"author":13,"featured_media":0,"comment_status":"closed","ping_status":"closed","sticky":false,"template":"","format":"standard","meta":{"_genesis_hide_title":false,"_genesis_hide_breadcrumbs":false,"_genesis_hide_singular_image":false,"_genesis_hide_footer_widgets":false,"_genesis_custom_body_class":"","_genesis_custom_post_class":"","_genesis_layout":"","footnotes":""},"categories":[7,13624],"tags":[4676],"class_list":{"0":"post-142262","1":"post","2":"type-post","3":"status-publish","4":"format-standard","6":"category-musik","7":"category-toppnytt","8":"tag-record-store-day","9":"entry"},"_links":{"self":[{"href":"https:\/\/kulturbloggen.com\/index.php?rest_route=\/wp\/v2\/posts\/142262","targetHints":{"allow":["GET"]}}],"collection":[{"href":"https:\/\/kulturbloggen.com\/index.php?rest_route=\/wp\/v2\/posts"}],"about":[{"href":"https:\/\/kulturbloggen.com\/index.php?rest_route=\/wp\/v2\/types\/post"}],"author":[{"embeddable":true,"href":"https:\/\/kulturbloggen.com\/index.php?rest_route=\/wp\/v2\/users\/13"}],"replies":[{"embeddable":true,"href":"https:\/\/kulturbloggen.com\/index.php?rest_route=%2Fwp%2Fv2%2Fcomments&post=142262"}],"version-history":[{"count":4,"href":"https:\/\/kulturbloggen.com\/index.php?rest_route=\/wp\/v2\/posts\/142262\/revisions"}],"predecessor-version":[{"id":142267,"href":"https:\/\/kulturbloggen.com\/index.php?rest_route=\/wp\/v2\/posts\/142262\/revisions\/142267"}],"wp:attachment":[{"href":"https:\/\/kulturbloggen.com\/index.php?rest_route=%2Fwp%2Fv2%2Fmedia&parent=142262"}],"wp:term":[{"taxonomy":"category","embeddable":true,"href":"https:\/\/kulturbloggen.com\/index.php?rest_route=%2Fwp%2Fv2%2Fcategories&post=142262"},{"taxonomy":"post_tag","embeddable":true,"href":"https:\/\/kulturbloggen.com\/index.php?rest_route=%2Fwp%2Fv2%2Ftags&post=142262"}],"curies":[{"name":"wp","href":"https:\/\/api.w.org\/{rel}","templated":true}]}}