{"id":142110,"date":"2021-07-03T04:39:02","date_gmt":"2021-07-03T02:39:02","guid":{"rendered":"https:\/\/kulturbloggen.com\/?p=142110"},"modified":"2021-07-03T04:39:03","modified_gmt":"2021-07-03T02:39:03","slug":"stralar-av-spelgladje-arvid-jullander-concept-pa-unity","status":"publish","type":"post","link":"https:\/\/kulturbloggen.com\/?p=142110","title":{"rendered":"Str\u00e5lar av spelgl\u00e4dje &#8211; Arvid Jullander Concept p\u00e5 Unity"},"content":{"rendered":"\n<figure class=\"wp-block-image size-large\"><img loading=\"lazy\" decoding=\"async\" width=\"650\" height=\"488\" src=\"https:\/\/kulturbloggen.com\/wp-content\/uploads\/2021\/07\/204594969_332709288474748_7206035370981660657_n.jpg\" alt=\"\" class=\"wp-image-142111\" srcset=\"https:\/\/kulturbloggen.com\/wp-content\/uploads\/2021\/07\/204594969_332709288474748_7206035370981660657_n.jpg 650w, https:\/\/kulturbloggen.com\/wp-content\/uploads\/2021\/07\/204594969_332709288474748_7206035370981660657_n-300x225.jpg 300w\" sizes=\"auto, (max-width: 650px) 100vw, 650px\" \/><figcaption>foto Anna Lundqvist                                                                         <\/figcaption><\/figure>\n\n\n\n<p>Unity Jazz Bar i G\u00f6teborg<\/p>\n\n\n\n<p>30\/6-1\/7 2021<\/p>\n\n\n\n<p>I tider d\u00e4r uppkomna kriser och utbrott av katastrofkarakt\u00e4r riskerar att ockupera ens tankar, \u00e4r behovet av avledande aktiviteter enormt. F\u00f6r mig har det inneburit f\u00f6rh\u00f6jd livsk\u00e4nsla att engagera sig i det  sk\u00e5despel utan manus som lite h\u00f6gtravande kallas &#8221;det gr\u00f6na f\u00e4ltets schack&#8221;. En kv\u00e4ll d\u00e5 det var speluppeh\u00e5ll i Fotbolls-EM, passade det perfekt att  ist\u00e4llet cykla till metropolen G\u00f6teborg, n\u00e4rmare best\u00e4mt jazzkrogen Unity mittemot Domkyrkan. Fr\u00e5n och med  1 juli kan ju detta st\u00e4lle i likhet med alla andra ha ordinarie \u00f6ppettider, vilket k\u00e4ndes som en enorm l\u00e4ttnad. Faktum \u00e4r att ett par stenkast ifr\u00e5n  framtr\u00e4dde Mapei med band p\u00e5 Nef (\u00f6ppnat i ny regi),  f\u00f6r en publik p\u00e5 cirka hundra sittande personer, vilket GP uppm\u00e4rksammade genom att recensera.  En intressant artist  vars skivdebut och succ\u00e9spelning p\u00e5 WOW jag skrivit om i Kulturbloggen.  <\/p>\n\n\n\n<p>Nu  tillbaka till Unity. Fr\u00e5n juni har de riktat in sig p\u00e5 akter baserade i G\u00f6teborg, som en solidaritetsg\u00e4rning i Corona-tider och f\u00f6rmodligen ocks\u00e5 f\u00f6r spara in p\u00e5 resekostnader. En s\u00f6ndag h\u00e4rf\u00f6rleden st\u00e4llde g\u00e4ster och musiker upp p\u00e5 ett slags crowdfunding-event f\u00f6r att hj\u00e4lpa till att finansiera det ambiti\u00f6sa liveprogrammet. Verkar ha varit en framg\u00e5ng.<\/p>\n\n\n\n<p> Var mitt tredje bes\u00f6k sedan \u00e5terstarten. Vad som h\u00e4grade var en ihopsatt kvartett med heta jazzmusiker under ledning av basisten Arvid Jullander. Till spelkamrater hade Monica Zetterlund-stipendiaten  (kategorin unga talanger) utsett altsaxofonisten Martin Bjurek Svanstr\u00f6m (\u00c4nglaspel, Bohusl\u00e4n Big Band), Fabian Kallerdahl p\u00e5 piano (ut\u00f6ver Music Music Music med i s\u00e5 m\u00e5nga fina sammanhang att jag l\u00e5ter bli att lista) samt trumslagaren Lars Lade K\u00e4llfelt, lika hemmastadd inom funk som bebop.  Kan absolut h\u00e4vdas att jag h\u00f6rt dessa fyra m\u00e4n i \u00e5ldrarna 27 till 48  en himla massa g\u00e5nger (som Kurt Olsson skulle sagt),  l\u00e5ngt fler \u00e4n n\u00e4stan alla andra musiker. Och dessutom recenserat deras studioinsatser ganska ofta senaste \u00e5ren. Anledningen \u00e4r helt enkelt att jag gillat deras bedrifter. Min po\u00e4ng \u00e4r att det var premi\u00e4r f\u00f6r mig att h\u00f6ra g\u00e4nget tillsammans. Fattade jag r\u00e4tt var konstellationen helt nybildad.   <\/p>\n\n\n\n<figure class=\"wp-block-image size-large\"><img loading=\"lazy\" decoding=\"async\" width=\"650\" height=\"479\" src=\"https:\/\/kulturbloggen.com\/wp-content\/uploads\/2021\/07\/209397723_1710319982498541_7626779219682521613_n.jpg\" alt=\"\" class=\"wp-image-142114\" srcset=\"https:\/\/kulturbloggen.com\/wp-content\/uploads\/2021\/07\/209397723_1710319982498541_7626779219682521613_n.jpg 650w, https:\/\/kulturbloggen.com\/wp-content\/uploads\/2021\/07\/209397723_1710319982498541_7626779219682521613_n-300x221.jpg 300w\" sizes=\"auto, (max-width: 650px) 100vw, 650px\" \/><figcaption>foto Kenth W\u00e5ngklev                                                           <\/figcaption><\/figure>\n\n\n\n<p>F\u00f6r ordningens skull skall noteras att jag hade plats l\u00e4ngst in i ena h\u00f6rnet under andra sittningen. Fotografierna p\u00e5 gruppen togs kv\u00e4llen f\u00f6re, det vill s\u00e4ga 30\/6. Kr\u00f6garen, klubb\u00e4garen och gitarristen Fredrik Rixman presenterade, utlovade cirka sjuttiofem minuters h\u00f6gklassig konsert. Han \u00f6verdrev inte. Gjorde tyv\u00e4rr inga anteckningar p\u00e5 plats d\u00e5 pennan strejkade, varf\u00f6r det inte blir n\u00e5gra detaljer. Ist\u00e4llet  \u00f6verblickande betraktelser. <\/p>\n\n\n\n<p>Man \u00f6ppnade f\u00f6rh\u00e5llandevis f\u00f6rsiktigt M\u00e4rktes att man var taggade av att m\u00f6ta publik efter det l\u00e5nga uppeh\u00e5llet. Jullander presenterade bandet. I \u00f6vrigt skippades mellansnack j\u00e4mte l\u00e5tintroduktioner n\u00e4stan helt. Minns att Coltrane n\u00e4mndes. Minns \u00e4ven att bandledaren p\u00e5stod att saxofonisten f\u00e5tt \u00e4ran att v\u00e4lja l\u00e5tar. Han och melodiproducent Kallerdahl utgick fr\u00e5n notl\u00e4sning. Livek\u00e4nslan var dock st\u00e4ndigt n\u00e4rvarande genom till synes spontana infall och betoningar, solon i improvisationens tecken. Det var v\u00e4xelvis h\u00e4rligt hetsigt med p\u00e5tagligt stark intensitet, vilket varvades ett par g\u00e5nger med smakfulla ballader.<\/p>\n\n\n\n<p> Vill ge en uppfattning om den delvis of\u00f6ruts\u00e4gbara urladdning som blev mitt best\u00e5ende intryck. Det som gjorde konserten till en vibrerande tillst\u00e4llning l\u00e5ngt ifr\u00e5n n\u00e5got som rivs av p\u00e5 rutin. Anv\u00e4nder ett l\u00e4ttbegripligt begrepp fr\u00e5n idrottsv\u00e4rlden f\u00f6r att illustrera.  Tv\u00e5 p\u00e5 scen lirade med nerv och beslutsamhet,  besj\u00e4lade av lidelsefullt engagemang. Beskrivningen passar f\u00f6rvisso in p\u00e5 &#8221;Lade&#8221; med sina virtuosa fills  och den l\u00e5nge anf\u00f6raren Bjurek Svanstr\u00f6m med sina fabul\u00f6st vitala  chorus  Duon gav utlopp f\u00f6r en s\u00e5dan  energi att det blir mer adekvat, att h\u00e4vda att de vid flera passager t\u00f6mde sig. Efter lugnare avdelningar tog man \u00e5terigen publiken med &#8221;stormvarning&#8221;. Vi h\u00e4pnade och gav bifall. Hade n\u00e4ppeligen agerats p\u00e5 samma otyglade s\u00e4tt i studio. Varje g\u00e5ng det live sker liknande lyckade &#8221;h\u00e5rdk\u00f6rning&#8221; blir man som publik p\u00e5fylld T\u00e4nker att vi erbjuds det d\u00e4r unika man vill f\u00e5 med sig, n\u00e5got en bekant och k\u00e4nd arrang\u00f6r tog upp med mig efter\u00e5t som ett kvalitetsbevis.<\/p>\n\n\n\n<figure class=\"wp-block-image size-large\"><img loading=\"lazy\" decoding=\"async\" width=\"650\" height=\"488\" src=\"https:\/\/kulturbloggen.com\/wp-content\/uploads\/2021\/07\/204093869_1001044353766894_1704426791621275359_n.jpg\" alt=\"\" class=\"wp-image-142119\" srcset=\"https:\/\/kulturbloggen.com\/wp-content\/uploads\/2021\/07\/204093869_1001044353766894_1704426791621275359_n.jpg 650w, https:\/\/kulturbloggen.com\/wp-content\/uploads\/2021\/07\/204093869_1001044353766894_1704426791621275359_n-300x225.jpg 300w\" sizes=\"auto, (max-width: 650px) 100vw, 650px\" \/><figcaption>foto Anna Lundqvist                                         <\/figcaption><\/figure>\n\n\n\n<p>F\u00f6r att vara uppriktig var akustiken sis\u00e5d\u00e4r. N\u00e4r gasen trycktes i botten hamnade Fabian Kallerdahl  utanf\u00f6r gemenskapen (h\u00f6rdes knappt), vilket m\u00e5ste beklagas eftersom hans spel verkligen \u00e4r njutbart. Tror att fr\u00e4msta orsaken var att man lyft volymen p\u00e5 kontrabasen eftersom bandet hette Arvid Jullander concept. Och n\u00e4r tv\u00e5 hetsporrar p\u00e5 scen dessutom gav precis allt vad de hade kantrade balansen emellan\u00e5t.  Se kommentaren som en randanm\u00e4rkning. \u00d6vertygad om att publiken fick sitt lystm\u00e4te av pulserande, kokande och stundtals st\u00e4mningsfylld bebop. En anm\u00e4rkningsv\u00e4rd omst\u00e4ndighet blev en indikator p\u00e5 inspirationen som fl\u00f6dade inom och bortanf\u00f6r givna ramar. Syftar p\u00e5 att kvartetten fick till en perfekt avslutning, vilket fick till f\u00f6ljd att det k\u00e4ndes helt on\u00f6digt\/ felaktigt med beg\u00e4ran om extranummer.  <\/p>\n\n\n\n<p>F\u00e5tt tillg\u00e5ng till ungef\u00e4rlig l\u00e5tlista: <em>For All We Know<\/em> (1934), blues med &#8221;knorr&#8221; <em>Isotope <\/em>(Joe Henderson), <em>The Night Has Thousand Eyes <\/em>i John Coltranes version, balladen <em>Skylark, You Stepped Out<\/em> <em>Of A Dream <\/em>(ledmotiv ur musikal 1941) som framf\u00f6rs som desperat samba, <em>I Remember You <\/em>&#8211; filmmelodi fr\u00e5n 1941 d\u00e4r Fabian Kallerdahl spelar temat, <em>Autumn Nocturne <\/em>av filmkompost\u00f6ren Josef Myrow samt <em>Black Nile <\/em>(Wayne Shorter) <\/p>\n\n\n\n<p><\/p>\n","protected":false},"excerpt":{"rendered":"<p>Unity Jazz Bar i G\u00f6teborg 30\/6-1\/7 2021 I tider d\u00e4r uppkomna kriser och utbrott av katastrofkarakt\u00e4r riskerar att ockupera ens tankar, \u00e4r behovet av avledande aktiviteter enormt. F\u00f6r mig har det inneburit f\u00f6rh\u00f6jd livsk\u00e4nsla att engagera sig i det sk\u00e5despel utan manus som lite h\u00f6gtravande kallas &#8221;det gr\u00f6na f\u00e4ltets schack&#8221;. En kv\u00e4ll d\u00e5 det var [&hellip;]<\/p>\n","protected":false},"author":34,"featured_media":0,"comment_status":"closed","ping_status":"closed","sticky":false,"template":"","format":"standard","meta":{"_genesis_hide_title":false,"_genesis_hide_breadcrumbs":false,"_genesis_hide_singular_image":false,"_genesis_hide_footer_widgets":false,"_genesis_custom_body_class":"","_genesis_custom_post_class":"","_genesis_layout":"","footnotes":""},"categories":[7],"tags":[],"class_list":{"0":"post-142110","1":"post","2":"type-post","3":"status-publish","4":"format-standard","6":"category-musik","7":"entry"},"_links":{"self":[{"href":"https:\/\/kulturbloggen.com\/index.php?rest_route=\/wp\/v2\/posts\/142110","targetHints":{"allow":["GET"]}}],"collection":[{"href":"https:\/\/kulturbloggen.com\/index.php?rest_route=\/wp\/v2\/posts"}],"about":[{"href":"https:\/\/kulturbloggen.com\/index.php?rest_route=\/wp\/v2\/types\/post"}],"author":[{"embeddable":true,"href":"https:\/\/kulturbloggen.com\/index.php?rest_route=\/wp\/v2\/users\/34"}],"replies":[{"embeddable":true,"href":"https:\/\/kulturbloggen.com\/index.php?rest_route=%2Fwp%2Fv2%2Fcomments&post=142110"}],"version-history":[{"count":9,"href":"https:\/\/kulturbloggen.com\/index.php?rest_route=\/wp\/v2\/posts\/142110\/revisions"}],"predecessor-version":[{"id":142122,"href":"https:\/\/kulturbloggen.com\/index.php?rest_route=\/wp\/v2\/posts\/142110\/revisions\/142122"}],"wp:attachment":[{"href":"https:\/\/kulturbloggen.com\/index.php?rest_route=%2Fwp%2Fv2%2Fmedia&parent=142110"}],"wp:term":[{"taxonomy":"category","embeddable":true,"href":"https:\/\/kulturbloggen.com\/index.php?rest_route=%2Fwp%2Fv2%2Fcategories&post=142110"},{"taxonomy":"post_tag","embeddable":true,"href":"https:\/\/kulturbloggen.com\/index.php?rest_route=%2Fwp%2Fv2%2Ftags&post=142110"}],"curies":[{"name":"wp","href":"https:\/\/api.w.org\/{rel}","templated":true}]}}