{"id":142054,"date":"2021-06-25T10:36:17","date_gmt":"2021-06-25T08:36:17","guid":{"rendered":"https:\/\/kulturbloggen.com\/?p=142054"},"modified":"2021-06-25T10:38:28","modified_gmt":"2021-06-25T08:38:28","slug":"lyssna-en-sommarhalsning-fran-dani-m-50-50","status":"publish","type":"post","link":"https:\/\/kulturbloggen.com\/?p=142054","title":{"rendered":"Lyssna: En sommarh\u00e4lsning fr\u00e5n Dani M &#8211; 50\/50"},"content":{"rendered":"<p><img loading=\"lazy\" decoding=\"async\" class=\"size-full wp-image-142058 aligncenter\" src=\"https:\/\/kulturbloggen.com\/wp-content\/uploads\/2021\/06\/Dani-M-press-03.jpeg\" alt=\"\" width=\"433\" height=\"650\" srcset=\"https:\/\/kulturbloggen.com\/wp-content\/uploads\/2021\/06\/Dani-M-press-03.jpeg 433w, https:\/\/kulturbloggen.com\/wp-content\/uploads\/2021\/06\/Dani-M-press-03-200x300.jpeg 200w\" sizes=\"auto, (max-width: 433px) 100vw, 433px\" \/><\/p>\n<p>Inf\u00f6r sommar och stundande semester \u00e4r Dani M tillbaka med \u201d50\/50\u201d.<\/p>\n<p>Ett pressmail skriver: Det \u00e4r en dansant upptemposingel vars ljudbild f\u00f6r tankarna till den franska hiphopscenen. P\u00e5 l\u00e5ten f\u00f6renas Dani M med m\u00e5ng\u00e5rige samarbetspartnern och producenten Simon Superti. Trots den lekfulla och medryckande tonen har texten ett djupare budskap om att vi ska hj\u00e4lpa varandra, oavsett hur tomma fickorna \u00e4r:<br \/>\n\u201dKan ha ingenting \u00e4nd\u00e5 delar den p\u00e5 tv\u00e5\/om du vart d\u00e4r f\u00f6r mej lovar dej kommer ih\u00e5g\u201d.<br \/>\n\u201c50\/50\u201d \u00e4r den f\u00f6rsta officiella releasen fr\u00e5n Dani M:s kommande album \u201dPusher III\u201d, det vill s\u00e4ga tredje delen i \u201dPusher\u201d-serien och uppf\u00f6ljaren till de kritikerrosade \u201dPusher\u201d (2018) och \u201dPusher II\u201d (2019) \u2013 skivor som i samlad trupp utg\u00f6r en viktig del av svensk hiphophistoria.<br \/>\n<iframe loading=\"lazy\" src=\"https:\/\/open.spotify.com\/embed\/album\/4suAwcJg1zH5aSUA1fAMsC\" width=\"300\" height=\"380\" frameborder=\"0\"><\/iframe><\/p>\n","protected":false},"excerpt":{"rendered":"<p>Inf\u00f6r sommar och stundande semester \u00e4r Dani M tillbaka med \u201d50\/50\u201d. Ett pressmail skriver: Det \u00e4r en dansant upptemposingel vars ljudbild f\u00f6r tankarna till den franska hiphopscenen. P\u00e5 l\u00e5ten f\u00f6renas Dani M med m\u00e5ng\u00e5rige samarbetspartnern och producenten Simon Superti. Trots den lekfulla och medryckande tonen har texten ett djupare budskap om att vi ska hj\u00e4lpa [&hellip;]<\/p>\n","protected":false},"author":13,"featured_media":0,"comment_status":"closed","ping_status":"closed","sticky":false,"template":"","format":"standard","meta":{"_genesis_hide_title":false,"_genesis_hide_breadcrumbs":false,"_genesis_hide_singular_image":false,"_genesis_hide_footer_widgets":false,"_genesis_custom_body_class":"","_genesis_custom_post_class":"","_genesis_layout":"","footnotes":""},"categories":[7,13624],"tags":[],"class_list":{"0":"post-142054","1":"post","2":"type-post","3":"status-publish","4":"format-standard","6":"category-musik","7":"category-toppnytt","8":"entry"},"_links":{"self":[{"href":"https:\/\/kulturbloggen.com\/index.php?rest_route=\/wp\/v2\/posts\/142054","targetHints":{"allow":["GET"]}}],"collection":[{"href":"https:\/\/kulturbloggen.com\/index.php?rest_route=\/wp\/v2\/posts"}],"about":[{"href":"https:\/\/kulturbloggen.com\/index.php?rest_route=\/wp\/v2\/types\/post"}],"author":[{"embeddable":true,"href":"https:\/\/kulturbloggen.com\/index.php?rest_route=\/wp\/v2\/users\/13"}],"replies":[{"embeddable":true,"href":"https:\/\/kulturbloggen.com\/index.php?rest_route=%2Fwp%2Fv2%2Fcomments&post=142054"}],"version-history":[{"count":6,"href":"https:\/\/kulturbloggen.com\/index.php?rest_route=\/wp\/v2\/posts\/142054\/revisions"}],"predecessor-version":[{"id":142061,"href":"https:\/\/kulturbloggen.com\/index.php?rest_route=\/wp\/v2\/posts\/142054\/revisions\/142061"}],"wp:attachment":[{"href":"https:\/\/kulturbloggen.com\/index.php?rest_route=%2Fwp%2Fv2%2Fmedia&parent=142054"}],"wp:term":[{"taxonomy":"category","embeddable":true,"href":"https:\/\/kulturbloggen.com\/index.php?rest_route=%2Fwp%2Fv2%2Fcategories&post=142054"},{"taxonomy":"post_tag","embeddable":true,"href":"https:\/\/kulturbloggen.com\/index.php?rest_route=%2Fwp%2Fv2%2Ftags&post=142054"}],"curies":[{"name":"wp","href":"https:\/\/api.w.org\/{rel}","templated":true}]}}