{"id":14198,"date":"2009-10-25T17:03:25","date_gmt":"2009-10-25T15:03:25","guid":{"rendered":"http:\/\/kulturbloggen.com\/?p=14198"},"modified":"2009-10-25T17:03:25","modified_gmt":"2009-10-25T15:03:25","slug":"vem-mer-an-jan-guillou-kan-slippa-undan-med-argumentet-jag-var-naiv","status":"publish","type":"post","link":"https:\/\/kulturbloggen.com\/?p=14198","title":{"rendered":"Vem mer \u00e4n Jan Guillou kan slippa undan med argumentet &#8221;Jag var naiv&#8221;"},"content":{"rendered":"<p><img loading=\"lazy\" decoding=\"async\" src=\"http:\/\/sodergren.com\/kulturbloggen\/wp-content\/uploads\/2009\/10\/janguillou_lgb1-300x225.jpg\" alt=\"janguillou_lgb\" title=\"janguillou_lgb\" width=\"300\" height=\"225\" class=\"aligncenter size-medium wp-image-14142\" \/><br \/>\nM\u00e5nga av oss inom bloggv\u00e4rlden m\u00e5 gn\u00e4lla och raljera \u00f6ver Jan Guillou f\u00f6r att han m\u00e5nga g\u00e5nger uttalat sin of\u00f6rst\u00e5else f\u00f6r att det kan finnas n\u00e5got bra med bloggar och interaktivitet. Men han l\u00e4r ha en grundmurad popularitet. Vem annan skulle komma undan \u00e5tal f\u00f6r spioneri efter att ha det har avsl\u00f6jats (och han har erk\u00e4nt) att han utf\u00f6rt uppdrag f\u00f6r ryska agentbyr\u00e5n KGB i flera \u00e5r?<\/p>\n<p>Det \u00e4r givetvis sv\u00e5rt att veta vad som exakt har h\u00e4nt. Men han har sj\u00e4lv sagt till medier att han gjort n\u00e5gra rapporter \u00e5t KGB. Fast de uppgifter som finns i rapporterna ska inte varit s\u00e4rskilt hemliga.<br \/>\nS\u00e5 fr\u00e5gan \u00e4r: att vara anst\u00e4lld av rysk spionverksamhet: \u00e4r det bara olagligt om det man g\u00f6r \u00e5t dem \u00e4r hemligst\u00e4mplat material?<\/p>\n<p>Jag \u00e4r ingen juridisk expert, men jag skulle f\u00f6rmoda att det som h\u00e4nt dessutom \u00e4r preskriberat.<\/p>\n<p>Men \u00e4nd\u00e5: n\u00e5gon f\u00f6runders\u00f6kning kring spioneriet skulle alldeles s\u00e4kert satts ig\u00e5ng om det inte handlat om en k\u00e4nd och popul\u00e4r person.<\/p>\n<p>F\u00f6r \u00e4r det inte spioneri att g\u00f6ra uppdrag \u00e5t fr\u00e4mmande makters spionbyr\u00e5er?<\/p>\n<p><a href=\"http:\/\/www.expressen.se\/Nyheter\/avslojar\/1.1755652\/marten-palme-jag-laste-med-ett-leende...#\">Expressen<\/a>:<\/p>\n<blockquote><p>F\u00f6rre statsministern Ingvar Carlsson, S, kr\u00e4ver nu korten p\u00e5 bordet.<br \/>\nHan vill veta vad Guillou l\u00e4mnade f\u00f6r uppgifter till Sovjet.<br \/>\n&#8211; Jag vill att han offentligg\u00f6r den promemorian. Det \u00e4r i h\u00f6gsta grad rimligt, s\u00e4ger Ingvar Carlsson.\n<\/p><\/blockquote>\n<p>Och det \u00e4r v\u00e4l inte mer \u00e4n r\u00e4tt. <\/p>\n<p>Relaterade bloggar:<br \/>\n<a href=\"http:\/\/rodamalmo.blogspot.com\/2009\/10\/guillou-lekte-kgb-agent.html\">R\u00f6da Malm\u00f6<\/a>, <a href=\"http:\/\/www.zaramis.nu\/blog\/2009\/10\/24\/varfor-vill-sapo-smutskasta-guillou-nu\/\">Svensson<\/a>, <a href=\"http:\/\/scabernestor.blogg.se\/2009\/october\/nu-samlas-de-for-att-ge-igen-guillou-ib.html\">Scaber Nestor<\/a>, <a href=\"http:\/\/erixon.com\/blogg\/2009\/10\/jan-guillou-kgb-spion-vem-forvanas\/\">Dick Erixon<\/a> och <a href=\"http:\/\/www.wiktzac.com\/2009\/10\/guillou-och-kgb.html\">Zacs \u00e5sikter p\u00e5 ett fat<\/a>.<\/p>\n<p>Relaterade artiklar:<br \/>\n<a href=\"http:\/\/www.aftonbladet.se\/nyheter\/article6012293.ab\">Aftonbladet 1<\/a>, <a href=\"http:\/\/www.aftonbladet.se\/nyheter\/article6012314.ab\">Aftonbladet 2<\/a>, <a href=\"http:\/\/www.aftonbladet.se\/nyheter\/article6012315.ab#\">Aftonbladet 3 <\/a>, <a href=\"http:\/\/www.aftonbladet.se\/nyheter\/article6012293.ab#\">Aftonbladet 4<\/a>, <a href=\"http:\/\/www.expressen.se\/Nyheter\/1.1755881\/leif-gw-persson-guillou-maste-skammas\">Expressen 1<\/a>, <a href=\"http:\/\/www.expressen.se\/Nyheter\/avslojar\/1.1755889\/guillou-hemlig-kgb-agent-scoopet-alla-pratar-om#\">Expressen 2<\/a>, <a href=\"http:\/\/www.svd.se\/nyheter\/inrikes\/artikel_3703183.svd\">Svenska Dagbladet<\/a>.<\/p>\n<p>L\u00e4s \u00e4ven andra bloggares \u00e5sikter om <a href=\"http:\/\/bloggar.se\/om\/agenter\" rel=\"tag\">agenter<\/a>, <a href=\"http:\/\/bloggar.se\/om\/medier\" rel=\"tag\">medier<\/a>, <a href=\"http:\/\/bloggar.se\/om\/spioner\" rel=\"tag\">spioner<\/a>, <a href=\"http:\/\/bloggar.se\/om\/Jan+Guillou\" rel=\"tag\">Jan Guillou<\/a>, <a href=\"http:\/\/bloggar.se\/om\/journalistik\" rel=\"tag\">journalistik<\/a>, <a href=\"http:\/\/bloggar.se\/om\/juridik\" rel=\"tag\">juridik<\/a>, <a href=\"http:\/\/bloggar.se\/om\/spion\" rel=\"tag\">spion<\/a>, <a href=\"http:\/\/bloggar.se\/om\/KGB\" rel=\"tag\">KGB<\/a><\/p>\n","protected":false},"excerpt":{"rendered":"<p>M\u00e5nga av oss inom bloggv\u00e4rlden m\u00e5 gn\u00e4lla och raljera \u00f6ver Jan Guillou f\u00f6r att han m\u00e5nga g\u00e5nger uttalat sin of\u00f6rst\u00e5else f\u00f6r att det kan finnas n\u00e5got bra med bloggar och interaktivitet. Men han l\u00e4r ha en grundmurad popularitet. Vem annan skulle komma undan \u00e5tal f\u00f6r spioneri efter att ha det har avsl\u00f6jats (och han har [&hellip;]<\/p>\n","protected":false},"author":2,"featured_media":0,"comment_status":"open","ping_status":"open","sticky":false,"template":"","format":"standard","meta":{"_genesis_hide_title":false,"_genesis_hide_breadcrumbs":false,"_genesis_hide_singular_image":false,"_genesis_hide_footer_widgets":false,"_genesis_custom_body_class":"","_genesis_custom_post_class":"","_genesis_layout":"","footnotes":""},"categories":[62],"tags":[3582,5313],"class_list":{"0":"post-14198","1":"post","2":"type-post","3":"status-publish","4":"format-standard","6":"category-medie-och-kulturpolitik","7":"tag-medier","8":"tag-spioner","9":"entry"},"_links":{"self":[{"href":"https:\/\/kulturbloggen.com\/index.php?rest_route=\/wp\/v2\/posts\/14198","targetHints":{"allow":["GET"]}}],"collection":[{"href":"https:\/\/kulturbloggen.com\/index.php?rest_route=\/wp\/v2\/posts"}],"about":[{"href":"https:\/\/kulturbloggen.com\/index.php?rest_route=\/wp\/v2\/types\/post"}],"author":[{"embeddable":true,"href":"https:\/\/kulturbloggen.com\/index.php?rest_route=\/wp\/v2\/users\/2"}],"replies":[{"embeddable":true,"href":"https:\/\/kulturbloggen.com\/index.php?rest_route=%2Fwp%2Fv2%2Fcomments&post=14198"}],"version-history":[{"count":0,"href":"https:\/\/kulturbloggen.com\/index.php?rest_route=\/wp\/v2\/posts\/14198\/revisions"}],"wp:attachment":[{"href":"https:\/\/kulturbloggen.com\/index.php?rest_route=%2Fwp%2Fv2%2Fmedia&parent=14198"}],"wp:term":[{"taxonomy":"category","embeddable":true,"href":"https:\/\/kulturbloggen.com\/index.php?rest_route=%2Fwp%2Fv2%2Fcategories&post=14198"},{"taxonomy":"post_tag","embeddable":true,"href":"https:\/\/kulturbloggen.com\/index.php?rest_route=%2Fwp%2Fv2%2Ftags&post=14198"}],"curies":[{"name":"wp","href":"https:\/\/api.w.org\/{rel}","templated":true}]}}