{"id":141640,"date":"2021-06-10T16:52:00","date_gmt":"2021-06-10T14:52:00","guid":{"rendered":"https:\/\/kulturbloggen.com\/?p=141640"},"modified":"2021-06-10T16:52:02","modified_gmt":"2021-06-10T14:52:02","slug":"lyssna-jose-gonzalez-head-on","status":"publish","type":"post","link":"https:\/\/kulturbloggen.com\/?p=141640","title":{"rendered":"Lyssna: Jos\u00e9 Gonz\u00e1lez &#8211; Head On"},"content":{"rendered":"<p><img loading=\"lazy\" decoding=\"async\" class=\"aligncenter size-full wp-image-141647\" src=\"https:\/\/kulturbloggen.com\/wp-content\/uploads\/2021\/06\/unnamed-18.jpg\" alt=\"\" width=\"650\" height=\"520\" srcset=\"https:\/\/kulturbloggen.com\/wp-content\/uploads\/2021\/06\/unnamed-18.jpg 650w, https:\/\/kulturbloggen.com\/wp-content\/uploads\/2021\/06\/unnamed-18-300x240.jpg 300w\" sizes=\"auto, (max-width: 650px) 100vw, 650px\" \/><\/p>\n<p>Jos\u00e9 Gonz\u00e1lez har sl\u00e4ppt en ny singel, Head On, som \u00e4r den tredje singeln fr\u00e5n det kommande albumet Local Valley (sl\u00e4pps den 17 september via City Slang\/Playground).<br \/>\nJos\u00e9 om Head On:<br \/>\n\u201cJag skrev l\u00e5ten som en kamps\u00e5ng eller en manual\u2026 Med titeln menar jag b\u00e5de &#8217;rakt p\u00e5&#8217; men ocks\u00e5 ordvitsigt &#8217;huvud p\u00e5&#8217;, som i att b\u00f6rja t\u00e4nka klart. Den \u00e4r inspirerad av Fela Kutis &#8217;Zombie&#8217;, och p\u00e5 det s\u00e4ttet som jag brukade skriva texter till mitt gamla hardcore-band. Den \u00e4r ocks\u00e5 i linje med min l\u00e5t &#8217;What Will&#8217; fr\u00e5n 2015. B\u00e5da l\u00e5tarna \u00e4r anti-dogma och f\u00f6r rationalitet. En del av uttrycken i l\u00e5ten som &#8217;rent seeker&#8217; och &#8217;value extractor&#8217; kommer fr\u00e5n b\u00f6cker om ekonomi, som jag l\u00e4ste under skrivprocessen f\u00f6r skivan, som &#8217;The Value of Everything&#8217; av Mariana Mazzucato.&#8221;<\/p>\n<p><iframe loading=\"lazy\" src=\"https:\/\/open.spotify.com\/embed\/album\/3MeKnUcsyEu4v9AfSTtN6U\" width=\"300\" height=\"380\" frameborder=\"0\"><\/iframe><\/p>\n","protected":false},"excerpt":{"rendered":"<p>Jos\u00e9 Gonz\u00e1lez har sl\u00e4ppt en ny singel, Head On, som \u00e4r den tredje singeln fr\u00e5n det kommande albumet Local Valley (sl\u00e4pps den 17 september via City Slang\/Playground). Jos\u00e9 om Head On: \u201cJag skrev l\u00e5ten som en kamps\u00e5ng eller en manual\u2026 Med titeln menar jag b\u00e5de &#8217;rakt p\u00e5&#8217; men ocks\u00e5 ordvitsigt &#8217;huvud p\u00e5&#8217;, som i att [&hellip;]<\/p>\n","protected":false},"author":13,"featured_media":0,"comment_status":"closed","ping_status":"closed","sticky":false,"template":"","format":"standard","meta":{"_genesis_hide_title":false,"_genesis_hide_breadcrumbs":false,"_genesis_hide_singular_image":false,"_genesis_hide_footer_widgets":false,"_genesis_custom_body_class":"","_genesis_custom_post_class":"","_genesis_layout":"","footnotes":""},"categories":[7,13624],"tags":[],"class_list":{"0":"post-141640","1":"post","2":"type-post","3":"status-publish","4":"format-standard","6":"category-musik","7":"category-toppnytt","8":"entry"},"_links":{"self":[{"href":"https:\/\/kulturbloggen.com\/index.php?rest_route=\/wp\/v2\/posts\/141640","targetHints":{"allow":["GET"]}}],"collection":[{"href":"https:\/\/kulturbloggen.com\/index.php?rest_route=\/wp\/v2\/posts"}],"about":[{"href":"https:\/\/kulturbloggen.com\/index.php?rest_route=\/wp\/v2\/types\/post"}],"author":[{"embeddable":true,"href":"https:\/\/kulturbloggen.com\/index.php?rest_route=\/wp\/v2\/users\/13"}],"replies":[{"embeddable":true,"href":"https:\/\/kulturbloggen.com\/index.php?rest_route=%2Fwp%2Fv2%2Fcomments&post=141640"}],"version-history":[{"count":4,"href":"https:\/\/kulturbloggen.com\/index.php?rest_route=\/wp\/v2\/posts\/141640\/revisions"}],"predecessor-version":[{"id":141648,"href":"https:\/\/kulturbloggen.com\/index.php?rest_route=\/wp\/v2\/posts\/141640\/revisions\/141648"}],"wp:attachment":[{"href":"https:\/\/kulturbloggen.com\/index.php?rest_route=%2Fwp%2Fv2%2Fmedia&parent=141640"}],"wp:term":[{"taxonomy":"category","embeddable":true,"href":"https:\/\/kulturbloggen.com\/index.php?rest_route=%2Fwp%2Fv2%2Fcategories&post=141640"},{"taxonomy":"post_tag","embeddable":true,"href":"https:\/\/kulturbloggen.com\/index.php?rest_route=%2Fwp%2Fv2%2Ftags&post=141640"}],"curies":[{"name":"wp","href":"https:\/\/api.w.org\/{rel}","templated":true}]}}