{"id":141549,"date":"2021-06-06T14:30:26","date_gmt":"2021-06-06T12:30:26","guid":{"rendered":"https:\/\/kulturbloggen.com\/?p=141549"},"modified":"2021-06-06T14:30:55","modified_gmt":"2021-06-06T12:30:55","slug":"lyssna-lisa-ekdahl","status":"publish","type":"post","link":"https:\/\/kulturbloggen.com\/?p=141549","title":{"rendered":"Lyssna: Lisa Ekdahl &#8211; Most of The Time"},"content":{"rendered":"<p><img loading=\"lazy\" decoding=\"async\" class=\"aligncenter size-full wp-image-141558\" src=\"https:\/\/kulturbloggen.com\/wp-content\/uploads\/2021\/06\/unnamed-16.jpg\" alt=\"\" width=\"600\" height=\"338\" srcset=\"https:\/\/kulturbloggen.com\/wp-content\/uploads\/2021\/06\/unnamed-16.jpg 600w, https:\/\/kulturbloggen.com\/wp-content\/uploads\/2021\/06\/unnamed-16-300x169.jpg 300w\" sizes=\"auto, (max-width: 600px) 100vw, 600px\" \/><\/p>\n<p>S\u00e5ngerskan, komposit\u00f6ren och textf\u00f6rfattaren Lisa Ekdahl har spelat in sin version av \u201dMost of The Time\u201d lagom till upphovsmannen Bob Dylans 80-\u00e5rs dag den 24 maj.<\/p>\n<p>Ett pressmeddelande ber\u00e4ttar om singeln:<br \/>\nS\u00e5ngen har blivit en fan-favorit sedan Dylan gav ut den som f\u00f6rsta l\u00e5ten p\u00e5 andra vinylsidan av \u201dOh Mercy\u201d LP:n (1989) och finns med r\u00e4tta ofta med i listor \u00f6ver \u201dBest Bob Dylan Songs\u201d.<\/p>\n<p>En l\u00e5t som, lika genialt som enkelt, beskriver hur det kan k\u00e4nnas n\u00e4r ett hj\u00e4rta brustit. L\u00e5ten inbjuder lyssnaren att fylla i med egna erfarenheter, samtidigt som hoppet om en ny ljus framtid f\u00f6rsiktigt spricker igenom orden.<\/p>\n<p>\u201dJag s\u00e5g Bob Dylan live f\u00f6rsta g\u00e5ngen h\u00f6sten 1987 och jag tror att det f\u00f6r\u00e4ndrade mitt liv\u201d, s\u00e4ger Lisa Ekdahl, och forts\u00e4tter, om tr\u00f6sten det gav:<\/p>\n<p>\u201dBob Dylan \u00e4r en av v\u00e4rldens mest \u00e4lskade hyllade personer men jag m\u00e4rkte samtidigt att flera i publiken klagade. Dom tyckte bland annat att Bob borde vara lite gladare. Jag t\u00e4nkte d\u00e5 att om man vill vara artist kan det nog h\u00e4nda att folk klagar ganska mycket p\u00e5 det man g\u00f6r men att det d\u00e4r klagandet p\u00e5 det stora hela inte spelar n\u00e5gon s\u00e4rskilt stor roll. Och mycket riktigt. N\u00e4r min debut kom 1994 klagade m\u00e5nga p\u00e5 att min r\u00f6st var pipig. Inget n\u00e4mndes om mitt l\u00e5tskrivande, artistisk vision, etc. \u2019Pipig\u2019, sa dom. \u00c5r ut och \u00e5r in. Men som tur var visste jag att det gjorde n\u00e4stan ingenting alls. Tack Bob.\u201d<\/p>\n<p>Nu f\u00e5r den st\u00e4mningsfulla m\u00e4star-kompositionen \u201dMost of The Time\u201d nytt liv och g\u00e5r direkt in p\u00e5 listan \u00f6ver det b\u00e4sta som Lisa Ekdahl sjungit in.<\/p>\n<p>H\u00e4r s\u00e4ger Lisa farv\u00e4l till en \u00e4lskare d\u00e5 \u201dher\u201d \u00e4r utbytt till \u201dhim\u201d. Och h\u00e4r framf\u00f6rs hoppet som aldrig l\u00e4mnar oss, ens i m\u00f6rkret. Eller \u00e4r det ett l\u00e5ngsamt farv\u00e4l till en annan tid, en annan era?<\/p>\n<p>L\u00e5tens mellankoli n\u00e4r s\u00e5 mycket hopp och framtidstro att vi kan b\u00e4ra med oss detta epos som ett soundtrack till det som varit. Nu g\u00e5r vi alla en ny v\u00e5r till m\u00f6tes, \u201dMost of The Time\u201d. Hej d\u00e5 pandemi, v\u00e4lkommen vanliga v\u00e4nliga v\u00e5r.<\/p>\n<p><iframe loading=\"lazy\" src=\"https:\/\/open.spotify.com\/embed\/album\/6pc1rk5fKEg0RQgFwHKmTz\" width=\"300\" height=\"380\" frameborder=\"0\"><\/iframe><\/p>\n","protected":false},"excerpt":{"rendered":"<p>S\u00e5ngerskan, komposit\u00f6ren och textf\u00f6rfattaren Lisa Ekdahl har spelat in sin version av \u201dMost of The Time\u201d lagom till upphovsmannen Bob Dylans 80-\u00e5rs dag den 24 maj. Ett pressmeddelande ber\u00e4ttar om singeln: S\u00e5ngen har blivit en fan-favorit sedan Dylan gav ut den som f\u00f6rsta l\u00e5ten p\u00e5 andra vinylsidan av \u201dOh Mercy\u201d LP:n (1989) och finns med [&hellip;]<\/p>\n","protected":false},"author":2,"featured_media":0,"comment_status":"closed","ping_status":"closed","sticky":false,"template":"","format":"standard","meta":{"_genesis_hide_title":false,"_genesis_hide_breadcrumbs":false,"_genesis_hide_singular_image":false,"_genesis_hide_footer_widgets":false,"_genesis_custom_body_class":"","_genesis_custom_post_class":"","_genesis_layout":"","footnotes":""},"categories":[7,13624],"tags":[],"class_list":{"0":"post-141549","1":"post","2":"type-post","3":"status-publish","4":"format-standard","6":"category-musik","7":"category-toppnytt","8":"entry"},"_links":{"self":[{"href":"https:\/\/kulturbloggen.com\/index.php?rest_route=\/wp\/v2\/posts\/141549","targetHints":{"allow":["GET"]}}],"collection":[{"href":"https:\/\/kulturbloggen.com\/index.php?rest_route=\/wp\/v2\/posts"}],"about":[{"href":"https:\/\/kulturbloggen.com\/index.php?rest_route=\/wp\/v2\/types\/post"}],"author":[{"embeddable":true,"href":"https:\/\/kulturbloggen.com\/index.php?rest_route=\/wp\/v2\/users\/2"}],"replies":[{"embeddable":true,"href":"https:\/\/kulturbloggen.com\/index.php?rest_route=%2Fwp%2Fv2%2Fcomments&post=141549"}],"version-history":[{"count":7,"href":"https:\/\/kulturbloggen.com\/index.php?rest_route=\/wp\/v2\/posts\/141549\/revisions"}],"predecessor-version":[{"id":141562,"href":"https:\/\/kulturbloggen.com\/index.php?rest_route=\/wp\/v2\/posts\/141549\/revisions\/141562"}],"wp:attachment":[{"href":"https:\/\/kulturbloggen.com\/index.php?rest_route=%2Fwp%2Fv2%2Fmedia&parent=141549"}],"wp:term":[{"taxonomy":"category","embeddable":true,"href":"https:\/\/kulturbloggen.com\/index.php?rest_route=%2Fwp%2Fv2%2Fcategories&post=141549"},{"taxonomy":"post_tag","embeddable":true,"href":"https:\/\/kulturbloggen.com\/index.php?rest_route=%2Fwp%2Fv2%2Ftags&post=141549"}],"curies":[{"name":"wp","href":"https:\/\/api.w.org\/{rel}","templated":true}]}}