{"id":14127,"date":"2009-10-23T21:55:43","date_gmt":"2009-10-23T19:55:43","guid":{"rendered":"http:\/\/kulturbloggen.com\/?p=14127"},"modified":"2009-10-23T21:55:43","modified_gmt":"2009-10-23T19:55:43","slug":"norsk-it-miljonar-verkar-vara-raddaren-av-ingmar-bergmans-hus","status":"publish","type":"post","link":"https:\/\/kulturbloggen.com\/?p=14127","title":{"rendered":"Norsk IT-miljon\u00e4r verkar vara r\u00e4ddaren av Ingmar Bergmans hus"},"content":{"rendered":"<p><img loading=\"lazy\" decoding=\"async\" src=\"http:\/\/sodergren.com\/kulturbloggen\/wp-content\/uploads\/2009\/10\/ingmarbergman_poster-203x300.jpg\" alt=\"ingmarbergman_poster\" title=\"ingmarbergman_poster\" width=\"203\" height=\"300\" class=\"aligncenter size-medium wp-image-14128\" \/><br \/>\nDet har varit mycket spekulationer kring hur det skulle g\u00e5 med f\u00f6rs\u00e4ljningen av Ingmar Bergmans hus p\u00e5 F\u00e5r\u00f6. Men nu n\u00e4r k\u00f6pet \u00e4r klart verkar det vara en bra l\u00f6sning. <a href=\"http:\/\/www.dn.se\/kultur-noje\/nyheter\/bergmans-hus-salt-till-norrman-1.981130\">Dagens Nyheter<\/a>:<\/p>\n<blockquote><p>Ingmar Bergmans hem \u00e4r r\u00e4ddat. En norsk aff\u00e4rsman har k\u00f6pt Ingmar Bergmans fastigheter p\u00e5 F\u00e5r\u00f6 och st\u00f6rre delen av l\u00f6s\u00f6ret. Tillsammans med Bergmans yngsta dotter Linn Ullmann skapar han nu en stiftelse och ett konstn\u00e4rscentrum<\/p><\/blockquote>\n<p>Norrmannen Hans Gude Gudesen, som k\u00f6pt Bergmans hus och det mesta av l\u00f6s\u00f6ret d\u00e4rifr\u00e5n \u00e4r enligt DN arkeolog, uppfinnare och grundare av stora f\u00f6retag som gjort honom f\u00f6rm\u00f6gen. I samtal med Ullmann ber\u00e4ttade aff\u00e4rsmannen att han var intresserad av att k\u00f6pa Bergmans kvarl\u00e5tenskaper f\u00f6r att driva dem vidare ideellt.<\/p>\n<p><a href=\"http:\/\/www.vg.no\/rampelys\/artikkel.php?artid=569480\">Den norska tidningen Verdens Gang ber\u00e4ttar om k\u00f6pet att det inte har redogjorts f\u00f6r vad priset var men att egendomen ska vara v\u00e4rd 10,3 miljoner svenska kronor.<\/a><\/p>\n<p><a href=\"http:\/\/www.dn.se\/kultur-noje\/nyheter\/gudesen-var-norges-forste-it-miljardar-1.981200\">DN ber\u00e4ttar att Gudesen var Norges f\u00f6rste IT-miljon\u00e4r<\/a>.<\/p>\n<blockquote><p>Gudesen \u00e4r uppv\u00e4xt i \u00d8stfold, l\u00e4net (fylket) som gr\u00e4nsar till Sverige och Bohusl\u00e4n i s\u00f6der. Och han \u00e4r fortfarande bosatt d\u00e4r, i Fredrikstad intill Oslofjordens mynning.<\/p>\n<p>Under studierna i arkeologi kom han att intressera sig f\u00f6r datalagring, d\u00e5 han s\u00e5g ett stort behov av s\u00e5dan teknik i takt med att h\u00f6gen av arkeologiska r\u00f6n v\u00e4xte p\u00e5 hans forskarbord.<\/p><\/blockquote>\n<p><a href=\"http:\/\/no.wikipedia.org\/wiki\/Hans_Gude_Gudesen\">Fakta om Gudesen fr\u00e5n norska Wikipedian<\/a>:<\/p>\n<blockquote><p>Hans Gude Gudesen (f\u00f8dt 6. mars 1950) er en norsk oppfinner og vitenskapsmann som har v\u00e6rt sentral i p\u00e5g\u00e5ende utvkling av ny teknologi.<\/p>\n<p>Gudesen kommer fra Fredrikstad. Han er utdannet mag. art. i arkeologi ved Universitetet i Oslo. Etter dette jobbet han en rekke \u00e5r i USA innenfor utvikling av ny teknologi. Han var i tidlig kontakt med NTNU-professorene Arne Halaas og Tor A. Ramstad for at de skulle samarbeide; dette f\u00f8rte til selskapet Fast Search &#038; Transfer ASA . P\u00e5 90-tallet var Gudesen hjernen i selskapet Opticom, hvor han satt p\u00e5 aksjer for rundt en milliard kroner. I dag har den gjev\u00e6rende delen av selskapet byttet navn til Thin Film Electronics.<\/p><\/blockquote>\n<p>En m\u00e4ngd kulturpersoner och andra som intervjuas \u00e4r positiva: <a href=\"http:\/\/www.dn.se\/kultur-noje\/nyheter\/kulturministern-positiv-till-kop-av-bergmanhus-1.981352\">Kulturministern<\/a>, <a href=\"http:\/\/www.dn.se\/kultur-noje\/nyheter\/tragedi-blev-till-lustspel-1.981458\">Maria Schottenius<\/a>, <a href=\"http:\/\/www.dn.se\/kultur-noje\/nyheter\/erland-josephson-ett-jattefint-forslag-1.981284\">Erland Josephson<\/a> och <a href=\"http:\/\/www.dn.se\/kultur-noje\/nyheter\/svaret-pa-vara-hetaste-onskningar-1.981208\">Jannike \u00c5hlund<\/a>.<\/p>\n<p>Relaterat: <a href=\"http:\/\/www.svd.se\/kulturnoje\/nyheter\/artikel_3698567.svd\">Svenska Dagbladet<\/a>.<\/p>\n<p>L\u00e4s \u00e4ven andra bloggares \u00e5sikter om <a href=\"http:\/\/bloggar.se\/om\/legender\" rel=\"tag\">legender<\/a>, <a href=\"http:\/\/bloggar.se\/om\/Gotland\" rel=\"tag\">Gotland<\/a>, <a href=\"http:\/\/bloggar.se\/om\/F%E5r%F6\" rel=\"tag\">F\u00e5r\u00f6<\/a>, <a href=\"http:\/\/bloggar.se\/om\/Norge\" rel=\"tag\">Norge<\/a>, <a href=\"http:\/\/bloggar.se\/om\/Ingmar+Bergman\" rel=\"tag\">Ingmar Bergman<\/a>, <a href=\"http:\/\/bloggar.se\/om\/Gudesen\" rel=\"tag\">Gudesen<\/a>, <a href=\"http:\/\/bloggar.se\/om\/norrman\" rel=\"tag\">norrman<\/a><\/p>\n<p>.<\/p>\n","protected":false},"excerpt":{"rendered":"<p>Det har varit mycket spekulationer kring hur det skulle g\u00e5 med f\u00f6rs\u00e4ljningen av Ingmar Bergmans hus p\u00e5 F\u00e5r\u00f6. Men nu n\u00e4r k\u00f6pet \u00e4r klart verkar det vara en bra l\u00f6sning. Dagens Nyheter: Ingmar Bergmans hem \u00e4r r\u00e4ddat. En norsk aff\u00e4rsman har k\u00f6pt Ingmar Bergmans fastigheter p\u00e5 F\u00e5r\u00f6 och st\u00f6rre delen av l\u00f6s\u00f6ret. Tillsammans med Bergmans [&hellip;]<\/p>\n","protected":false},"author":2,"featured_media":0,"comment_status":"open","ping_status":"open","sticky":false,"template":"","format":"standard","meta":{"_genesis_hide_title":false,"_genesis_hide_breadcrumbs":false,"_genesis_hide_singular_image":false,"_genesis_hide_footer_widgets":false,"_genesis_custom_body_class":"","_genesis_custom_post_class":"","_genesis_layout":"","footnotes":""},"categories":[20],"tags":[1908,2069,3247,4032],"class_list":{"0":"post-14127","1":"post","2":"type-post","3":"status-publish","4":"format-standard","6":"category-film","7":"tag-faro","8":"tag-gotland","9":"tag-legender","10":"tag-norge","11":"entry"},"_links":{"self":[{"href":"https:\/\/kulturbloggen.com\/index.php?rest_route=\/wp\/v2\/posts\/14127","targetHints":{"allow":["GET"]}}],"collection":[{"href":"https:\/\/kulturbloggen.com\/index.php?rest_route=\/wp\/v2\/posts"}],"about":[{"href":"https:\/\/kulturbloggen.com\/index.php?rest_route=\/wp\/v2\/types\/post"}],"author":[{"embeddable":true,"href":"https:\/\/kulturbloggen.com\/index.php?rest_route=\/wp\/v2\/users\/2"}],"replies":[{"embeddable":true,"href":"https:\/\/kulturbloggen.com\/index.php?rest_route=%2Fwp%2Fv2%2Fcomments&post=14127"}],"version-history":[{"count":0,"href":"https:\/\/kulturbloggen.com\/index.php?rest_route=\/wp\/v2\/posts\/14127\/revisions"}],"wp:attachment":[{"href":"https:\/\/kulturbloggen.com\/index.php?rest_route=%2Fwp%2Fv2%2Fmedia&parent=14127"}],"wp:term":[{"taxonomy":"category","embeddable":true,"href":"https:\/\/kulturbloggen.com\/index.php?rest_route=%2Fwp%2Fv2%2Fcategories&post=14127"},{"taxonomy":"post_tag","embeddable":true,"href":"https:\/\/kulturbloggen.com\/index.php?rest_route=%2Fwp%2Fv2%2Ftags&post=14127"}],"curies":[{"name":"wp","href":"https:\/\/api.w.org\/{rel}","templated":true}]}}