{"id":14122,"date":"2009-10-23T20:00:59","date_gmt":"2009-10-23T18:00:59","guid":{"rendered":"http:\/\/kulturbloggen.com\/?p=14122"},"modified":"2009-10-23T20:00:59","modified_gmt":"2009-10-23T18:00:59","slug":"politikerna-borde-oppna-for-en-mittenregering","status":"publish","type":"post","link":"https:\/\/kulturbloggen.com\/?p=14122","title":{"rendered":"Politikerna borde \u00f6ppna f\u00f6r en mittenregering"},"content":{"rendered":"<p><img loading=\"lazy\" decoding=\"async\" src=\"http:\/\/sodergren.com\/kulturbloggen\/wp-content\/uploads\/2009\/10\/centerpartiet-212x300.jpg\" alt=\"centerpartiet\" title=\"centerpartiet\" width=\"212\" height=\"300\" class=\"aligncenter size-medium wp-image-14125\" \/><br \/>\nDen stora nyheten i den svenska politiken idag var nog statsminister Fredrik Reinfeldts utspel att h\u00f6gerregeringen efter valet 2010 kan t\u00e4nka sig att ha med Milj\u00f6partiet i allianssamarbetet.<br \/>\nReinfeldts utspel kom efter de senaste dagarnas turbulens efter Sverigedemokraternas ordf\u00f6rande Jimmie \u00c5kessons debattartikel i Aftonbladet d\u00e4r han skriver att muslimerna \u00e4r den st\u00f6rsta faran f\u00f6r Sverige sedan andra v\u00e4rldskriget.<\/p>\n<p>Debattartikeln har f\u00e5tt allt fler att begripa att Sverigedemokraterna finns och med en opinionsunders\u00f6kning i veckan som visar att SD kan komma in i riksdagen b\u00f6rjar nog en del riksdagspolitiker att f\u00e5 skr\u00e4mselhicka.<\/p>\n<p>Om de tv\u00e5 stora blocken: h\u00f6geralliansen och de r\u00f6dgr\u00f6na f\u00e5r d\u00f6tt lopp vid valet 2010 &#8211; d\u00e5 kan Sverigedemokraterna hamna i v\u00e5gm\u00e4starrollen och ha m\u00f6jligt att avg\u00f6ra vilken allians som ska styra Sverige.<\/p>\n<p>F\u00f6r de som inte \u00e4r alltf\u00f6r f\u00f6rtjust i den fastl\u00e5sta blockpolitiken i svensk politik kan det h\u00e4r \u00f6ppna upp f\u00f6r ett nytt politiskt landskap med fler alternativ.<\/p>\n<p>I mina \u00f6gon \u00f6kar det demokratin. Om svenska v\u00e4ljare till exempel vill ha en mittenpolitik: d\u00e5 borde det bli en s\u00e5dan regering.<br \/>\nSom ett exempel.<br \/>\nMen n\u00e4r h\u00f6gerralliansens partier t\u00e4vlar om att g\u00e5 ut till h\u00f6ger d\u00e5 finns det n\u00e4stan inga mittenpartier kvar.<br \/>\nFast m\u00e5nga menar ju att socialdemokraterna har en stor flygel som st\u00e5r n\u00e4ra svensk mittenpolitik.<\/p>\n<p>Men d\u00e5 \u00e4r fr\u00e5gan: om svenska v\u00e4ljare vill ha en mittenpolitik: vilka partier vill vi ha som samarbetar med s?<\/p>\n<p>Det finns en hel del v\u00e4ljare som inte s\u00e5 g\u00e4rna har en v\u00e4nsterregering utan hellre har en mittenregering. Fr\u00e5gan \u00e4r bara: kan centerpartiet och folkpartiet sl\u00e4nga ut sin h\u00f6gerledning och \u00e5ter bli mittenpartier? Av respekt f\u00f6r v\u00e4ljarna, om inte annat.<\/p>\n<p>F\u00f6r \u00f6vrigt: <a href=\"http:\/\/www.dn.se\/nyheter\/sverige\/jk-sds-debattartikel-ej-brottslig-1.981191\">JK s\u00e4ger nu att \u00c5kessons debattartikel inte var brottslig<\/a>. Det var illa att en del ropade p\u00e5 f\u00f6rbud. Nu f\u00e5r han ju mer r\u00e5g i ryggen.<\/p>\n<p>Relaterade bloggar: <a href=\"http:\/\/peterlandersson.blogspot.com\/2009\/10\/ekots-rubrik-borjar-reinfeldt-avgarom.html\">Peter Andersson<\/a>, <a href=\"http:\/\/sorliden.blogspot.com\/2009\/10\/i-skane-gar-det.html\">Christer S\u00f6rliden<\/a>, <a href=\"http:\/\/jonassjostedt.se\/wordpress\/?p=1141\">Jonas Sj\u00f6stedt<\/a> och <a href=\"http:\/\/kentpersson.wordpress.com\/2009\/10\/23\/alliansen-ar-beredd-att-ta-ansvar-ar-miljopartiet-det\/\">Kent Persson<\/a> och <a href=\"http:\/\/www.rodgron.se\/bloggen\/for-alla-valjare-som-avvisar-tanken-att-ge-framlingsfientliga-krafter-inflytande-finns-nu-bara-ett-regeringsalternativ\/\">R\u00f6dgr\u00f6na bloggen<\/a>.<\/p>\n<p>Relaterat:<br \/>\n<a href=\"http:\/\/www.dn.se\/nyheter\/valet2010\/fp-vill-stoppa-sd-med-mps-hjalp-1.980871\">Dagens Nyheter<\/a>, <a href=\"http:\/\/www.aftonbladet.se\/nyheter\/article6007160.ab\">Aftonbladet<\/a>, <a href=\"http:\/\/www.expressen.se\/1.1753479#\">Expressen<\/a> och <a href=\"http:\/\/aftonbladet.se\/debatt\/debattamnen\/politik\/article6004136.ab\">Aftonbladet<\/a>.<\/p>\n<p>L\u00e4s \u00e4ven andra bloggares \u00e5sikter om <a href=\"http:\/\/bloggar.se\/om\/samh%E4lle\" rel=\"tag\">samh\u00e4lle<\/a>, <a href=\"http:\/\/bloggar.se\/om\/politik\" rel=\"tag\">politik<\/a>, <a href=\"http:\/\/bloggar.se\/om\/val2010\" rel=\"tag\">val2010<\/a>, <a href=\"http:\/\/bloggar.se\/om\/milj%F6partier\" rel=\"tag\">milj\u00f6partier<\/a>, <a href=\"http:\/\/bloggar.se\/om\/Sverigedemokraterna\" rel=\"tag\">Sverigedemokraterna<\/a>, <a href=\"http:\/\/bloggar.se\/om\/debattartikel\" rel=\"tag\">debattartikel<\/a>, <a href=\"http:\/\/bloggar.se\/om\/Aftonbladet\" rel=\"tag\">Aftonbladet<\/a>, <a href=\"http:\/\/bloggar.se\/om\/%C5kesson\" rel=\"tag\">\u00c5kesson<\/a><\/p>\n","protected":false},"excerpt":{"rendered":"<p>Den stora nyheten i den svenska politiken idag var nog statsminister Fredrik Reinfeldts utspel att h\u00f6gerregeringen efter valet 2010 kan t\u00e4nka sig att ha med Milj\u00f6partiet i allianssamarbetet. Reinfeldts utspel kom efter de senaste dagarnas turbulens efter Sverigedemokraternas ordf\u00f6rande Jimmie \u00c5kessons debattartikel i Aftonbladet d\u00e4r han skriver att muslimerna \u00e4r den st\u00f6rsta faran f\u00f6r Sverige [&hellip;]<\/p>\n","protected":false},"author":2,"featured_media":0,"comment_status":"open","ping_status":"open","sticky":false,"template":"","format":"standard","meta":{"_genesis_hide_title":false,"_genesis_hide_breadcrumbs":false,"_genesis_hide_singular_image":false,"_genesis_hide_footer_widgets":false,"_genesis_custom_body_class":"","_genesis_custom_post_class":"","_genesis_layout":"","footnotes":""},"categories":[20],"tags":[12284,4917,5534,6163],"class_list":{"0":"post-14122","1":"post","2":"type-post","3":"status-publish","4":"format-standard","6":"category-film","7":"tag-politik","8":"tag-samhalle","9":"tag-sverigedemokraterna","10":"tag-val2010","11":"entry"},"_links":{"self":[{"href":"https:\/\/kulturbloggen.com\/index.php?rest_route=\/wp\/v2\/posts\/14122","targetHints":{"allow":["GET"]}}],"collection":[{"href":"https:\/\/kulturbloggen.com\/index.php?rest_route=\/wp\/v2\/posts"}],"about":[{"href":"https:\/\/kulturbloggen.com\/index.php?rest_route=\/wp\/v2\/types\/post"}],"author":[{"embeddable":true,"href":"https:\/\/kulturbloggen.com\/index.php?rest_route=\/wp\/v2\/users\/2"}],"replies":[{"embeddable":true,"href":"https:\/\/kulturbloggen.com\/index.php?rest_route=%2Fwp%2Fv2%2Fcomments&post=14122"}],"version-history":[{"count":0,"href":"https:\/\/kulturbloggen.com\/index.php?rest_route=\/wp\/v2\/posts\/14122\/revisions"}],"wp:attachment":[{"href":"https:\/\/kulturbloggen.com\/index.php?rest_route=%2Fwp%2Fv2%2Fmedia&parent=14122"}],"wp:term":[{"taxonomy":"category","embeddable":true,"href":"https:\/\/kulturbloggen.com\/index.php?rest_route=%2Fwp%2Fv2%2Fcategories&post=14122"},{"taxonomy":"post_tag","embeddable":true,"href":"https:\/\/kulturbloggen.com\/index.php?rest_route=%2Fwp%2Fv2%2Ftags&post=14122"}],"curies":[{"name":"wp","href":"https:\/\/api.w.org\/{rel}","templated":true}]}}