{"id":1412,"date":"2008-09-05T06:15:28","date_gmt":"2008-09-05T06:15:28","guid":{"rendered":"http:\/\/kulturbloggen.com\/?p=1412"},"modified":"2008-09-05T06:15:28","modified_gmt":"2008-09-05T06:15:28","slug":"mccain-gjorde-en-reinfeldt-mccain-kopierar-obamas-ordbluff","status":"publish","type":"post","link":"https:\/\/kulturbloggen.com\/?p=1412","title":{"rendered":"McCain gjorde en Reinfeldt &#8211; McCain kopierar Obamas ordbluff"},"content":{"rendered":"<p><a href='http:\/\/sodergren.com\/kulturbloggen\/wp-content\/uploads\/2008\/09\/mccain2601.jpg'><img loading=\"lazy\" decoding=\"async\" src=\"http:\/\/sodergren.com\/kulturbloggen\/wp-content\/uploads\/2008\/09\/mccain2601.jpg\" alt=\"\" title=\"mccain2601\" width=\"260\" height=\"150\" class=\"alignright size-full wp-image-1411\" \/><\/a><br \/>\nMcCain gjorde samma man\u00f6ver som moderaterna med Reinfeldt i spetsen gjorde inf\u00f6r f\u00f6rra valet. Moderaterna kallade sig arbetarparti och tog \u00f6ver de fr\u00e5gor som socialdemokraterna brukar g\u00e5 till val med.<\/p>\n<p>Demokraternas presidentkandidat i USA, Obama, har lyckats bli presidentkandidat genom att hela tiden prata om &#8221;Change&#8221; &#8211; f\u00f6r\u00e4ndringens vindar. Nu tog McCain upp samma slogan i sin kampanj. Ett bevis p\u00e5 att McCain k\u00e4nner att Obama har n\u00e5got.<\/p>\n<p>Men: egentligen \u00e4r hela budskapet om Change en hj\u00e4rntv\u00e4tt och bluff utan like. Hur l\u00e4nge har v\u00e4rlden funnits? Hur l\u00e4nge har m\u00e4nniskor varit med och skrivit historia? Jobbar vi inte hela tiden p\u00e5 att steg f\u00f6r steg f\u00f6r\u00e4ndra m\u00e4nsklighetens villkor?<\/p>\n<p>Det har alltid funnits m\u00e4nnikor som f\u00f6rs\u00f6ker \u00e5stadkomma n\u00e5got bra och det har alltid funnits korrumperade makthavare. Och en m\u00e4ngd grader d\u00e4remellan.<\/p>\n<p>Att Obama skulle eller kan genomf\u00f6ra ett mer r\u00e4ttvist samh\u00e4lle \u00e4n n\u00e5gon av de andra demokraterna som k\u00e4mpade om att bli presidentkandidat, det tror jag inte ett \u00f6gonblick p\u00e5. Demokraterna \u00e4r en gred kategori, ett brett spektrum av icke-republikaner. Men en liten skillnad \u00e4r v\u00e4l att demokrater oftare vill genomf\u00f6ra r\u00e4tt till sjukv\u00e5rd \u00e5r fler, medan republikaner vill beh\u00e5lla initiativet till den enskilde att betala egna sjukv\u00e5rdsf\u00f6rs\u00e4kringar.<\/p>\n<p>Obama \u00e4r kritisk till Irak-kriget, det \u00e4r han inte ensam om bland demokraternas kandidater.<\/p>\n<p>I sj\u00e4lva verket skulle vilken som helst av demokraternas kandidater ha kunnat tala om Change, i f\u00f6rh\u00e5llande till Bush-presidentskapet.<\/p>\n<p>Det farliga med att McCain tar \u00f6ver Obamas kampanjord \u00e4r att folk d\u00e4rmed luras att tro att det inte \u00e4r s\u00e5 stora skillnader mellan partierna. F\u00f6r \u00e4ven om jag inte tror att Obama kan \u00e5stadkomma s\u00e5 stor f\u00f6r\u00e4ndring, s\u00e5 inneb\u00e4r \u00e4nd\u00e5 demokraternas politik sm\u00e5 steg \u00e5t en mer r\u00e4ttvist samh\u00e4lle, medan republikanernas politik inte inneb\u00e4r det. Det var f\u00f6rmodligen ett syfte med moderaternas kampanj inf\u00f6r valet i Sverige senast: att l\u00e5tsas att det inte \u00e4r s\u00e4rskilt stora skillnader mellan ett h\u00f6gerstyrt samh\u00e4lle och ett socialdemokratiskt. Och det \u00e4r klart att det \u00e4r skillnader, \u00e4ven om allt inte alls var bra och det fanns problem i det sossestyrda Sverige. Men det har inte blivit b\u00e4ttre nu precis.<\/p>\n<p>F\u00f6r \u00f6vrigt kan jag inte uppr\u00f6ras \u00f6ver att <a href=\"http:\/\/www.aftonbladet.se\/nyheter\/article3249639.ab\">Anitra Steen f\u00e5r en pension p\u00e5 1,2 miljoner kronor<\/a> om \u00e5ret. \u00c4r det f\u00f6r att det \u00e4r en kvinna som tidningar g\u00f6r l\u00f6psedlar p\u00e5 det? F\u00e5r inte en vd som haft h\u00f6ga inkomster alltid h\u00f6ga pensioner?<\/p>\n<p>McCain lovar f\u00f6r\u00e4ndring:<\/p>\n<p><object width=\"425\" height=\"344\"><param name=\"movie\" value=\"http:\/\/www.youtube.com\/v\/brGT1-8MJBk&#038;hl=en&#038;fs=1\"><\/param><param name=\"allowFullScreen\" value=\"true\"><\/param><embed src=\"http:\/\/www.youtube.com\/v\/brGT1-8MJBk&#038;hl=en&#038;fs=1\" type=\"application\/x-shockwave-flash\" allowfullscreen=\"true\" width=\"425\" height=\"344\"><\/embed><\/object><\/p>\n<p><a href=\"http:\/\/www.fjardeinternationalen.se\/blog\/2008\/09\/05\/infor-presidentvalet-i-usa-2\/\">Kild\u00e9n och \u00c5sman har ocks\u00e5 bloggat om McCain.<\/a><\/p>\n<p>Relaterat:<br \/>\n<a href=\"http:\/\/www.aftonbladet.se\/nyheter\/usavalet\/article3251724.ab\">Aftonbladet <\/a><br \/>\n<a href=\"http:\/\/blogg.aftonbladet.se\/20736\/perma\/938527\/\">USA-bloggen<\/a><br \/>\n<a href=\"http:\/\/www.dn.se\/DNet\/jsp\/polopoly.jsp?d=148&#038;a=824371\">DN: McCain lovar f\u00f6r\u00e4ndring<\/a><br \/>\n<a href=\"http:\/\/www.dn.se\/DNet\/jsp\/polopoly.jsp?d=3446&#038;a=824165\">DN\/ New York Times: With sharp elbows, mayor Palin transformed small town<\/a><br \/>\n<a href=\"http:\/\/www.svd.se\/nyheter\/utrikes\/artikel_1670693.svd\">SVD: Vi ska f\u00f6r\u00e4ndra<\/a><\/p>\n<p>Andra bloggar om: <a href=\"http:\/\/bloggar.se\/om\/USA\" rel=\"tag\">USA<\/a>, <a href=\"http:\/\/bloggar.se\/om\/video\" rel=\"tag\">video<\/a>, <a href=\"http:\/\/bloggar.se\/om\/McCain\" rel=\"tag\">McCain<\/a>, <a href=\"http:\/\/bloggar.se\/om\/Change\" rel=\"tag\">Change<\/a>, <a href=\"http:\/\/bloggar.se\/om\/f%F6r%E4ndring\" rel=\"tag\">f\u00f6r\u00e4ndring<\/a>, <a href=\"http:\/\/bloggar.se\/om\/presidentval\" rel=\"tag\">presidentval<\/a>, <a href=\"http:\/\/bloggar.se\/om\/politik\" rel=\"tag\">politik<\/a>, <a href=\"http:\/\/bloggar.se\/om\/Obama\" rel=\"tag\">Obama<\/a>, <a href=\"http:\/\/bloggar.se\/om\/presidentval\" rel=\"tag\">presidentval<\/a>, <a href=\"http:\/\/bloggar.se\/om\/moderaterna\" rel=\"tag\">moderaterna<\/a>, <a href=\"http:\/\/bloggar.se\/om\/arbetarparti\" rel=\"tag\">arbetarparti<\/a>, <a href=\"http:\/\/bloggar.se\/om\/socialdemokraterna\" rel=\"tag\">socialdemokraterna<\/a>, <a href=\"http:\/\/bloggar.se\/om\/samh%E4lle\" rel=\"tag\">samh\u00e4lle<\/a><\/p>\n","protected":false},"excerpt":{"rendered":"<p>McCain gjorde samma man\u00f6ver som moderaterna med Reinfeldt i spetsen gjorde inf\u00f6r f\u00f6rra valet. Moderaterna kallade sig arbetarparti och tog \u00f6ver de fr\u00e5gor som socialdemokraterna brukar g\u00e5 till val med. Demokraternas presidentkandidat i USA, Obama, har lyckats bli presidentkandidat genom att hela tiden prata om &#8221;Change&#8221; &#8211; f\u00f6r\u00e4ndringens vindar. Nu tog McCain upp samma slogan [&hellip;]<\/p>\n","protected":false},"author":2,"featured_media":0,"comment_status":"open","ping_status":"open","sticky":false,"template":"","format":"standard","meta":{"_genesis_hide_title":false,"_genesis_hide_breadcrumbs":false,"_genesis_hide_singular_image":false,"_genesis_hide_footer_widgets":false,"_genesis_custom_body_class":"","_genesis_custom_post_class":"","_genesis_layout":"","footnotes":""},"categories":[20],"tags":[6129,6230],"class_list":{"0":"post-1412","1":"post","2":"type-post","3":"status-publish","4":"format-standard","6":"category-film","7":"tag-usa","8":"tag-video","9":"entry"},"_links":{"self":[{"href":"https:\/\/kulturbloggen.com\/index.php?rest_route=\/wp\/v2\/posts\/1412","targetHints":{"allow":["GET"]}}],"collection":[{"href":"https:\/\/kulturbloggen.com\/index.php?rest_route=\/wp\/v2\/posts"}],"about":[{"href":"https:\/\/kulturbloggen.com\/index.php?rest_route=\/wp\/v2\/types\/post"}],"author":[{"embeddable":true,"href":"https:\/\/kulturbloggen.com\/index.php?rest_route=\/wp\/v2\/users\/2"}],"replies":[{"embeddable":true,"href":"https:\/\/kulturbloggen.com\/index.php?rest_route=%2Fwp%2Fv2%2Fcomments&post=1412"}],"version-history":[{"count":0,"href":"https:\/\/kulturbloggen.com\/index.php?rest_route=\/wp\/v2\/posts\/1412\/revisions"}],"wp:attachment":[{"href":"https:\/\/kulturbloggen.com\/index.php?rest_route=%2Fwp%2Fv2%2Fmedia&parent=1412"}],"wp:term":[{"taxonomy":"category","embeddable":true,"href":"https:\/\/kulturbloggen.com\/index.php?rest_route=%2Fwp%2Fv2%2Fcategories&post=1412"},{"taxonomy":"post_tag","embeddable":true,"href":"https:\/\/kulturbloggen.com\/index.php?rest_route=%2Fwp%2Fv2%2Ftags&post=1412"}],"curies":[{"name":"wp","href":"https:\/\/api.w.org\/{rel}","templated":true}]}}