{"id":140781,"date":"2021-05-07T10:59:39","date_gmt":"2021-05-07T08:59:39","guid":{"rendered":"https:\/\/kulturbloggen.com\/?p=140781"},"modified":"2021-05-07T10:59:40","modified_gmt":"2021-05-07T08:59:40","slug":"lyssna-den-svenska-bjornstammen-att-vara-sjalv-och-inte-ensam-alls","status":"publish","type":"post","link":"https:\/\/kulturbloggen.com\/?p=140781","title":{"rendered":"Lyssna: Den svenska bj\u00f6rnstammen &#8211; Att vara sj\u00e4lv och inte ensam alls"},"content":{"rendered":"<p><img loading=\"lazy\" decoding=\"async\" class=\"aligncenter size-full wp-image-140788\" src=\"https:\/\/kulturbloggen.com\/wp-content\/uploads\/2021\/05\/attvara.png\" alt=\"\" width=\"650\" height=\"650\" srcset=\"https:\/\/kulturbloggen.com\/wp-content\/uploads\/2021\/05\/attvara.png 650w, https:\/\/kulturbloggen.com\/wp-content\/uploads\/2021\/05\/attvara-300x300.png 300w, https:\/\/kulturbloggen.com\/wp-content\/uploads\/2021\/05\/attvara-150x150.png 150w\" sizes=\"auto, (max-width: 650px) 100vw, 650px\" \/><\/p>\n<p>Den svenska bj\u00f6rnstammen har sl\u00e4ppt nya singeln \u2018Att vara sj\u00e4lv och inte ensam alls\u2019, en l\u00e5t som st\u00e4ller fr\u00e5gor kring hur vi kan se destruktiva riktningar i omgivningen utan att samtidigt distansera oss ifr\u00e5n den.<\/p>\n<p>Ett pressmail ber\u00e4ttar:<br \/>\nKonstn\u00e4rskollektivet Den svenska bj\u00f6rnstammen har tonsatt en hel generations lycka och vemod. Med fyra gedigna album och 2011 \u00e5rs &#8221;Vart jag mig i v\u00e4rlden v\u00e4nder&#8221;, en l\u00e5t som som blev en av 00-talets mest streamade svenska l\u00e5tar och tilldelades priset som \u00c5rets l\u00e5t p\u00e5 P3 Guld, \u00e4r de etablerade som en sj\u00e4lvklar best\u00e5ndsdel av den svenska popscenen.<\/p>\n<p>\u2018Att vara sj\u00e4lv och inte ensam alls\u2019 \u00e4r tredje singeln fr\u00e5n deras femte kommande album och sl\u00e4pps via den egna labeln V\u00e5ra inspelningar. Den \u00e4r inspelad och skriven av Den svenska bj\u00f6rnstammen (\u00c5ke Olofsson, Ambj\u00f6rn G\u00f6ransson, Mattias G\u00f6ransson, Klas Isaksson, Dan Br\u00e4nnvall, Petter Frisendahl). Mix av Kristian Karlsson, master av Magnus Lindberg.<\/p>\n<p><iframe loading=\"lazy\" src=\"https:\/\/open.spotify.com\/embed\/album\/49dwPU6YrNSCtMEP1RyXQZ\" width=\"300\" height=\"380\" frameborder=\"0\"><\/iframe><\/p>\n","protected":false},"excerpt":{"rendered":"<p>Den svenska bj\u00f6rnstammen har sl\u00e4ppt nya singeln \u2018Att vara sj\u00e4lv och inte ensam alls\u2019, en l\u00e5t som st\u00e4ller fr\u00e5gor kring hur vi kan se destruktiva riktningar i omgivningen utan att samtidigt distansera oss ifr\u00e5n den. Ett pressmail ber\u00e4ttar: Konstn\u00e4rskollektivet Den svenska bj\u00f6rnstammen har tonsatt en hel generations lycka och vemod. Med fyra gedigna album och [&hellip;]<\/p>\n","protected":false},"author":13,"featured_media":0,"comment_status":"closed","ping_status":"closed","sticky":false,"template":"","format":"standard","meta":{"_genesis_hide_title":false,"_genesis_hide_breadcrumbs":false,"_genesis_hide_singular_image":false,"_genesis_hide_footer_widgets":false,"_genesis_custom_body_class":"","_genesis_custom_post_class":"","_genesis_layout":"","footnotes":""},"categories":[7,13624],"tags":[],"class_list":{"0":"post-140781","1":"post","2":"type-post","3":"status-publish","4":"format-standard","6":"category-musik","7":"category-toppnytt","8":"entry"},"_links":{"self":[{"href":"https:\/\/kulturbloggen.com\/index.php?rest_route=\/wp\/v2\/posts\/140781","targetHints":{"allow":["GET"]}}],"collection":[{"href":"https:\/\/kulturbloggen.com\/index.php?rest_route=\/wp\/v2\/posts"}],"about":[{"href":"https:\/\/kulturbloggen.com\/index.php?rest_route=\/wp\/v2\/types\/post"}],"author":[{"embeddable":true,"href":"https:\/\/kulturbloggen.com\/index.php?rest_route=\/wp\/v2\/users\/13"}],"replies":[{"embeddable":true,"href":"https:\/\/kulturbloggen.com\/index.php?rest_route=%2Fwp%2Fv2%2Fcomments&post=140781"}],"version-history":[{"count":5,"href":"https:\/\/kulturbloggen.com\/index.php?rest_route=\/wp\/v2\/posts\/140781\/revisions"}],"predecessor-version":[{"id":140789,"href":"https:\/\/kulturbloggen.com\/index.php?rest_route=\/wp\/v2\/posts\/140781\/revisions\/140789"}],"wp:attachment":[{"href":"https:\/\/kulturbloggen.com\/index.php?rest_route=%2Fwp%2Fv2%2Fmedia&parent=140781"}],"wp:term":[{"taxonomy":"category","embeddable":true,"href":"https:\/\/kulturbloggen.com\/index.php?rest_route=%2Fwp%2Fv2%2Fcategories&post=140781"},{"taxonomy":"post_tag","embeddable":true,"href":"https:\/\/kulturbloggen.com\/index.php?rest_route=%2Fwp%2Fv2%2Ftags&post=140781"}],"curies":[{"name":"wp","href":"https:\/\/api.w.org\/{rel}","templated":true}]}}