{"id":140773,"date":"2021-05-07T10:54:43","date_gmt":"2021-05-07T08:54:43","guid":{"rendered":"https:\/\/kulturbloggen.com\/?p=140773"},"modified":"2021-05-07T11:09:00","modified_gmt":"2021-05-07T09:09:00","slug":"titta-alfie-templeman","status":"publish","type":"post","link":"https:\/\/kulturbloggen.com\/?p=140773","title":{"rendered":"Titta: Alfie Templeman &#8211; Wait, I Lied"},"content":{"rendered":"<p><img loading=\"lazy\" decoding=\"async\" class=\"aligncenter size-full wp-image-140790\" src=\"https:\/\/kulturbloggen.com\/wp-content\/uploads\/2021\/05\/alfie.jpg\" alt=\"\" width=\"433\" height=\"650\" srcset=\"https:\/\/kulturbloggen.com\/wp-content\/uploads\/2021\/05\/alfie.jpg 433w, https:\/\/kulturbloggen.com\/wp-content\/uploads\/2021\/05\/alfie-200x300.jpg 200w\" sizes=\"auto, (max-width: 433px) 100vw, 433px\" \/><\/p>\n<p>18-\u00e5ringen Alfie Templeman sl\u00e4ppte 7 maj 2021 sitt helt nya minialbum Forever Isn\u2019t Long Enough. Minialbumet har redan f\u00e5tt fantastiska betyg i media som CLASH (4*), The Daily Star (*), DIY (*), Dork (5*), Gigwise (*), The Line Of Best Fit (*), NME (*) &amp; p\u00e5 fler st\u00e4llen. I samband med releasen, sl\u00e4ppte Templeman en musikvideo till minialbum-sp\u00e5ret \u2018Wait, I Lied\u2019, regisserad av Thomas Davis.<\/p>\n<p>Om videon s\u00e4ger Alfie: \u201cVi filmade Wait I Lied p\u00e5 ett par timmar. Det jag gillar mest med videon \u00e4r att det \u00e4r ide\u00e9r som jag och Thomas kom p\u00e5 precis d\u00e5, den \u00e4r helt spontan och vi planerade ingenting innan. Jag hoppas folk uppskattar mina fantastiska dans-moves, jag tror att det kan bli min n\u00e4sta karri\u00e4r om inte den h\u00e4r musikgrejen inte funkar!!\u201d<\/p>\n<p>Om minialbumet s\u00e4ger Alfie:<br \/>\n\u201cJag ville g\u00f6ra ett raffinerat och fokuserat popalbum \u2013 bredare \u00e4n en EP men mera kortfattat \u00e4n ett helt album. Med en k\u00e4nsla n\u00e5nstans i mellan &#8211; Fleetwood Mac\u2019s Rumours och Tame Impala\u2019s Currents.<br \/>\nN\u00e4r jag skapade Forever Isn\u2019t Long Enough ins\u00e5g jag att jag beh\u00f6vde sakta ner lite och jobba mer f\u00f6rsiktigt. L\u00e5tarna tog allt ifr\u00e5n en dag, fyra m\u00e5nader till tv\u00e5 \u00e5r att g\u00f6ra klart f\u00f6r denna platta, men jag var s\u00e4ker p\u00e5 att varje sp\u00e5r var perfekt och jag har aldrig varit mer stolt \u00f6ver hur alla blev n\u00e4r de var klara.\u201d<\/p>\n<p>Templeman beskriver det kommande minialbumet som \u201cDen b\u00e4sta representationen om vad jag \u00e4r&#8221;. \u201cVarje l\u00e5t \u00e4r olik den andra men de \u00e4r \u00e4nd\u00e5 sammanl\u00e4nkade,\u201d s\u00e4ger han.<br \/>\nMinialbumet \u00f6ppnar med rytmerna fr\u00e5n \u201cShady\u201d \u2013 producerad av Tom McFarland fr\u00e5n kollektivet Jungle. D\u00e4rifr\u00e5n \u00e4r man fast, antingen till struttande \u201cWait, I Lied\u201d (med nickar till Gnarls Barkley och Justin Timberlake), eller den gl\u00e4nsande \u201cTo You\u201d.<\/p>\n<p><iframe loading=\"lazy\" title=\"YouTube video player\" src=\"https:\/\/www.youtube.com\/embed\/M1VBOMWZjiA\" width=\"560\" height=\"315\" frameborder=\"0\" allowfullscreen=\"allowfullscreen\"><\/iframe><\/p>\n","protected":false},"excerpt":{"rendered":"<p>18-\u00e5ringen Alfie Templeman sl\u00e4ppte 7 maj 2021 sitt helt nya minialbum Forever Isn\u2019t Long Enough. Minialbumet har redan f\u00e5tt fantastiska betyg i media som CLASH (4*), The Daily Star (*), DIY (*), Dork (5*), Gigwise (*), The Line Of Best Fit (*), NME (*) &amp; p\u00e5 fler st\u00e4llen. I samband med releasen, sl\u00e4ppte Templeman en [&hellip;]<\/p>\n","protected":false},"author":13,"featured_media":0,"comment_status":"closed","ping_status":"closed","sticky":false,"template":"","format":"standard","meta":{"_genesis_hide_title":false,"_genesis_hide_breadcrumbs":false,"_genesis_hide_singular_image":false,"_genesis_hide_footer_widgets":false,"_genesis_custom_body_class":"","_genesis_custom_post_class":"","_genesis_layout":"","footnotes":""},"categories":[7,13624],"tags":[],"class_list":{"0":"post-140773","1":"post","2":"type-post","3":"status-publish","4":"format-standard","6":"category-musik","7":"category-toppnytt","8":"entry"},"_links":{"self":[{"href":"https:\/\/kulturbloggen.com\/index.php?rest_route=\/wp\/v2\/posts\/140773","targetHints":{"allow":["GET"]}}],"collection":[{"href":"https:\/\/kulturbloggen.com\/index.php?rest_route=\/wp\/v2\/posts"}],"about":[{"href":"https:\/\/kulturbloggen.com\/index.php?rest_route=\/wp\/v2\/types\/post"}],"author":[{"embeddable":true,"href":"https:\/\/kulturbloggen.com\/index.php?rest_route=\/wp\/v2\/users\/13"}],"replies":[{"embeddable":true,"href":"https:\/\/kulturbloggen.com\/index.php?rest_route=%2Fwp%2Fv2%2Fcomments&post=140773"}],"version-history":[{"count":7,"href":"https:\/\/kulturbloggen.com\/index.php?rest_route=\/wp\/v2\/posts\/140773\/revisions"}],"predecessor-version":[{"id":140791,"href":"https:\/\/kulturbloggen.com\/index.php?rest_route=\/wp\/v2\/posts\/140773\/revisions\/140791"}],"wp:attachment":[{"href":"https:\/\/kulturbloggen.com\/index.php?rest_route=%2Fwp%2Fv2%2Fmedia&parent=140773"}],"wp:term":[{"taxonomy":"category","embeddable":true,"href":"https:\/\/kulturbloggen.com\/index.php?rest_route=%2Fwp%2Fv2%2Fcategories&post=140773"},{"taxonomy":"post_tag","embeddable":true,"href":"https:\/\/kulturbloggen.com\/index.php?rest_route=%2Fwp%2Fv2%2Ftags&post=140773"}],"curies":[{"name":"wp","href":"https:\/\/api.w.org\/{rel}","templated":true}]}}