{"id":140733,"date":"2021-05-06T16:17:34","date_gmt":"2021-05-06T14:17:34","guid":{"rendered":"https:\/\/kulturbloggen.com\/?p=140733"},"modified":"2021-05-06T16:17:35","modified_gmt":"2021-05-06T14:17:35","slug":"forsaljningen-av-hemelektronik-har-mattats-av","status":"publish","type":"post","link":"https:\/\/kulturbloggen.com\/?p=140733","title":{"rendered":"F\u00f6rs\u00e4ljningen av hemelektronik har mattats av"},"content":{"rendered":"<p><img loading=\"lazy\" decoding=\"async\" class=\"aligncenter size-full wp-image-140740\" src=\"https:\/\/kulturbloggen.com\/wp-content\/uploads\/2021\/05\/unnamed-2-1.jpg\" alt=\"\" width=\"650\" height=\"425\" srcset=\"https:\/\/kulturbloggen.com\/wp-content\/uploads\/2021\/05\/unnamed-2-1.jpg 650w, https:\/\/kulturbloggen.com\/wp-content\/uploads\/2021\/05\/unnamed-2-1-300x196.jpg 300w\" sizes=\"auto, (max-width: 650px) 100vw, 650px\" \/><\/p>\n<p>Under 2020 \u00f6kade f\u00f6rs\u00e4ljningen av hemelektronik p\u00e5 ett aldrig tidigare sk\u00e5dat sett. F\u00f6rs\u00e4ljningen tog fart under mars och april. Vilket l\u00e4r ha att g\u00f6ra med att pandemin gjorde att m\u00e4nniskor tillbringade mer tid hemma och d\u00e4rf\u00f6r ville eller kunde satsa p\u00e5 hemelektronik.<\/p>\n<p>Nu b\u00f6rjar m\u00e4nniskor bli vaccinerade och b\u00f6rjar planera f\u00f6r annat \u00e4n att vara hemma. Det \u00e4r tydligt och det m\u00e4rks i att \u00f6kningen av f\u00f6rs\u00e4ljning av hemelektronik minskat. Ett pressmeddelande ber\u00e4ttar:<br \/>\nDet inneb\u00e4r att vi fr\u00e5n och med nu j\u00e4mf\u00f6r \u00e5rets f\u00f6rs\u00e4ljning med fjol\u00e5rets h\u00f6ga f\u00f6rs\u00e4ljningssiffror. Under april var v\u00e4rdet av s\u00e5lda produkter 11 procent l\u00e4gre \u00e4n under samma m\u00e5nad \u00e5r 2020. Ackumulerat f\u00f6r \u00e5rets f\u00f6rsta fyra m\u00e5nader ligger f\u00f6rs\u00e4ljningsv\u00e4rdet dock fortfarande tv\u00e5 procent \u00f6ver fjol\u00e5rets motsvarande period. Under april \u00f6kade f\u00f6rs\u00e4ljningen av mobiltelefoner, TV \u00f6ver 65 tum och kameror. \u00d6vriga produktkategorier uppvisade l\u00e4gre f\u00f6rs\u00e4ljning \u00e4n under april \u00e5r 2020.<\/p>\n<p>&#8211; Trots att vi nu j\u00e4mf\u00f6r med fjol\u00e5rets h\u00f6ga siffror, forts\u00e4tter f\u00f6rs\u00e4ljnings\u00f6kningen av mobiltelefoner och de st\u00f6rsta TV-sk\u00e4rmarna, s\u00e4ger Klas Elm, ElektronikBranschen.<\/p>\n","protected":false},"excerpt":{"rendered":"<p>Under 2020 \u00f6kade f\u00f6rs\u00e4ljningen av hemelektronik p\u00e5 ett aldrig tidigare sk\u00e5dat sett. F\u00f6rs\u00e4ljningen tog fart under mars och april. Vilket l\u00e4r ha att g\u00f6ra med att pandemin gjorde att m\u00e4nniskor tillbringade mer tid hemma och d\u00e4rf\u00f6r ville eller kunde satsa p\u00e5 hemelektronik. Nu b\u00f6rjar m\u00e4nniskor bli vaccinerade och b\u00f6rjar planera f\u00f6r annat \u00e4n att vara [&hellip;]<\/p>\n","protected":false},"author":13,"featured_media":0,"comment_status":"closed","ping_status":"closed","sticky":false,"template":"","format":"standard","meta":{"_genesis_hide_title":false,"_genesis_hide_breadcrumbs":false,"_genesis_hide_singular_image":false,"_genesis_hide_footer_widgets":false,"_genesis_custom_body_class":"","_genesis_custom_post_class":"","_genesis_layout":"","footnotes":""},"categories":[62,13624],"tags":[],"class_list":{"0":"post-140733","1":"post","2":"type-post","3":"status-publish","4":"format-standard","6":"category-medie-och-kulturpolitik","7":"category-toppnytt","8":"entry"},"_links":{"self":[{"href":"https:\/\/kulturbloggen.com\/index.php?rest_route=\/wp\/v2\/posts\/140733","targetHints":{"allow":["GET"]}}],"collection":[{"href":"https:\/\/kulturbloggen.com\/index.php?rest_route=\/wp\/v2\/posts"}],"about":[{"href":"https:\/\/kulturbloggen.com\/index.php?rest_route=\/wp\/v2\/types\/post"}],"author":[{"embeddable":true,"href":"https:\/\/kulturbloggen.com\/index.php?rest_route=\/wp\/v2\/users\/13"}],"replies":[{"embeddable":true,"href":"https:\/\/kulturbloggen.com\/index.php?rest_route=%2Fwp%2Fv2%2Fcomments&post=140733"}],"version-history":[{"count":4,"href":"https:\/\/kulturbloggen.com\/index.php?rest_route=\/wp\/v2\/posts\/140733\/revisions"}],"predecessor-version":[{"id":140741,"href":"https:\/\/kulturbloggen.com\/index.php?rest_route=\/wp\/v2\/posts\/140733\/revisions\/140741"}],"wp:attachment":[{"href":"https:\/\/kulturbloggen.com\/index.php?rest_route=%2Fwp%2Fv2%2Fmedia&parent=140733"}],"wp:term":[{"taxonomy":"category","embeddable":true,"href":"https:\/\/kulturbloggen.com\/index.php?rest_route=%2Fwp%2Fv2%2Fcategories&post=140733"},{"taxonomy":"post_tag","embeddable":true,"href":"https:\/\/kulturbloggen.com\/index.php?rest_route=%2Fwp%2Fv2%2Ftags&post=140733"}],"curies":[{"name":"wp","href":"https:\/\/api.w.org\/{rel}","templated":true}]}}