{"id":140687,"date":"2021-05-05T17:35:14","date_gmt":"2021-05-05T15:35:14","guid":{"rendered":"https:\/\/kulturbloggen.com\/?p=140687"},"modified":"2021-05-05T17:35:15","modified_gmt":"2021-05-05T15:35:15","slug":"bokrecension-rotvalta-av-tove-alsterdal","status":"publish","type":"post","link":"https:\/\/kulturbloggen.com\/?p=140687","title":{"rendered":"Bokrecension: Rotv\u00e4lta av Tove Alsterdal"},"content":{"rendered":"<p><img loading=\"lazy\" decoding=\"async\" class=\"aligncenter size-full wp-image-140690\" src=\"https:\/\/kulturbloggen.com\/wp-content\/uploads\/2021\/05\/rotvalta.jpg\" alt=\"\" width=\"201\" height=\"312\" srcset=\"https:\/\/kulturbloggen.com\/wp-content\/uploads\/2021\/05\/rotvalta.jpg 201w, https:\/\/kulturbloggen.com\/wp-content\/uploads\/2021\/05\/rotvalta-193x300.jpg 193w\" sizes=\"auto, (max-width: 201px) 100vw, 201px\" \/><\/p>\n<p><a href=\"https:\/\/www.adlibris.com\/se\/bok\/rotvalta-9789179033361\">Rotv\u00e4lta<\/a><br \/>\nF\u00f6rfattare Tove Alsterdal<br \/>\nAntal sidor 398<br \/>\n<a href=\"https:\/\/www.bokus.com\/bok\/9789179033361\/rotvalta\/\">Utgivningsdatum<\/a> 2020-10-13<br \/>\n<a href=\"https:\/\/www.lindco.se\/bocker\/rotvalta\/\">F\u00f6rlag Lind &amp; Co<\/a><br \/>\nISBN 9789179033361<\/p>\n<p>Rotv\u00e4lta \u00e4r ett kullfallet tr\u00e4d d\u00e4r en stor del av tr\u00e4dets rotsystem med jord och stenar vr\u00e4kts upp av fallet. N\u00e4r s\u00e5dant h\u00e4nder kommer mycket upp i ljuset. Det \u00e4r symboliskt sett en vanlig utg\u00e5ngspunkt i m\u00e5nga deckare. N\u00e5got h\u00e4nder som f\u00f6r\u00e4ndrar mycket och d\u00e5 kommer en massa annat fram som varit dolt. Ett vanligt grepp i deckarhistorier som Tove Alsterdal f\u00f6rvaltar v\u00e4l. Rotv\u00e4lta uts\u00e5gs till 2020 \u00e5rs b\u00e4sta svenska kriminalroman av Svenska Deckarakademin och \u00e4r nominerad till Bonniers f\u00f6rlags omr\u00f6stning \u00c5rets bok.<\/p>\n<p>En bra kriminalroman ska b\u00e5de vara sp\u00e4nnande, v\u00e4lskriven och ber\u00e4tta n\u00e5got om samh\u00e4llet, livet och m\u00e4nniskor. Allt detta fungerar mycket bra i Rotv\u00e4lta. Tove Alsterdal har ett underbart spr\u00e5k, n\u00e4stan v\u00e4l litter\u00e4rt f\u00f6r deckare. Undrar om hon ocks\u00e5 skriver poesi? F\u00f6r mig \u00e4r det viktigt att deckare jag l\u00e4ser har en sp\u00e4nnande spr\u00e5k. Om spr\u00e5ket bara \u00e4r rafflande ber\u00e4ttande kan jag hellre se ber\u00e4ttelsen gestaltad i en tv-serie. Undrar om denna blir film eller tv-serie s\u00e5 sm\u00e5ningom? Det g\u00e4ller att det blir en regiss\u00f6r och fotograf som kan f\u00e5nga det underbara spr\u00e5ket i boken ocks\u00e5.<\/p>\n<p>Handlingen i denna deckare kretsar kring den kvinnliga polisen Eira Sj\u00f6din som bor och arbetar i Kramfors och \u00c5dalen, i det norrl\u00e4ndska skogslandet vid \u00c5ngerman\u00e4lvens strand. Eira har utbildat sig till polis i Stockholm men valde att \u00e5terv\u00e4nda f\u00f6r att ta hand om sin mamma som b\u00f6rjar bli dement. Hon har en bror med stora missbruksproblem ocks\u00e5. Eira \u00e4r liksom alla karakt\u00e4rer skildrade trov\u00e4rdiga, det \u00e4r m\u00f6jliga att tro p\u00e5, de \u00e4r som m\u00e4nniskor \u00e4r.<\/p>\n<p>Ber\u00e4ttelsens andra karakt\u00e4r \u00e4r Olof som var fjorton \u00e5r n\u00e4r han erk\u00e4nda mordet p\u00e5 en ton\u00e5rsflicka. Olof var f\u00f6r ung f\u00f6r att d\u00f6mas till f\u00e4ngelse men togs om hand av myndigheter och hans f\u00f6r\u00e4ldrar v\u00e4nde honom ryggen och sade upp bekantskapen. Handlingen utspelas sig tjugotre \u00e5r senare. Av en slump har Olof v\u00e4ggarna f\u00f6rbi barndomens bygd och han best\u00e4mmer sig f\u00f6r att titta in till sin pappa. Han hittar sig pappa m\u00f6rdad i duschen. Givetvis misst\u00e4nker s\u00e5v\u00e4l poliserna som hela bygden att Olof \u00e4r m\u00f6rdaren.<\/p>\n<p>N\u00e4r Olof visar sig ha ett s\u00e4kert alibi f\u00f6r tiden f\u00f6r mordet m\u00e5ste polisen sl\u00e4ppa honom. Men bygden tror inte att han \u00e4r oskyldig.<\/p>\n<p>Det \u00e4r en skr\u00e4mmande skildring av hur m\u00e4nniskor kan agera. En skildring d\u00e4r vi k\u00e4nner igen mycket fr\u00e5n v\u00e5r tid och v\u00e5rt samh\u00e4lle.<\/p>\n<p>F\u00f6r Eira blir det en resa tillbaka i sitt eget f\u00f6rflutna. Hon var nio \u00e5r n\u00e4r Olof greps f\u00f6r mordet p\u00e5 Lina. Att gr\u00e4va i sitt f\u00f6rflutna och se nya sidor av sina n\u00e4rmaste blir en stor utmaning.<\/p>\n<p>F\u00f6r mig har denna kriminalroman allt det jag vill hitta hos en deckare. N\u00e4r jag v\u00e4l hade b\u00f6rjat l\u00e4sa kunde jag inte slita mig utan m\u00e5ste l\u00e4sa, l\u00e4sa, l\u00e4sa.<\/p>\n<p>Lite bakgrundsfakta:<br \/>\nTOVE ALSTERDAL \u00e4r en av Sveriges fr\u00e4msta sp\u00e4nningsf\u00f6rfattare. Hennes b\u00f6cker \u00e4r prisbel\u00f6nta i flera l\u00e4nder och ges ut p\u00e5 tjugofem spr\u00e5k.<br \/>\nRotv\u00e4lta \u00e4r den f\u00f6rsta boken i en ny serie som utspelar sig i \u00c5dalen, i det norrl\u00e4ndska skogslandet vid \u00c5ngerman\u00e4lvens strand.<\/p>\n","protected":false},"excerpt":{"rendered":"<p>Rotv\u00e4lta F\u00f6rfattare Tove Alsterdal Antal sidor 398 Utgivningsdatum 2020-10-13 F\u00f6rlag Lind &amp; Co ISBN 9789179033361 Rotv\u00e4lta \u00e4r ett kullfallet tr\u00e4d d\u00e4r en stor del av tr\u00e4dets rotsystem med jord och stenar vr\u00e4kts upp av fallet. N\u00e4r s\u00e5dant h\u00e4nder kommer mycket upp i ljuset. Det \u00e4r symboliskt sett en vanlig utg\u00e5ngspunkt i m\u00e5nga deckare. N\u00e5got h\u00e4nder [&hellip;]<\/p>\n","protected":false},"author":2,"featured_media":0,"comment_status":"closed","ping_status":"closed","sticky":false,"template":"","format":"standard","meta":{"_genesis_hide_title":false,"_genesis_hide_breadcrumbs":false,"_genesis_hide_singular_image":false,"_genesis_hide_footer_widgets":false,"_genesis_custom_body_class":"","_genesis_custom_post_class":"","_genesis_layout":"","footnotes":""},"categories":[43,16,13624],"tags":[],"class_list":{"0":"post-140687","1":"post","2":"type-post","3":"status-publish","4":"format-standard","6":"category-bokrecension","7":"category-recension","8":"category-toppnytt","9":"entry"},"_links":{"self":[{"href":"https:\/\/kulturbloggen.com\/index.php?rest_route=\/wp\/v2\/posts\/140687","targetHints":{"allow":["GET"]}}],"collection":[{"href":"https:\/\/kulturbloggen.com\/index.php?rest_route=\/wp\/v2\/posts"}],"about":[{"href":"https:\/\/kulturbloggen.com\/index.php?rest_route=\/wp\/v2\/types\/post"}],"author":[{"embeddable":true,"href":"https:\/\/kulturbloggen.com\/index.php?rest_route=\/wp\/v2\/users\/2"}],"replies":[{"embeddable":true,"href":"https:\/\/kulturbloggen.com\/index.php?rest_route=%2Fwp%2Fv2%2Fcomments&post=140687"}],"version-history":[{"count":15,"href":"https:\/\/kulturbloggen.com\/index.php?rest_route=\/wp\/v2\/posts\/140687\/revisions"}],"predecessor-version":[{"id":140703,"href":"https:\/\/kulturbloggen.com\/index.php?rest_route=\/wp\/v2\/posts\/140687\/revisions\/140703"}],"wp:attachment":[{"href":"https:\/\/kulturbloggen.com\/index.php?rest_route=%2Fwp%2Fv2%2Fmedia&parent=140687"}],"wp:term":[{"taxonomy":"category","embeddable":true,"href":"https:\/\/kulturbloggen.com\/index.php?rest_route=%2Fwp%2Fv2%2Fcategories&post=140687"},{"taxonomy":"post_tag","embeddable":true,"href":"https:\/\/kulturbloggen.com\/index.php?rest_route=%2Fwp%2Fv2%2Ftags&post=140687"}],"curies":[{"name":"wp","href":"https:\/\/api.w.org\/{rel}","templated":true}]}}