{"id":140347,"date":"2021-04-22T09:18:49","date_gmt":"2021-04-22T07:18:49","guid":{"rendered":"https:\/\/kulturbloggen.com\/?p=140347"},"modified":"2021-04-22T09:18:50","modified_gmt":"2021-04-22T07:18:50","slug":"20tal-bjuder-in-till-digital-kulturnatt","status":"publish","type":"post","link":"https:\/\/kulturbloggen.com\/?p=140347","title":{"rendered":"20TAL bjuder in till digital kulturnatt"},"content":{"rendered":"<p><img loading=\"lazy\" decoding=\"async\" class=\"aligncenter size-full wp-image-140355\" src=\"https:\/\/kulturbloggen.com\/wp-content\/uploads\/2021\/04\/unnamed-4-1.jpg\" alt=\"\" width=\"650\" height=\"380\" srcset=\"https:\/\/kulturbloggen.com\/wp-content\/uploads\/2021\/04\/unnamed-4-1.jpg 650w, https:\/\/kulturbloggen.com\/wp-content\/uploads\/2021\/04\/unnamed-4-1-300x175.jpg 300w\" sizes=\"auto, (max-width: 650px) 100vw, 650px\" \/><\/p>\n<p>20TAL bjuder in till Kulturnatt Stockholm l\u00f6rdag 24 april kl. 18.<\/p>\n<p>I ett pressmail ber\u00e4ttar arrang\u00f6rerna:<br \/>\nDet \u00e4r en h\u00f6jdare f\u00f6r oss p\u00e5 20TAL att f\u00e5 \u00f6ppna d\u00f6rrarna till redaktionen och m\u00f6ta kultursugna kv\u00e4llsvandrare som befinner sig i Stockholm denna kv\u00e4ll, och som valt att sv\u00e4nga f\u00f6rbi oss p\u00e5 kaffe, bulle, poesi och en pratstund! I \u00e5r \u00e4ger alla program rum p\u00e5 n\u00e4tet. Det g\u00f6r att m\u00e5nga fler f\u00e5r chansen att titta in \u00e4n de mellan tv\u00e5- och trehundra som brukar komma. Ta chansen att se hur det ser ut p\u00e5 plats d\u00e4r vi producerar tidskriften, b\u00f6ckerna och alla evenemangen \u2013 Stockholms Internationella Poesifestival, AKT UNG!, Klubb 20TAL, Poesifabriken med mera! K\u00e4nn de 41-\u00e5riga historiska vibbarna! Andan fr\u00e5n alla f\u00f6rfattare som l\u00e4mnat sina manus eller h\u00e4lsat p\u00e5.<br \/>\nNu p\u00e5 l\u00f6rdag kl. 18 \u00e4r det premi\u00e4r f\u00f6r Kulturnatt Stockholm och vi \u00e4r oerh\u00f6rt glada \u00f6ver att f\u00e5 vara med. Vi har f\u00f6rberett ett videoevenemang s\u00e5 att du p\u00e5 valfri sk\u00e4rm kan bes\u00f6ka 20TALs kulturnatt!<br \/>\nVi v\u00e4lkomnar dig till 20TAL:s mysiga redaktion, d\u00e4r du f\u00e5r stiga in i v\u00e5ra redaktionsrum: Karin Boye-gemaket, Gunnar Ekel\u00f6fs krypin, Werner Aspenstr\u00f6m-rummet , Edith S\u00f6dergran-kammaren och Bruno K. \u00d6ijers salong. I varje rum v\u00e4ntar en poet fr\u00e5n olika decennier i tidskriftens historia. Nina Burton, Aase Berg, Helena Boberg och Jon Ely Xiuming Aagaard Gao framf\u00f6r sina dikter f\u00f6r dig d\u00e4r du \u00e4r.<br \/>\nVideon hittar du p\u00e5 v\u00e5r hemsida, facebook och instagram, samt p\u00e5 Kulturnatt Stockholm Play. Du hittar oss ocks\u00e5 i Kulturnattens f\u00e4rdiga rutt \u201dKulturnatten i badkaret\u201d.<\/p>\n","protected":false},"excerpt":{"rendered":"<p>20TAL bjuder in till Kulturnatt Stockholm l\u00f6rdag 24 april kl. 18. I ett pressmail ber\u00e4ttar arrang\u00f6rerna: Det \u00e4r en h\u00f6jdare f\u00f6r oss p\u00e5 20TAL att f\u00e5 \u00f6ppna d\u00f6rrarna till redaktionen och m\u00f6ta kultursugna kv\u00e4llsvandrare som befinner sig i Stockholm denna kv\u00e4ll, och som valt att sv\u00e4nga f\u00f6rbi oss p\u00e5 kaffe, bulle, poesi och en pratstund! [&hellip;]<\/p>\n","protected":false},"author":13,"featured_media":0,"comment_status":"closed","ping_status":"closed","sticky":false,"template":"","format":"standard","meta":{"_genesis_hide_title":false,"_genesis_hide_breadcrumbs":false,"_genesis_hide_singular_image":false,"_genesis_hide_footer_widgets":false,"_genesis_custom_body_class":"","_genesis_custom_post_class":"","_genesis_layout":"","footnotes":""},"categories":[62,3,13624],"tags":[],"class_list":{"0":"post-140347","1":"post","2":"type-post","3":"status-publish","4":"format-standard","6":"category-medie-och-kulturpolitik","7":"category-litteratur","8":"category-toppnytt","9":"entry"},"_links":{"self":[{"href":"https:\/\/kulturbloggen.com\/index.php?rest_route=\/wp\/v2\/posts\/140347","targetHints":{"allow":["GET"]}}],"collection":[{"href":"https:\/\/kulturbloggen.com\/index.php?rest_route=\/wp\/v2\/posts"}],"about":[{"href":"https:\/\/kulturbloggen.com\/index.php?rest_route=\/wp\/v2\/types\/post"}],"author":[{"embeddable":true,"href":"https:\/\/kulturbloggen.com\/index.php?rest_route=\/wp\/v2\/users\/13"}],"replies":[{"embeddable":true,"href":"https:\/\/kulturbloggen.com\/index.php?rest_route=%2Fwp%2Fv2%2Fcomments&post=140347"}],"version-history":[{"count":6,"href":"https:\/\/kulturbloggen.com\/index.php?rest_route=\/wp\/v2\/posts\/140347\/revisions"}],"predecessor-version":[{"id":140356,"href":"https:\/\/kulturbloggen.com\/index.php?rest_route=\/wp\/v2\/posts\/140347\/revisions\/140356"}],"wp:attachment":[{"href":"https:\/\/kulturbloggen.com\/index.php?rest_route=%2Fwp%2Fv2%2Fmedia&parent=140347"}],"wp:term":[{"taxonomy":"category","embeddable":true,"href":"https:\/\/kulturbloggen.com\/index.php?rest_route=%2Fwp%2Fv2%2Fcategories&post=140347"},{"taxonomy":"post_tag","embeddable":true,"href":"https:\/\/kulturbloggen.com\/index.php?rest_route=%2Fwp%2Fv2%2Ftags&post=140347"}],"curies":[{"name":"wp","href":"https:\/\/api.w.org\/{rel}","templated":true}]}}