{"id":140333,"date":"2021-04-21T20:27:03","date_gmt":"2021-04-21T18:27:03","guid":{"rendered":"https:\/\/kulturbloggen.com\/?p=140333"},"modified":"2021-04-21T20:27:04","modified_gmt":"2021-04-21T18:27:04","slug":"stefan-sundstrom-slapper-nytt-album-30-april","status":"publish","type":"post","link":"https:\/\/kulturbloggen.com\/?p=140333","title":{"rendered":"Stefan Sundstr\u00f6m sl\u00e4pper nytt album 30 april"},"content":{"rendered":"<p><img loading=\"lazy\" decoding=\"async\" class=\"aligncenter size-full wp-image-140338\" src=\"https:\/\/kulturbloggen.com\/wp-content\/uploads\/2021\/04\/image001-2.jpg\" alt=\"\" width=\"580\" height=\"514\" srcset=\"https:\/\/kulturbloggen.com\/wp-content\/uploads\/2021\/04\/image001-2.jpg 580w, https:\/\/kulturbloggen.com\/wp-content\/uploads\/2021\/04\/image001-2-300x266.jpg 300w\" sizes=\"auto, (max-width: 580px) 100vw, 580px\" \/><\/p>\n<p>Stefan Sundstr\u00f6m nytt album, \u00d6STAN V\u00c4STAN OM STRESS OCH PRESS, 30 april.<br \/>\nI ett pressmail ber\u00e4ttar han om albumet:<br \/>\nen h\u00e4r plattan \u00e4r ett f\u00f6rs\u00f6k att ta tillbaka punken fr\u00e5n Donald Trump.<br \/>\nN\u00e4r jag var ung gjorde vi trevlig punk. Inte som nu, en punk som pekar ner p\u00e5 folk och kallar dom folkets fiende.<br \/>\nDom nya skitrika skaml\u00f6sa punkarna som inte l\u00e4ngre sk\u00e4ms f\u00f6r sin groteska rikedom, som hyllar principen om att slicka upp\u00e5t och sparka ner\u00e5t.<br \/>\nDen Svarta Pedagogiken.<br \/>\nVi f\u00f6rs\u00f6ker v\u00e4nda p\u00e5 steken p\u00e5 den h\u00e4r skivan, vi dr\u00f6mmer utopiska dr\u00f6mmar om att kunna ligga p\u00e5 en myr i Nord-Norge och inte beh\u00f6va knega s\u00e5 j\u00e4vla mycket, eftersom vi uppfunnit maskiner som g\u00f6r jobbet \u00e5t oss.<br \/>\nVi \u00e4r samma g\u00e4ng som gjorde den dystra plattan Domedagspredikan, h\u00e4r \u00e4r dom glada l\u00e5tarna. Vi heter Bo Kashis Orkester och \u00e4r skitbra.<br \/>\nJag har tvingat hela bandet att l\u00e4sa yippen Jerry Rubins bok \u201dSnacka inte bara\u201d. Det pr\u00e4glar hela plattan, det \u00e4r Direkt Aktion.<br \/>\nI sommar ska jag och Martin Emten\u00e4s ut och g\u00f6ra filmer om folk som inte bara snackar utan g\u00f6r n\u00e5t.<br \/>\nD\u00e5 ska ni f\u00e5 se p\u00e5 fan.<br \/>\nUnder tiden f\u00e5r ni lyssna p\u00e5 denna platta, lyssna till exempel p\u00e5 Lina Langendorfs saxofon i sista l\u00e5ten, jag gr\u00e4t fast det \u00e4r en glad platta\u201d.<\/p>\n<p>Kolla in videon till l\u00e5ten Influenser Flunsa som \u00e4r h\u00e4mtad fr\u00e5n albumet och inneh\u00e5ller ett g\u00e4ng prominenta g\u00e4ster som Jonas \u00c5kerlund, Pernilla Andersson, Dregen m.fl.<\/p>\n<p><iframe loading=\"lazy\" title=\"YouTube video player\" src=\"https:\/\/www.youtube.com\/embed\/yCZa3ldOhUw\" width=\"560\" height=\"315\" frameborder=\"0\" allowfullscreen=\"allowfullscreen\"><\/iframe><\/p>\n","protected":false},"excerpt":{"rendered":"<p>Stefan Sundstr\u00f6m nytt album, \u00d6STAN V\u00c4STAN OM STRESS OCH PRESS, 30 april. I ett pressmail ber\u00e4ttar han om albumet: en h\u00e4r plattan \u00e4r ett f\u00f6rs\u00f6k att ta tillbaka punken fr\u00e5n Donald Trump. N\u00e4r jag var ung gjorde vi trevlig punk. Inte som nu, en punk som pekar ner p\u00e5 folk och kallar dom folkets fiende. [&hellip;]<\/p>\n","protected":false},"author":13,"featured_media":0,"comment_status":"closed","ping_status":"closed","sticky":false,"template":"","format":"standard","meta":{"_genesis_hide_title":false,"_genesis_hide_breadcrumbs":false,"_genesis_hide_singular_image":false,"_genesis_hide_footer_widgets":false,"_genesis_custom_body_class":"","_genesis_custom_post_class":"","_genesis_layout":"","footnotes":""},"categories":[7,13624],"tags":[],"class_list":{"0":"post-140333","1":"post","2":"type-post","3":"status-publish","4":"format-standard","6":"category-musik","7":"category-toppnytt","8":"entry"},"_links":{"self":[{"href":"https:\/\/kulturbloggen.com\/index.php?rest_route=\/wp\/v2\/posts\/140333","targetHints":{"allow":["GET"]}}],"collection":[{"href":"https:\/\/kulturbloggen.com\/index.php?rest_route=\/wp\/v2\/posts"}],"about":[{"href":"https:\/\/kulturbloggen.com\/index.php?rest_route=\/wp\/v2\/types\/post"}],"author":[{"embeddable":true,"href":"https:\/\/kulturbloggen.com\/index.php?rest_route=\/wp\/v2\/users\/13"}],"replies":[{"embeddable":true,"href":"https:\/\/kulturbloggen.com\/index.php?rest_route=%2Fwp%2Fv2%2Fcomments&post=140333"}],"version-history":[{"count":5,"href":"https:\/\/kulturbloggen.com\/index.php?rest_route=\/wp\/v2\/posts\/140333\/revisions"}],"predecessor-version":[{"id":140339,"href":"https:\/\/kulturbloggen.com\/index.php?rest_route=\/wp\/v2\/posts\/140333\/revisions\/140339"}],"wp:attachment":[{"href":"https:\/\/kulturbloggen.com\/index.php?rest_route=%2Fwp%2Fv2%2Fmedia&parent=140333"}],"wp:term":[{"taxonomy":"category","embeddable":true,"href":"https:\/\/kulturbloggen.com\/index.php?rest_route=%2Fwp%2Fv2%2Fcategories&post=140333"},{"taxonomy":"post_tag","embeddable":true,"href":"https:\/\/kulturbloggen.com\/index.php?rest_route=%2Fwp%2Fv2%2Ftags&post=140333"}],"curies":[{"name":"wp","href":"https:\/\/api.w.org\/{rel}","templated":true}]}}