{"id":140297,"date":"2021-04-19T15:19:39","date_gmt":"2021-04-19T13:19:39","guid":{"rendered":"https:\/\/kulturbloggen.com\/?p=140297"},"modified":"2021-04-19T15:19:40","modified_gmt":"2021-04-19T13:19:40","slug":"festivalen-ethnofest-blir-digital","status":"publish","type":"post","link":"https:\/\/kulturbloggen.com\/?p=140297","title":{"rendered":"Festivalen EthnoFest blir digital"},"content":{"rendered":"<p>Festivalen EthnoFest blir digital. Ett pressmeddelande ber\u00e4ttar:<br \/>\n2020 fyllde det i Sverige grundade v\u00e4rldsmusikl\u00e4gret Ethno 30 \u00e5r. Detta skulle firas med en stor, internationella festival i R\u00e4ttvik, vilken p\u00e5 grund av pandemin sk\u00f6ts upp ett \u00e5r. Nu s\u00e4tter den p\u00e5g\u00e5ende pandemin k\u00e4ppar i hjulet \u00e4ven i \u00e5r.  EthnoFest, som skulle \u00e4gt rum i R\u00e4ttvik i juli, st\u00e4lls in och blir i st\u00e4llet en digital festival som kommer att streamas i h\u00f6s<\/p>\n","protected":false},"excerpt":{"rendered":"<p>Festivalen EthnoFest blir digital. Ett pressmeddelande ber\u00e4ttar: 2020 fyllde det i Sverige grundade v\u00e4rldsmusikl\u00e4gret Ethno 30 \u00e5r. Detta skulle firas med en stor, internationella festival i R\u00e4ttvik, vilken p\u00e5 grund av pandemin sk\u00f6ts upp ett \u00e5r. Nu s\u00e4tter den p\u00e5g\u00e5ende pandemin k\u00e4ppar i hjulet \u00e4ven i \u00e5r. EthnoFest, som skulle \u00e4gt rum i R\u00e4ttvik i [&hellip;]<\/p>\n","protected":false},"author":13,"featured_media":0,"comment_status":"closed","ping_status":"closed","sticky":false,"template":"","format":"standard","meta":{"_genesis_hide_title":false,"_genesis_hide_breadcrumbs":false,"_genesis_hide_singular_image":false,"_genesis_hide_footer_widgets":false,"_genesis_custom_body_class":"","_genesis_custom_post_class":"","_genesis_layout":"","footnotes":""},"categories":[7],"tags":[],"class_list":{"0":"post-140297","1":"post","2":"type-post","3":"status-publish","4":"format-standard","6":"category-musik","7":"entry"},"_links":{"self":[{"href":"https:\/\/kulturbloggen.com\/index.php?rest_route=\/wp\/v2\/posts\/140297","targetHints":{"allow":["GET"]}}],"collection":[{"href":"https:\/\/kulturbloggen.com\/index.php?rest_route=\/wp\/v2\/posts"}],"about":[{"href":"https:\/\/kulturbloggen.com\/index.php?rest_route=\/wp\/v2\/types\/post"}],"author":[{"embeddable":true,"href":"https:\/\/kulturbloggen.com\/index.php?rest_route=\/wp\/v2\/users\/13"}],"replies":[{"embeddable":true,"href":"https:\/\/kulturbloggen.com\/index.php?rest_route=%2Fwp%2Fv2%2Fcomments&post=140297"}],"version-history":[{"count":2,"href":"https:\/\/kulturbloggen.com\/index.php?rest_route=\/wp\/v2\/posts\/140297\/revisions"}],"predecessor-version":[{"id":140299,"href":"https:\/\/kulturbloggen.com\/index.php?rest_route=\/wp\/v2\/posts\/140297\/revisions\/140299"}],"wp:attachment":[{"href":"https:\/\/kulturbloggen.com\/index.php?rest_route=%2Fwp%2Fv2%2Fmedia&parent=140297"}],"wp:term":[{"taxonomy":"category","embeddable":true,"href":"https:\/\/kulturbloggen.com\/index.php?rest_route=%2Fwp%2Fv2%2Fcategories&post=140297"},{"taxonomy":"post_tag","embeddable":true,"href":"https:\/\/kulturbloggen.com\/index.php?rest_route=%2Fwp%2Fv2%2Ftags&post=140297"}],"curies":[{"name":"wp","href":"https:\/\/api.w.org\/{rel}","templated":true}]}}