{"id":140083,"date":"2021-04-01T10:25:43","date_gmt":"2021-04-01T08:25:43","guid":{"rendered":"https:\/\/kulturbloggen.com\/?p=140083"},"modified":"2021-04-01T10:25:43","modified_gmt":"2021-04-01T08:25:43","slug":"kulturen-far-128-miljarder-kronor-for-kris-och-stimulansstod-2021","status":"publish","type":"post","link":"https:\/\/kulturbloggen.com\/?p=140083","title":{"rendered":"Kulturen f\u00e5r 1,28 miljarder kronor f\u00f6r kris- och stimulansst\u00f6d 2021"},"content":{"rendered":"<p><img loading=\"lazy\" decoding=\"async\" class=\"aligncenter size-full wp-image-140089\" src=\"https:\/\/kulturbloggen.com\/wp-content\/uploads\/2021\/04\/money-2180330_1920.jpg\" alt=\"\" width=\"650\" height=\"433\" srcset=\"https:\/\/kulturbloggen.com\/wp-content\/uploads\/2021\/04\/money-2180330_1920.jpg 650w, https:\/\/kulturbloggen.com\/wp-content\/uploads\/2021\/04\/money-2180330_1920-300x200.jpg 300w\" sizes=\"auto, (max-width: 650px) 100vw, 650px\" \/><\/p>\n<p>Regeringen f\u00f6resl\u00e5r att kulturomr\u00e5det tillf\u00f6rs ytterligare 1,28 miljarder kronor f\u00f6r kris- och stimulansst\u00f6d 2021 f\u00f6r att mildra de ekonomiska konsekvenserna av spridningen av covid-19 och f\u00f6r att underl\u00e4tta en \u00e5terstart av verksamheten n\u00e4r l\u00e4get s\u00e5 till\u00e5ter. Regeringen f\u00f6resl\u00e5r \u00e4ven ett krisst\u00f6d p\u00e5 124,6 miljoner kronor f\u00f6r att mildra de negativa ekonomiska konsekvenserna pga. kraftigt minskade int\u00e4kter till f\u00f6ljd av spridningen av covid-19 till ett antal statlig finansierade kulturinstitutioner. F\u00f6rslagen bygger p\u00e5 en \u00f6verenskommelse mellan regeringspartierna, Centerpartiet och Liberalerna, skriver ett pressmeddelande fr\u00e5n regeringskansliet.<\/p>\n<p>Jag hoppas att detta inte \u00e4r ett aprilsk\u00e4mt. F\u00f6r att kulturen drabbats h\u00e5rt av restriktionerna kring pandemin av covid-19 \u00e4r ett faktum. Ett obestridligt och i princip obegripligt faktum. Hur det kan vara riskfritt att \u00e5ka till skidorter och festa under sportlov samtidigt som det inte f\u00e5 g\u00e5 fler \u00e4n \u00e5tta personer p\u00e5 en ishockeymatch i en arena f\u00f6r tiotusentals personer \u00e4r ologiskt.<br \/>\nDet finns massor av teatersalonger och filmsalonger som skulle kunna ta emot fler \u00e4n \u00e5tta personer och \u00e4nd\u00e5 ha s\u00e4kerhet och avst\u00e5nd. Nej att covid-19 skulle smitta mer i en teatersalong eller i en konserthall som Globen \u00e4n tr\u00e4ngsel i butiker, det k\u00f6per jag inte.<\/p>\n<p>Fr\u00e5gan \u00e4r om restriktionerna visar p\u00e5 okunskap om hur viktig kulturen \u00e4r och om det ocks\u00e5 visar att det \u00e4r de kommersiella krafterna som styr regering och myndigheter som Folkh\u00e4lsomyndigheten.<\/p>\n<p>Nu kom i alla fall ett positivt p\u00e5skbudskap fr\u00e5n regeringen. Det hj\u00e4lper givetvis inte alla, f\u00f6r reglerna f\u00f6r att f\u00e5 st\u00f6d t\u00e4cker inte alla former av kulturarbete. Men ett positivt besked \u00e4r det \u00e4nd\u00e5.<\/p>\n<p>Pressmeddelandet fr\u00e5n regeringskansliet:<br \/>\nEn f\u00f6ruts\u00e4ttning f\u00f6r att det ska finnas ett kulturliv i hela landet \u00e4r att det finns livskraftiga akt\u00f6rer som har m\u00f6jlighet att skapa konst och planera f\u00f6rest\u00e4llningar, konserter, utst\u00e4llningar och andra kulturevenemang. De restriktioner och allm\u00e4nna r\u00e5d som inf\u00f6rts med anledning av covid-19 har medf\u00f6rt negativa ekonomiska konsekvenser f\u00f6r kultursektorn.<\/p>\n<p>Regeringen vill d\u00e4rf\u00f6r dels f\u00f6rl\u00e4nga det krisst\u00f6d som f\u00f6rdelas till allm\u00e4n kulturverksamhet, konstn\u00e4rer och andra akt\u00f6rer inom kulturomr\u00e5det som drabbats h\u00e5rt, dels tilldela medel f\u00f6r akt\u00f6rerna att starta upp sin verksamhet igen p\u00e5 ett smitts\u00e4kert s\u00e4tt n\u00e4r situationen s\u00e5 medger. St\u00f6d kommer \u00e4ven att f\u00f6rdelas genom den s\u00e5 kallade kultursamverkansmodellen till kulturverksamheter i hela landet.<\/p>\n<p>Sammantaget f\u00f6resl\u00e5s kulturomr\u00e5det tilldelas ytterligare 1,28 miljarder kronor f\u00f6r kris- och stimulansst\u00f6d 2021.<\/p>\n<p>Huvuddelen av krisst\u00f6den kommer att f\u00f6rdelas av Statens kulturr\u00e5d som \u00e4ven kommer att f\u00f6rdela st\u00f6d med syfte att m\u00f6jligg\u00f6ra f\u00f6r akt\u00f6rerna att starta upp sin verksamhet igen. \u00d6vriga bidragsf\u00f6rdelande akt\u00f6rer \u00e4r Konstn\u00e4rsn\u00e4mnden, Svenska Filminstitutet, F\u00f6rfattarfonden och Sametinget. Regeringen och de st\u00f6dgivande institutionerna \u00e5terkommer med vidare information om detaljerna i st\u00f6dens utformning.<\/p>\n<p>Detta f\u00f6rslag inneb\u00e4r att regeringen i samarbete med Centerpartiet och Liberalerna har f\u00f6reslagit sammanlagt 2,78 miljarder kronor i kris- och stimulansst\u00f6d till det fria kulturlivet under 2021.<\/p>\n<p>Dessa st\u00f6d \u00e4r en f\u00f6ruts\u00e4ttning f\u00f6r att m\u00f6jligg\u00f6ra produktion inf\u00f6r en \u00e5terstart. Dessutom presenterar regeringen ett st\u00f6d till arrang\u00f6rer av evenemang som planeras genomf\u00f6ras under perioden juli\u2013december 2021 men som inte kan genomf\u00f6ras eller m\u00e5ste begr\u00e4nsas i stor utstr\u00e4ckning till f\u00f6ljd av restriktioner med anledning av spridningen av covid-19.<\/p>\n<p>Regeringen f\u00f6resl\u00e5r \u00e4ven ett krisst\u00f6d p\u00e5 124,6 miljoner kronor f\u00f6r att mildra de negativa ekonomiska konsekvenserna pga. kraftigt minskade int\u00e4kter till f\u00f6ljd av spridningen av covid-19 till ett antal statlig finansierade kulturinstitutioner.<\/p>\n<p>Spridningen av covid-19 och de restriktioner och allm\u00e4nna r\u00e5d som inf\u00f6rts med anledning av sjukdomen medf\u00f6r stora ekonomiska konsekvenser f\u00f6r kulturlivet. Museer och teatrar har beh\u00f6vt och beh\u00f6ver i m\u00e5nga fall fortsatt h\u00e5llas st\u00e4ngda och har d\u00e4rmed sv\u00e5rt att uppfylla sina samh\u00e4llsnyttiga funktioner med att fr\u00e4mja kulturupplevelser, kunskap och fri \u00e5siktsbildning.<\/p>\n<p>Statligt finansierade kulturinstitutioner \u00e4r i varierande omfattning beroende av avgiftsint\u00e4kter. Trots omfattande besparings\u00e5tg\u00e4rder och tidigare erh\u00e5llna statliga krisst\u00f6d har r\u00e5dande situation lett till att vissa av dessa verksamheter befinner sig i ett mycket sv\u00e5rt ekonomiskt l\u00e4ge med akuta likviditetsproblem under v\u00e5ren och sommaren.<\/p>\n<p>D\u00e4rf\u00f6r f\u00f6resl\u00e5r regeringen att staten ekonomiskt st\u00f6ttar vissa av dessa kulturinstitutioner s\u00e5 att de kan \u00f6verleva krisen och finnas kvar den dag \u00f6ppeth\u00e5llande \u00e5ter blir m\u00f6jligt.<\/p>\n<p>Verksamheter som ber\u00f6rs: Vasamuseet, som \u00e4r en del av myndigheten Statens maritima och transporthistoriska museer, Stiftelsen Skansen, Stiftelsen Tekniska museet, Stiftelsen Nordiska museet, Stiftelsen Prins Eugens Waldemarsudde, Stiftelsen Dansmuseifonden f\u00f6r Dansmuseet, Nobelprismuseet, Stiftelsen Drottningholms slottsteater, Unga Klara och Voksen\u00e5sen AS.<\/p>\n<p>Regeringen avser att \u00f6verl\u00e4mna dessa f\u00f6rslag i en kommande \u00e4ndringsbudget till riksdagen.<\/p>\n","protected":false},"excerpt":{"rendered":"<p>Regeringen f\u00f6resl\u00e5r att kulturomr\u00e5det tillf\u00f6rs ytterligare 1,28 miljarder kronor f\u00f6r kris- och stimulansst\u00f6d 2021 f\u00f6r att mildra de ekonomiska konsekvenserna av spridningen av covid-19 och f\u00f6r att underl\u00e4tta en \u00e5terstart av verksamheten n\u00e4r l\u00e4get s\u00e5 till\u00e5ter. Regeringen f\u00f6resl\u00e5r \u00e4ven ett krisst\u00f6d p\u00e5 124,6 miljoner kronor f\u00f6r att mildra de negativa ekonomiska konsekvenserna pga. kraftigt minskade [&hellip;]<\/p>\n","protected":false},"author":2,"featured_media":0,"comment_status":"closed","ping_status":"closed","sticky":false,"template":"","format":"standard","meta":{"_genesis_hide_title":false,"_genesis_hide_breadcrumbs":false,"_genesis_hide_singular_image":false,"_genesis_hide_footer_widgets":false,"_genesis_custom_body_class":"","_genesis_custom_post_class":"","_genesis_layout":"","footnotes":""},"categories":[62,13624],"tags":[],"class_list":{"0":"post-140083","1":"post","2":"type-post","3":"status-publish","4":"format-standard","6":"category-medie-och-kulturpolitik","7":"category-toppnytt","8":"entry"},"_links":{"self":[{"href":"https:\/\/kulturbloggen.com\/index.php?rest_route=\/wp\/v2\/posts\/140083","targetHints":{"allow":["GET"]}}],"collection":[{"href":"https:\/\/kulturbloggen.com\/index.php?rest_route=\/wp\/v2\/posts"}],"about":[{"href":"https:\/\/kulturbloggen.com\/index.php?rest_route=\/wp\/v2\/types\/post"}],"author":[{"embeddable":true,"href":"https:\/\/kulturbloggen.com\/index.php?rest_route=\/wp\/v2\/users\/2"}],"replies":[{"embeddable":true,"href":"https:\/\/kulturbloggen.com\/index.php?rest_route=%2Fwp%2Fv2%2Fcomments&post=140083"}],"version-history":[{"count":4,"href":"https:\/\/kulturbloggen.com\/index.php?rest_route=\/wp\/v2\/posts\/140083\/revisions"}],"predecessor-version":[{"id":140090,"href":"https:\/\/kulturbloggen.com\/index.php?rest_route=\/wp\/v2\/posts\/140083\/revisions\/140090"}],"wp:attachment":[{"href":"https:\/\/kulturbloggen.com\/index.php?rest_route=%2Fwp%2Fv2%2Fmedia&parent=140083"}],"wp:term":[{"taxonomy":"category","embeddable":true,"href":"https:\/\/kulturbloggen.com\/index.php?rest_route=%2Fwp%2Fv2%2Fcategories&post=140083"},{"taxonomy":"post_tag","embeddable":true,"href":"https:\/\/kulturbloggen.com\/index.php?rest_route=%2Fwp%2Fv2%2Ftags&post=140083"}],"curies":[{"name":"wp","href":"https:\/\/api.w.org\/{rel}","templated":true}]}}