{"id":14008,"date":"2009-10-20T19:36:45","date_gmt":"2009-10-20T17:36:45","guid":{"rendered":"http:\/\/kulturbloggen.com\/?p=14008"},"modified":"2009-10-20T19:36:45","modified_gmt":"2009-10-20T17:36:45","slug":"20-arig-kvinna-ar-den-attonde-som-dott-i-svininfluensan-i-norge","status":"publish","type":"post","link":"https:\/\/kulturbloggen.com\/?p=14008","title":{"rendered":"20-\u00e5rig kvinna \u00e4r den \u00e5ttonde som d\u00f6tt i svininfluensan i Norge"},"content":{"rendered":"<p><img loading=\"lazy\" decoding=\"async\" src=\"http:\/\/sodergren.com\/kulturbloggen\/wp-content\/uploads\/2009\/09\/Svininfluensa.png\" alt=\"Svininfluensa\" title=\"Svininfluensa\" width=\"138\" height=\"138\" class=\"aligncenter size-full wp-image-12365\" \/><br \/>\nI Norge har den \u00e5ttonde personen nu d\u00f6tt i svininfluensan. Det var en unga kvinna som var 20 \u00e5r, <a href=\"http:\/\/www.vg.no\/helse\/svineinfluensa\/artikkel.php?artid=569395\">ber\u00e4ttar Verdens Gang<\/a>. Den unga kvinnan tillh\u00f6rde tydligen en riskgrupp.<\/p>\n<p>Svininfluensan och vaccinet \u00e4r en sv\u00e5r fr\u00e5ga.<br \/>\nHur farlig \u00e4r den? Det \u00e4r sv\u00e5rt att f\u00e5 riktiga siffror om det.<br \/>\nDe tv\u00e5 i Sverige som dog var b\u00e5da i riskgrupper.<br \/>\nDet \u00e4r givetvis en katastrof f\u00f6r alla som f\u00f6rlorar en anh\u00f6rig. Och viktigt att m\u00e4nniskor i riskgrupper skyddas.<\/p>\n<p>Men hur farligt \u00e4r vaccinet? Eller \u00e4r skr\u00e4cken f\u00f6r vaccinet att likna med den skr\u00e4ck f\u00f6r smittkoppsvaccinet som f\u00f6rekom p\u00e5 sin tid?<\/p>\n<p>Det verkar som om svininfluensan i Sverige f\u00f6r tillf\u00e4llet \u00e4r mest aggressiv i norra delen av landet. Och eftersom det som inte h\u00e4nder i Stockholm knappt h\u00e4nder, d\u00e5 rapporteras det inte s\u00e5 mycket om influensans attacker i norra Sverige.<br \/>\n<a href=\"http:\/\/www.dn.se\/nyheter\/sverige\/stort-utbrott-av-svininfluensa-pa-skola-1.978403\">Men en liten notis fanns i Dagens Nyheter, i alla fall<\/a>:<\/p>\n<blockquote><p>Det handlar om Bergs\u00e5ker skola i Sundsvall som nyligen deltog i samma innebandyturnering som den skola i Skellefte\u00e5 som senare drabbades h\u00e5rt, uppger SVT:s Mittnytt. I g\u00e5r var 74 av drygt 300 elever p\u00e5 h\u00f6gstadiet sjukanm\u00e4lda.<\/p><\/blockquote>\n<p>Jag kan t\u00e4nka mig hur det skulle rapporterats om en skola i Stockholms drabbats.<\/p>\n<p><a href=\"http:\/\/www.dn.se\/blogg\/markligheter\/2009\/10\/20\/vaccinskracken-i-repris-5087\">Clas Svahn som skriver i ett bloggverktyg p\u00e5 Dagens Nyheter om m\u00e4rkligheter tar upp de svenska influensalarmen 1957:<\/a><\/p>\n<blockquote><p>Med hj\u00e4lp av en karta och konstaterandet att \u201dmycket tyder p\u00e5 att detta \u00e4r den kusliga sanningen\u201d f\u00f6rs\u00f6kte Se att hitta f\u00f6rklaringen till den nya influensan i bombens sp\u00e5r. Med tanke p\u00e5 denna koppling fruktade man att asiaten skulle komma att bli v\u00e4rre \u00e4n Spanska sjukan. Det blev den inte.<br \/>\nOch nu \u00e4r det dags igen. Ny influensa och ny oro. Dessutom nya konspirationsteorier.<br \/>\nDen h\u00e4r g\u00e5ngen \u00e4r det kvicksilvret som ska f\u00f6rgifta oss. <\/p><\/blockquote>\n<p>Relaterat: <a href=\"http:\/\/www.expressen.se\/Nyheter\/1.1747838\/fettdoktorn-varnar-for-vaccinet#\">Expressen 1<\/a>, <a href=\"http:\/\/www.expressen.se\/halsa\/1.1749208\/tre-av-tio-i-riksdagen-sager-nej-till-vaccin\">Expressen 2<\/a><a href=\"http:\/\/www.dn.se\/nyheter\/vetenskap\/vaccinera-sig-ar-att-visa-andra-hansyn-1.971551\">Dagens Nyheter<\/a>, <a href=\"http:\/\/www.aftonbladet.se\/nyheter\/article5987387.ab\">Aftonbladet<\/a>, <a href=\"http:\/\/www.dn.se\/nyheter\/sverige\/tre-av-tio-i-riksdagen-vill-inte-ha-vaccin-1.978023\">Dagens Nyheter 2<\/a>. <\/p>\n<p>L\u00e4s \u00e4ven andra bloggares \u00e5sikter om <a href=\"http:\/\/bloggar.se\/om\/svinfluensa\" rel=\"tag\">svinfluensa<\/a>, <a href=\"http:\/\/bloggar.se\/om\/larm\" rel=\"tag\">larm<\/a>, <a href=\"http:\/\/bloggar.se\/om\/vaccin\" rel=\"tag\">vaccin<\/a>, <a href=\"http:\/\/bloggar.se\/om\/Norge\" rel=\"tag\">Norge<\/a><\/p>\n","protected":false},"excerpt":{"rendered":"<p>I Norge har den \u00e5ttonde personen nu d\u00f6tt i svininfluensan. Det var en unga kvinna som var 20 \u00e5r, ber\u00e4ttar Verdens Gang. Den unga kvinnan tillh\u00f6rde tydligen en riskgrupp. Svininfluensan och vaccinet \u00e4r en sv\u00e5r fr\u00e5ga. Hur farlig \u00e4r den? Det \u00e4r sv\u00e5rt att f\u00e5 riktiga siffror om det. De tv\u00e5 i Sverige som dog [&hellip;]<\/p>\n","protected":false},"author":2,"featured_media":0,"comment_status":"open","ping_status":"open","sticky":false,"template":"","format":"standard","meta":{"_genesis_hide_title":false,"_genesis_hide_breadcrumbs":false,"_genesis_hide_singular_image":false,"_genesis_hide_footer_widgets":false,"_genesis_custom_body_class":"","_genesis_custom_post_class":"","_genesis_layout":"","footnotes":""},"categories":[20],"tags":[3220,5541,6158],"class_list":{"0":"post-14008","1":"post","2":"type-post","3":"status-publish","4":"format-standard","6":"category-film","7":"tag-larm","8":"tag-svinfluensa","9":"tag-vaccin","10":"entry"},"_links":{"self":[{"href":"https:\/\/kulturbloggen.com\/index.php?rest_route=\/wp\/v2\/posts\/14008","targetHints":{"allow":["GET"]}}],"collection":[{"href":"https:\/\/kulturbloggen.com\/index.php?rest_route=\/wp\/v2\/posts"}],"about":[{"href":"https:\/\/kulturbloggen.com\/index.php?rest_route=\/wp\/v2\/types\/post"}],"author":[{"embeddable":true,"href":"https:\/\/kulturbloggen.com\/index.php?rest_route=\/wp\/v2\/users\/2"}],"replies":[{"embeddable":true,"href":"https:\/\/kulturbloggen.com\/index.php?rest_route=%2Fwp%2Fv2%2Fcomments&post=14008"}],"version-history":[{"count":0,"href":"https:\/\/kulturbloggen.com\/index.php?rest_route=\/wp\/v2\/posts\/14008\/revisions"}],"wp:attachment":[{"href":"https:\/\/kulturbloggen.com\/index.php?rest_route=%2Fwp%2Fv2%2Fmedia&parent=14008"}],"wp:term":[{"taxonomy":"category","embeddable":true,"href":"https:\/\/kulturbloggen.com\/index.php?rest_route=%2Fwp%2Fv2%2Fcategories&post=14008"},{"taxonomy":"post_tag","embeddable":true,"href":"https:\/\/kulturbloggen.com\/index.php?rest_route=%2Fwp%2Fv2%2Ftags&post=14008"}],"curies":[{"name":"wp","href":"https:\/\/api.w.org\/{rel}","templated":true}]}}