{"id":139689,"date":"2021-03-12T15:35:52","date_gmt":"2021-03-12T13:35:52","guid":{"rendered":"https:\/\/kulturbloggen.com\/?p=139689"},"modified":"2021-03-12T15:35:53","modified_gmt":"2021-03-12T13:35:53","slug":"lyssna-lisa-bjorange-quintet-for-life","status":"publish","type":"post","link":"https:\/\/kulturbloggen.com\/?p=139689","title":{"rendered":"Lyssna: Lisa Bj\u00f6r\u00e4nge Quintet &#8211; For Life"},"content":{"rendered":"<p><img loading=\"lazy\" decoding=\"async\" class=\"aligncenter size-full wp-image-139696\" src=\"https:\/\/kulturbloggen.com\/wp-content\/uploads\/2021\/03\/unnamed-22.jpg\" alt=\"\" width=\"610\" height=\"610\" srcset=\"https:\/\/kulturbloggen.com\/wp-content\/uploads\/2021\/03\/unnamed-22.jpg 610w, https:\/\/kulturbloggen.com\/wp-content\/uploads\/2021\/03\/unnamed-22-300x300.jpg 300w, https:\/\/kulturbloggen.com\/wp-content\/uploads\/2021\/03\/unnamed-22-150x150.jpg 150w\" sizes=\"auto, (max-width: 610px) 100vw, 610px\" \/><\/p>\n<p>Lisa Bj\u00f6r\u00e4nge Quintet l\u00e4ppte nya albuet &#8221;For Life&#8221; 12 mars 2021. Ett riktigt v\u00e5rtecken.<br \/>\nDet blir dessutom streamad releasekonsert fr\u00e5n Fasching den 27 mars.<\/p>\n<p>Ett pressmeddelande ber\u00e4ttar:<br \/>\nDen 12 mars 2021 landar For Life i skivdiskarna i b\u00e5de LP- och CD-format. Lisa Bj\u00f6r\u00e4nge, en av v\u00e5ra starkaste r\u00f6ster p\u00e5 den svenska jazzhimlen har skrivit ny musik och under ett par svettiga dagar i augusti samlade hon fyra ovanligt spel-sv\u00e4ltf\u00f6dda musiker att tolka hennes alster. Det blev riktigt bra. S\u00e5h\u00e4r t\u00e4nker Lisa om musiken till For Life:<\/p>\n<p>\u201dJag k\u00e4nde att For Life beh\u00f6vde komma ut. Jag beh\u00f6vde f\u00f6r min egen skull g\u00f6ra ett avstamp. Jag tror att alla beh\u00f6vde positiva saker mer \u00e4n n\u00e5gonsin just detta m\u00e4rkliga \u00e5r. Att ha m\u00e5l och se fram\u00e5t blev en r\u00e4dd- ning f\u00f6r mig. L\u00e5tarna handlar om allt fr\u00e5n att \u00e4lska sig sj\u00e4lv, ensamhet, sorg, styrka till att bara helt enkelt g\u00e5 p\u00e5 date. Det mesta av musiken har kommit till i solen, ofta vid vattnet. D\u00e4r finner jag mest ro och inspiration till att skapa min musik. N\u00e4r jag skriver h\u00f6r jag v\u00e4ldigt ofta bandet inom mig. Eftersom jag har spelat med dem s\u00e5 l\u00e4nge k\u00e4nner jag mig verkligen hemma och trygg. Lite som att de \u00e4r med n\u00e4r jag skriver. Jag h\u00f6r hur l\u00e5ten utvecklas och f\u00e5r liv med deras underbara spel och tankar. V\u00e4ldigt ofta har jag tyv\u00e4rr \u00e5ngest n\u00e4r jag ska skriva och spela in musik, jag blir os\u00e4ker och b\u00f6rjar ifr\u00e5gas\u00e4tta mig sj\u00e4lv, b\u00e5de som s\u00e5ngerska och som komposit\u00f6r. D\u00e4rf\u00f6r \u00e4r det ibland en liten kamp f\u00f6r mig att skriva musik. Lyckan som sen kommer n\u00e4r l\u00e5ten \u00e4r f\u00e4rdig och jag f\u00e5r spela den med bandet\u00e4r ibland obeskrivlig. Det k\u00e4nns overkligt. De skapar magi av n\u00e5got som jag kanske har suttit och grinat \u00f6ver. Det \u00e4r samma k\u00e4nsla jag f\u00e5r n\u00e4r n\u00e5gon ska lyssna p\u00e5 min musik, jag blir ett barn igen, allt k\u00e4nns s\u00e5 stort och h\u00e4ftigt.\u201d<\/p>\n<p>V\u00e4nnen, illustrat\u00f6ren och allkonstn\u00e4ren My Engstr\u00f6m-Renman har illustrerat skivomslag och singlar och gjort hela bandet till jazzkatter.<\/p>\n<p>Bandet:<br \/>\nLisa Bj\u00f6r\u00e4nge &#8211; s\u00e5ng<br \/>\nKlas Toresson &#8211; sax<br \/>\nJon F\u00e4lt &#8211; trummor<br \/>\nP\u00e4r-Ola Landin &#8211; bas<br \/>\nFabian Kallerdahl -piano<\/p>\n<p><iframe loading=\"lazy\" src=\"https:\/\/open.spotify.com\/embed\/album\/4pbvHzgn7rIlDiNnYW9y7d\" width=\"300\" height=\"380\" frameborder=\"0\"><\/iframe><\/p>\n","protected":false},"excerpt":{"rendered":"<p>Lisa Bj\u00f6r\u00e4nge Quintet l\u00e4ppte nya albuet &#8221;For Life&#8221; 12 mars 2021. Ett riktigt v\u00e5rtecken. Det blir dessutom streamad releasekonsert fr\u00e5n Fasching den 27 mars. Ett pressmeddelande ber\u00e4ttar: Den 12 mars 2021 landar For Life i skivdiskarna i b\u00e5de LP- och CD-format. Lisa Bj\u00f6r\u00e4nge, en av v\u00e5ra starkaste r\u00f6ster p\u00e5 den svenska jazzhimlen har skrivit ny [&hellip;]<\/p>\n","protected":false},"author":13,"featured_media":0,"comment_status":"closed","ping_status":"closed","sticky":false,"template":"","format":"standard","meta":{"_genesis_hide_title":false,"_genesis_hide_breadcrumbs":false,"_genesis_hide_singular_image":false,"_genesis_hide_footer_widgets":false,"_genesis_custom_body_class":"","_genesis_custom_post_class":"","_genesis_layout":"","footnotes":""},"categories":[7,13624],"tags":[],"class_list":{"0":"post-139689","1":"post","2":"type-post","3":"status-publish","4":"format-standard","6":"category-musik","7":"category-toppnytt","8":"entry"},"_links":{"self":[{"href":"https:\/\/kulturbloggen.com\/index.php?rest_route=\/wp\/v2\/posts\/139689","targetHints":{"allow":["GET"]}}],"collection":[{"href":"https:\/\/kulturbloggen.com\/index.php?rest_route=\/wp\/v2\/posts"}],"about":[{"href":"https:\/\/kulturbloggen.com\/index.php?rest_route=\/wp\/v2\/types\/post"}],"author":[{"embeddable":true,"href":"https:\/\/kulturbloggen.com\/index.php?rest_route=\/wp\/v2\/users\/13"}],"replies":[{"embeddable":true,"href":"https:\/\/kulturbloggen.com\/index.php?rest_route=%2Fwp%2Fv2%2Fcomments&post=139689"}],"version-history":[{"count":7,"href":"https:\/\/kulturbloggen.com\/index.php?rest_route=\/wp\/v2\/posts\/139689\/revisions"}],"predecessor-version":[{"id":139699,"href":"https:\/\/kulturbloggen.com\/index.php?rest_route=\/wp\/v2\/posts\/139689\/revisions\/139699"}],"wp:attachment":[{"href":"https:\/\/kulturbloggen.com\/index.php?rest_route=%2Fwp%2Fv2%2Fmedia&parent=139689"}],"wp:term":[{"taxonomy":"category","embeddable":true,"href":"https:\/\/kulturbloggen.com\/index.php?rest_route=%2Fwp%2Fv2%2Fcategories&post=139689"},{"taxonomy":"post_tag","embeddable":true,"href":"https:\/\/kulturbloggen.com\/index.php?rest_route=%2Fwp%2Fv2%2Ftags&post=139689"}],"curies":[{"name":"wp","href":"https:\/\/api.w.org\/{rel}","templated":true}]}}