{"id":13946,"date":"2009-10-19T11:10:56","date_gmt":"2009-10-19T09:10:56","guid":{"rendered":"http:\/\/kulturbloggen.com\/?p=13946"},"modified":"2009-10-19T11:10:56","modified_gmt":"2009-10-19T09:10:56","slug":"%e2%80%9djag-tar-hand-om-de-mina-gor-inte-ni-det","status":"publish","type":"post","link":"https:\/\/kulturbloggen.com\/?p=13946","title":{"rendered":"\u201dJag tar hand om de mina, g\u00f6r inte ni det?"},"content":{"rendered":"<p><img loading=\"lazy\" decoding=\"async\" src=\"http:\/\/sodergren.com\/kulturbloggen\/wp-content\/uploads\/2009\/10\/annie_teater-201x300.jpg\" alt=\"annie_teater\" title=\"annie_teater\" width=\"201\" height=\"300\" class=\"aligncenter size-medium wp-image-13947\" \/><br \/>\n\u201dJag tar hand om de mina, g\u00f6r inte ni det?\u201d \u00e4r en nyckelreplik i den nyskrivna kortpj\u00e4s, Moster Annie, som Ingemar E. L. G\u00f6ransson har producerat. Pj\u00e4sen som \u00e4r skriven och regisserad av Roland Janson och tar upp det gl\u00f6dheta \u00e4mnet sjukf\u00f6rs\u00e4kringen och hur sjuka m\u00e4nniskor behandlas med de nya reglerna som F\u00f6rs\u00e4kringskassan f\u00f6ljer.<\/p>\n<p>Pj\u00e4sen som \u00e4r ca 15 minuter l\u00e5ng och handlar om busen och k\u00e5kfararen som kommer in p\u00e5 ett f\u00f6reningsm\u00f6te och ber\u00e4ttar om sin moster Annie som har drabbats av br\u00f6stcancer och som nu F\u00f6rs\u00e4kringskassan har skickat trots sin sjukdom till Arbetsf\u00f6rmedlingen.<\/p>\n<p>Dan Nerenius som senast spelat den kritikerrosade Henning Mankells \u201dGr\u00e4vskopan\u201d spelar huvudrollen som busen och k\u00e5kfararen som kliver in p\u00e5 f\u00f6reningsm\u00f6tet f\u00f6r att s\u00e4ga sin mening om hur F\u00f6rs\u00e4kringskassan och v\u00e4lf\u00e4rdssamh\u00e4llet behandlar hans \u00e4lskade moster Annie.<\/p>\n<p>Vid generalrepetitionen i G\u00f6teborg den 9 oktober var mottagandet mycket positivt och nu finns pj\u00e4sen klar f\u00f6r bokning. Tanken \u00e4r att Moster Annie ska spelas p\u00e5 olika f\u00f6reningsm\u00f6ten runt om i landet.<\/p>\n<p>Fakta:<\/p>\n<p>Moster Annie<br \/>\nL\u00e4ngd: ca 15 minuter<br \/>\nText och regi: Roland Janson<br \/>\nI rollen som busen: Dan Nerenius<br \/>\nProduktion: Ord &#038; Kulturproduktioner<\/p>\n<p>Om du vill veta mer om pj\u00e4sen och \u00e4r intresserad av att boka den kan du kontakta Ingemar E. L. G\u00f6ransson p\u00e5 ordochkultur snabel telia punkt com <\/p>\n","protected":false},"excerpt":{"rendered":"<p>\u201dJag tar hand om de mina, g\u00f6r inte ni det?\u201d \u00e4r en nyckelreplik i den nyskrivna kortpj\u00e4s, Moster Annie, som Ingemar E. L. G\u00f6ransson har producerat. Pj\u00e4sen som \u00e4r skriven och regisserad av Roland Janson och tar upp det gl\u00f6dheta \u00e4mnet sjukf\u00f6rs\u00e4kringen och hur sjuka m\u00e4nniskor behandlas med de nya reglerna som F\u00f6rs\u00e4kringskassan f\u00f6ljer. Pj\u00e4sen [&hellip;]<\/p>\n","protected":false},"author":13,"featured_media":0,"comment_status":"open","ping_status":"open","sticky":false,"template":"","format":"standard","meta":{"_genesis_hide_title":false,"_genesis_hide_breadcrumbs":false,"_genesis_hide_singular_image":false,"_genesis_hide_footer_widgets":false,"_genesis_custom_body_class":"","_genesis_custom_post_class":"","_genesis_layout":"","footnotes":""},"categories":[30],"tags":[4917,12288],"class_list":{"0":"post-13946","1":"post","2":"type-post","3":"status-publish","4":"format-standard","6":"category-teater","7":"tag-samhalle","8":"tag-teater","9":"entry"},"_links":{"self":[{"href":"https:\/\/kulturbloggen.com\/index.php?rest_route=\/wp\/v2\/posts\/13946","targetHints":{"allow":["GET"]}}],"collection":[{"href":"https:\/\/kulturbloggen.com\/index.php?rest_route=\/wp\/v2\/posts"}],"about":[{"href":"https:\/\/kulturbloggen.com\/index.php?rest_route=\/wp\/v2\/types\/post"}],"author":[{"embeddable":true,"href":"https:\/\/kulturbloggen.com\/index.php?rest_route=\/wp\/v2\/users\/13"}],"replies":[{"embeddable":true,"href":"https:\/\/kulturbloggen.com\/index.php?rest_route=%2Fwp%2Fv2%2Fcomments&post=13946"}],"version-history":[{"count":0,"href":"https:\/\/kulturbloggen.com\/index.php?rest_route=\/wp\/v2\/posts\/13946\/revisions"}],"wp:attachment":[{"href":"https:\/\/kulturbloggen.com\/index.php?rest_route=%2Fwp%2Fv2%2Fmedia&parent=13946"}],"wp:term":[{"taxonomy":"category","embeddable":true,"href":"https:\/\/kulturbloggen.com\/index.php?rest_route=%2Fwp%2Fv2%2Fcategories&post=13946"},{"taxonomy":"post_tag","embeddable":true,"href":"https:\/\/kulturbloggen.com\/index.php?rest_route=%2Fwp%2Fv2%2Ftags&post=13946"}],"curies":[{"name":"wp","href":"https:\/\/api.w.org\/{rel}","templated":true}]}}