{"id":139248,"date":"2021-02-20T16:49:23","date_gmt":"2021-02-20T14:49:23","guid":{"rendered":"https:\/\/kulturbloggen.com\/?p=139248"},"modified":"2021-02-20T16:49:24","modified_gmt":"2021-02-20T14:49:24","slug":"lyssna-bob-hund-bobhundteaterkonsert","status":"publish","type":"post","link":"https:\/\/kulturbloggen.com\/?p=139248","title":{"rendered":"Lyssna: Bob Hund &#8211; BOBHUNDTEATERKONSERT"},"content":{"rendered":"<figure id=\"attachment_139252\" aria-describedby=\"caption-attachment-139252\" style=\"width: 600px\" class=\"wp-caption aligncenter\"><img loading=\"lazy\" decoding=\"async\" class=\"size-full wp-image-139252\" src=\"https:\/\/kulturbloggen.com\/wp-content\/uploads\/2021\/02\/unnamed-3.jpg\" alt=\"\" width=\"600\" height=\"600\" srcset=\"https:\/\/kulturbloggen.com\/wp-content\/uploads\/2021\/02\/unnamed-3.jpg 600w, https:\/\/kulturbloggen.com\/wp-content\/uploads\/2021\/02\/unnamed-3-300x300.jpg 300w, https:\/\/kulturbloggen.com\/wp-content\/uploads\/2021\/02\/unnamed-3-150x150.jpg 150w\" sizes=\"auto, (max-width: 600px) 100vw, 600px\" \/><figcaption id=\"caption-attachment-139252\" class=\"wp-caption-text\">Foto: Anna Br\u00e5nhede<\/figcaption><\/figure>\n<p>Bob Hund sl\u00e4ppte en ny EP den 19 februari 2021. Ett pressmeddelande ber\u00e4ttar om sl\u00e4ppet av EP:n BOBHUNDTEATERKONSERT:<br \/>\nbob hund har f\u00e5tt rannsaka hela sin katalog f\u00f6r att se om v\u00e4rlden verkligen blivit som en bob hund text. F\u00f6rvirrad, os\u00e4ker, sv\u00e5rtolkad. Om det \u00e4r s\u00e5 att v\u00e4rlden blivit mer som en bob hund-text vill de po\u00e4ngtera att det inte \u00e4r deras fel. bob hund sover aldrig och ist\u00e4llet f\u00f6r turn\u00e9 och teaterf\u00f6rest\u00e4llning blev det konsertfilm, vinyl och idag sl\u00e4pps s\u00e5 ocks\u00e5 en version av BOBHUNDTEATERKONSERT digitalt.<\/p>\n<p>\u00c5r tv\u00e5tusentjugo, tjugohundratjugo, tjugetjuge, eller va fan du vill. S\u00e4songen \u00e4r \u00f6ver innan den b\u00f6rjade och publikhavet sj\u00f6nk, innan det b\u00f6ljade. Och det \u00e4r inga d\u00e4r, men bob hund \u00e4r h\u00e4r.<\/p>\n<p>Sommarens spelningar st\u00e4lldes in p\u00e5 l\u00f6pande band. Allt st\u00e4lls in, skjuts upp. Ur ruinerna av alla planer reste sig en konsertfilm, filmat p\u00e5 Helsingborgs Stadsteater tillsammans med Helsingborgs Symfoniorkester, en sorts performance-konsert om livet som inte h\u00e4nder. Filmen visades \u00e4ven p\u00e5 utvalda biografer under oktober och november. Detta \u00e4r musiken fr\u00e5n den konsertfilmen.<\/p>\n<p>1. Upp, upp, upp ner (Live 2020)<br \/>\n2. Pausmusik<br \/>\n3. Det skulle vara l\u00e4tt f\u00f6r mig att s\u00e4ga att jag inte hittar hem men det g\u00f6r jag; tror jag (Live 2020)<br \/>\n4. Reserverat f\u00f6r sp\u00f6ken 2020<br \/>\n5. Sp\u00f6ken introduceras<br \/>\n6. Folkmusik f\u00f6r folk som inte kan bete sig som folk (Live 2020)<\/p>\n<p><iframe loading=\"lazy\" src=\"https:\/\/open.spotify.com\/embed\/album\/0EUqpOlUn8OvO928wdeb1Q\" width=\"300\" height=\"380\" frameborder=\"0\"><\/iframe><\/p>\n","protected":false},"excerpt":{"rendered":"<p>Bob Hund sl\u00e4ppte en ny EP den 19 februari 2021. Ett pressmeddelande ber\u00e4ttar om sl\u00e4ppet av EP:n BOBHUNDTEATERKONSERT: bob hund har f\u00e5tt rannsaka hela sin katalog f\u00f6r att se om v\u00e4rlden verkligen blivit som en bob hund text. F\u00f6rvirrad, os\u00e4ker, sv\u00e5rtolkad. Om det \u00e4r s\u00e5 att v\u00e4rlden blivit mer som en bob hund-text vill de [&hellip;]<\/p>\n","protected":false},"author":13,"featured_media":0,"comment_status":"closed","ping_status":"closed","sticky":false,"template":"","format":"standard","meta":{"_genesis_hide_title":false,"_genesis_hide_breadcrumbs":false,"_genesis_hide_singular_image":false,"_genesis_hide_footer_widgets":false,"_genesis_custom_body_class":"","_genesis_custom_post_class":"","_genesis_layout":"","footnotes":""},"categories":[7,13624],"tags":[],"class_list":{"0":"post-139248","1":"post","2":"type-post","3":"status-publish","4":"format-standard","6":"category-musik","7":"category-toppnytt","8":"entry"},"_links":{"self":[{"href":"https:\/\/kulturbloggen.com\/index.php?rest_route=\/wp\/v2\/posts\/139248","targetHints":{"allow":["GET"]}}],"collection":[{"href":"https:\/\/kulturbloggen.com\/index.php?rest_route=\/wp\/v2\/posts"}],"about":[{"href":"https:\/\/kulturbloggen.com\/index.php?rest_route=\/wp\/v2\/types\/post"}],"author":[{"embeddable":true,"href":"https:\/\/kulturbloggen.com\/index.php?rest_route=\/wp\/v2\/users\/13"}],"replies":[{"embeddable":true,"href":"https:\/\/kulturbloggen.com\/index.php?rest_route=%2Fwp%2Fv2%2Fcomments&post=139248"}],"version-history":[{"count":5,"href":"https:\/\/kulturbloggen.com\/index.php?rest_route=\/wp\/v2\/posts\/139248\/revisions"}],"predecessor-version":[{"id":139255,"href":"https:\/\/kulturbloggen.com\/index.php?rest_route=\/wp\/v2\/posts\/139248\/revisions\/139255"}],"wp:attachment":[{"href":"https:\/\/kulturbloggen.com\/index.php?rest_route=%2Fwp%2Fv2%2Fmedia&parent=139248"}],"wp:term":[{"taxonomy":"category","embeddable":true,"href":"https:\/\/kulturbloggen.com\/index.php?rest_route=%2Fwp%2Fv2%2Fcategories&post=139248"},{"taxonomy":"post_tag","embeddable":true,"href":"https:\/\/kulturbloggen.com\/index.php?rest_route=%2Fwp%2Fv2%2Ftags&post=139248"}],"curies":[{"name":"wp","href":"https:\/\/api.w.org\/{rel}","templated":true}]}}