{"id":139228,"date":"2021-02-20T16:36:24","date_gmt":"2021-02-20T14:36:24","guid":{"rendered":"https:\/\/kulturbloggen.com\/?p=139228"},"modified":"2021-02-20T16:36:25","modified_gmt":"2021-02-20T14:36:25","slug":"lyssna-katthem-jag-hor-en-rost","status":"publish","type":"post","link":"https:\/\/kulturbloggen.com\/?p=139228","title":{"rendered":"Lyssna: Katthem &#8211; Jag h\u00f6r en r\u00f6st"},"content":{"rendered":"<p><img loading=\"lazy\" decoding=\"async\" class=\"aligncenter size-full wp-image-139235\" src=\"https:\/\/kulturbloggen.com\/wp-content\/uploads\/2021\/02\/unnamed-2-1.jpg\" alt=\"\" width=\"650\" height=\"433\" srcset=\"https:\/\/kulturbloggen.com\/wp-content\/uploads\/2021\/02\/unnamed-2-1.jpg 650w, https:\/\/kulturbloggen.com\/wp-content\/uploads\/2021\/02\/unnamed-2-1-300x200.jpg 300w\" sizes=\"auto, (max-width: 650px) 100vw, 650px\" \/><\/p>\n<p>Katthem sl\u00e4ppte en ny singel, Jag h\u00f6r en r\u00f6st, den 19 februari 2021. L\u00e5ten handlar om depression och \u00e4r en l\u00e5t fylld med DIY-bl\u00e5s och str\u00e5kar.<\/p>\n<p>Ett pressmeddelande ber\u00e4ttar:<br \/>\nKATTHEM albumdebuterade i h\u00f6stas med Vackra L\u00f6gnerskor och blev unisont hyllade f\u00f6r sin genre\u00f6verskridande originalitet av bland annat N\u00f6jesguiden och G\u00f6teborgsposten. Bandet \u00e4r nominerade som \u00c5rets grupp i GAFFA priset och albumet \u00e4r nominerat i kategorin \u00c5rets punk p\u00e5 Manifestgalan som \u00e4ger rum den 26 februari.<\/p>\n<p>Texten till Jag h\u00f6r en r\u00f6st kom till n\u00e4r en bandmedlem beh\u00f6vde s\u00e4tta ord p\u00e5 en k\u00e4nsla av hoppl\u00f6shet efter en tids depression. Depressionen gestaltas som en st\u00e4ndig ljudmatta av negativa tankar som hindrar en fr\u00e5n att leva. Men det \u00e4r ocks\u00e5 en uppg\u00f6relse med sjukdomen och en insikt om att den inte \u00e4r en permanent del av din person.<\/p>\n<p>\u2013 Det kan k\u00e4nnas som en dvala som tagit kontroll \u00f6ver ens liv- det \u00e4r inte l\u00e4ngre den egna r\u00f6sten som h\u00f6rs tydligast vilket kan vara skr\u00e4mmande. Att f\u00e5 s\u00e4tta ord p\u00e5 det d\u00e4r var skitviktigt f\u00f6r mig och kanske \u00e4r det sk\u00f6nt f\u00f6r n\u00e5gon annan att h\u00f6ra som \u00e4r mitt i det, h\u00e4lsar bandet i en kommentar om l\u00e5ten.<\/p>\n<p><iframe loading=\"lazy\" src=\"https:\/\/open.spotify.com\/embed\/album\/27FEIF487CD6D1c2CdxUL5\" width=\"300\" height=\"380\" frameborder=\"0\"><\/iframe><\/p>\n","protected":false},"excerpt":{"rendered":"<p>Katthem sl\u00e4ppte en ny singel, Jag h\u00f6r en r\u00f6st, den 19 februari 2021. L\u00e5ten handlar om depression och \u00e4r en l\u00e5t fylld med DIY-bl\u00e5s och str\u00e5kar. Ett pressmeddelande ber\u00e4ttar: KATTHEM albumdebuterade i h\u00f6stas med Vackra L\u00f6gnerskor och blev unisont hyllade f\u00f6r sin genre\u00f6verskridande originalitet av bland annat N\u00f6jesguiden och G\u00f6teborgsposten. Bandet \u00e4r nominerade som \u00c5rets [&hellip;]<\/p>\n","protected":false},"author":13,"featured_media":0,"comment_status":"closed","ping_status":"closed","sticky":false,"template":"","format":"standard","meta":{"_genesis_hide_title":false,"_genesis_hide_breadcrumbs":false,"_genesis_hide_singular_image":false,"_genesis_hide_footer_widgets":false,"_genesis_custom_body_class":"","_genesis_custom_post_class":"","_genesis_layout":"","footnotes":""},"categories":[7,13624],"tags":[],"class_list":{"0":"post-139228","1":"post","2":"type-post","3":"status-publish","4":"format-standard","6":"category-musik","7":"category-toppnytt","8":"entry"},"_links":{"self":[{"href":"https:\/\/kulturbloggen.com\/index.php?rest_route=\/wp\/v2\/posts\/139228","targetHints":{"allow":["GET"]}}],"collection":[{"href":"https:\/\/kulturbloggen.com\/index.php?rest_route=\/wp\/v2\/posts"}],"about":[{"href":"https:\/\/kulturbloggen.com\/index.php?rest_route=\/wp\/v2\/types\/post"}],"author":[{"embeddable":true,"href":"https:\/\/kulturbloggen.com\/index.php?rest_route=\/wp\/v2\/users\/13"}],"replies":[{"embeddable":true,"href":"https:\/\/kulturbloggen.com\/index.php?rest_route=%2Fwp%2Fv2%2Fcomments&post=139228"}],"version-history":[{"count":5,"href":"https:\/\/kulturbloggen.com\/index.php?rest_route=\/wp\/v2\/posts\/139228\/revisions"}],"predecessor-version":[{"id":139237,"href":"https:\/\/kulturbloggen.com\/index.php?rest_route=\/wp\/v2\/posts\/139228\/revisions\/139237"}],"wp:attachment":[{"href":"https:\/\/kulturbloggen.com\/index.php?rest_route=%2Fwp%2Fv2%2Fmedia&parent=139228"}],"wp:term":[{"taxonomy":"category","embeddable":true,"href":"https:\/\/kulturbloggen.com\/index.php?rest_route=%2Fwp%2Fv2%2Fcategories&post=139228"},{"taxonomy":"post_tag","embeddable":true,"href":"https:\/\/kulturbloggen.com\/index.php?rest_route=%2Fwp%2Fv2%2Ftags&post=139228"}],"curies":[{"name":"wp","href":"https:\/\/api.w.org\/{rel}","templated":true}]}}