{"id":139221,"date":"2021-02-19T12:25:30","date_gmt":"2021-02-19T10:25:30","guid":{"rendered":"https:\/\/kulturbloggen.com\/?p=139221"},"modified":"2021-02-19T12:25:31","modified_gmt":"2021-02-19T10:25:31","slug":"lyssna-mattias-alkberg-branda-skepp","status":"publish","type":"post","link":"https:\/\/kulturbloggen.com\/?p=139221","title":{"rendered":"Lyssna: Mattias Alkberg &#8211; Br\u00e4nda skepp"},"content":{"rendered":"<p><img loading=\"lazy\" decoding=\"async\" class=\"aligncenter size-full wp-image-139226\" src=\"https:\/\/kulturbloggen.com\/wp-content\/uploads\/2021\/02\/Mattias-Alkberg-Branda-skepp-OMSLAG.jpeg\" alt=\"\" width=\"650\" height=\"650\" srcset=\"https:\/\/kulturbloggen.com\/wp-content\/uploads\/2021\/02\/Mattias-Alkberg-Branda-skepp-OMSLAG.jpeg 650w, https:\/\/kulturbloggen.com\/wp-content\/uploads\/2021\/02\/Mattias-Alkberg-Branda-skepp-OMSLAG-300x300.jpeg 300w, https:\/\/kulturbloggen.com\/wp-content\/uploads\/2021\/02\/Mattias-Alkberg-Branda-skepp-OMSLAG-150x150.jpeg 150w\" sizes=\"auto, (max-width: 650px) 100vw, 650px\" \/><\/p>\n<p>1 april kommer Mattias Alkberg med albumet \u201dH\u00c4XOR\u201d, d\u00e4r alla l\u00e5tar \u00e4r ber\u00e4ttade fr\u00e5n olika kvinnors perspektiv.<br \/>\nF\u00f6rsta singeln fr\u00e5n skivan \u00e4r \u201dBr\u00e4nda skepp\u201d, en ballad och en hemsk dr\u00f6m som slutar med frihet.<\/p>\n<p>Ett pressmeddelande ber\u00e4ttar:<br \/>\nMattias Alkberg om l\u00e5ten:<br \/>\n&#8221;En ballad, en hemsk dr\u00f6m, om att ens barn och andras barn far illa och att inte kunna hj\u00e4lpa dem. Men till sist lyfts man upp av hj\u00e4lpande h\u00e4nder i ett n\u00e4stan o\u00e4ndligt crescendo, sv\u00e4var iv\u00e4g, ovan skog, ovan hav. Och man \u00e4r fri. Ingen kan skada en l\u00e4ngre.\u201d<\/p>\n<p>\u201dBr\u00e4nda skepp\u201d \u00e4r f\u00f6rsta singeln fr\u00e5n Mattias Alkbergs nya album \u201dH\u00c4XOR\u201d, som med viss tajming sl\u00e4pps p\u00e5 sk\u00e4rtorsdagen 1 april. \u201dH\u00c4XOR\u201d \u00e4r en samling historier, l\u00e5tar, om livet i en patriarkal v\u00e4rld. Det \u00e4r tio ber\u00e4ttelser, ber\u00e4ttade och sjungna ur olika kvinnors perspektiv. \u201dKvinnor som finns eller har funnits i min n\u00e4rhet\u201d, s\u00e4ger Mattias Alkberg. \u201dOch f\u00f6rresten \u00e4r n\u00e4rhet inte alltid fysisk.\u201d<\/p>\n<p><iframe loading=\"lazy\" src=\"https:\/\/open.spotify.com\/embed\/album\/4gBtxcbc5kul5pTdirbPrT\" width=\"300\" height=\"380\" frameborder=\"0\"><\/iframe><\/p>\n","protected":false},"excerpt":{"rendered":"<p>1 april kommer Mattias Alkberg med albumet \u201dH\u00c4XOR\u201d, d\u00e4r alla l\u00e5tar \u00e4r ber\u00e4ttade fr\u00e5n olika kvinnors perspektiv. F\u00f6rsta singeln fr\u00e5n skivan \u00e4r \u201dBr\u00e4nda skepp\u201d, en ballad och en hemsk dr\u00f6m som slutar med frihet. Ett pressmeddelande ber\u00e4ttar: Mattias Alkberg om l\u00e5ten: &#8221;En ballad, en hemsk dr\u00f6m, om att ens barn och andras barn far illa [&hellip;]<\/p>\n","protected":false},"author":13,"featured_media":0,"comment_status":"closed","ping_status":"closed","sticky":false,"template":"","format":"standard","meta":{"_genesis_hide_title":false,"_genesis_hide_breadcrumbs":false,"_genesis_hide_singular_image":false,"_genesis_hide_footer_widgets":false,"_genesis_custom_body_class":"","_genesis_custom_post_class":"","_genesis_layout":"","footnotes":""},"categories":[7,13624],"tags":[],"class_list":{"0":"post-139221","1":"post","2":"type-post","3":"status-publish","4":"format-standard","6":"category-musik","7":"category-toppnytt","8":"entry"},"_links":{"self":[{"href":"https:\/\/kulturbloggen.com\/index.php?rest_route=\/wp\/v2\/posts\/139221","targetHints":{"allow":["GET"]}}],"collection":[{"href":"https:\/\/kulturbloggen.com\/index.php?rest_route=\/wp\/v2\/posts"}],"about":[{"href":"https:\/\/kulturbloggen.com\/index.php?rest_route=\/wp\/v2\/types\/post"}],"author":[{"embeddable":true,"href":"https:\/\/kulturbloggen.com\/index.php?rest_route=\/wp\/v2\/users\/13"}],"replies":[{"embeddable":true,"href":"https:\/\/kulturbloggen.com\/index.php?rest_route=%2Fwp%2Fv2%2Fcomments&post=139221"}],"version-history":[{"count":4,"href":"https:\/\/kulturbloggen.com\/index.php?rest_route=\/wp\/v2\/posts\/139221\/revisions"}],"predecessor-version":[{"id":139227,"href":"https:\/\/kulturbloggen.com\/index.php?rest_route=\/wp\/v2\/posts\/139221\/revisions\/139227"}],"wp:attachment":[{"href":"https:\/\/kulturbloggen.com\/index.php?rest_route=%2Fwp%2Fv2%2Fmedia&parent=139221"}],"wp:term":[{"taxonomy":"category","embeddable":true,"href":"https:\/\/kulturbloggen.com\/index.php?rest_route=%2Fwp%2Fv2%2Fcategories&post=139221"},{"taxonomy":"post_tag","embeddable":true,"href":"https:\/\/kulturbloggen.com\/index.php?rest_route=%2Fwp%2Fv2%2Ftags&post=139221"}],"curies":[{"name":"wp","href":"https:\/\/api.w.org\/{rel}","templated":true}]}}