{"id":139192,"date":"2021-02-17T18:13:12","date_gmt":"2021-02-17T16:13:12","guid":{"rendered":"https:\/\/kulturbloggen.com\/?p=139192"},"modified":"2021-02-17T18:13:13","modified_gmt":"2021-02-17T16:13:13","slug":"lyssna-titta-jose-gonzalez-el-invento","status":"publish","type":"post","link":"https:\/\/kulturbloggen.com\/?p=139192","title":{"rendered":"Lyssna\/Titta: Jos\u00e9 Gonz\u00e1lez &#8211; El Invento"},"content":{"rendered":"<p><img decoding=\"async\" class=\"aligncenter size-full wp-image-139197\" src=\"https:\/\/kulturbloggen.com\/wp-content\/uploads\/2021\/02\/PastedGraphic-40.tiff\" alt=\"\"><\/p>\n<p>Jos\u00e9 Gonz\u00e1lez har sl\u00e4ppt ny musik f\u00f6r f\u00f6rsta g\u00e5ngen sedan 2015, l\u00e5ten El Invento \u00e4r hans f\u00f6rsta s\u00e5ng p\u00e5 spanska.<\/p>\n<p><iframe loading=\"lazy\" width=\"560\" height=\"315\" src=\"https:\/\/www.youtube.com\/embed\/j3_Zz0O4pDo\" frameborder=\"0\" allow=\"accelerometer; autoplay; clipboard-write; encrypted-media; gyroscope; picture-in-picture\" allowfullscreen=\"\"><\/iframe><\/p>\n","protected":false},"excerpt":{"rendered":"<p>Jos\u00e9 Gonz\u00e1lez har sl\u00e4ppt ny musik f\u00f6r f\u00f6rsta g\u00e5ngen sedan 2015, l\u00e5ten El Invento \u00e4r hans f\u00f6rsta s\u00e5ng p\u00e5 spanska.<\/p>\n","protected":false},"author":13,"featured_media":0,"comment_status":"closed","ping_status":"closed","sticky":false,"template":"","format":"standard","meta":{"_genesis_hide_title":false,"_genesis_hide_breadcrumbs":false,"_genesis_hide_singular_image":false,"_genesis_hide_footer_widgets":false,"_genesis_custom_body_class":"","_genesis_custom_post_class":"","_genesis_layout":"","footnotes":""},"categories":[7,13624],"tags":[],"class_list":{"0":"post-139192","1":"post","2":"type-post","3":"status-publish","4":"format-standard","6":"category-musik","7":"category-toppnytt","8":"entry"},"_links":{"self":[{"href":"https:\/\/kulturbloggen.com\/index.php?rest_route=\/wp\/v2\/posts\/139192","targetHints":{"allow":["GET"]}}],"collection":[{"href":"https:\/\/kulturbloggen.com\/index.php?rest_route=\/wp\/v2\/posts"}],"about":[{"href":"https:\/\/kulturbloggen.com\/index.php?rest_route=\/wp\/v2\/types\/post"}],"author":[{"embeddable":true,"href":"https:\/\/kulturbloggen.com\/index.php?rest_route=\/wp\/v2\/users\/13"}],"replies":[{"embeddable":true,"href":"https:\/\/kulturbloggen.com\/index.php?rest_route=%2Fwp%2Fv2%2Fcomments&post=139192"}],"version-history":[{"count":4,"href":"https:\/\/kulturbloggen.com\/index.php?rest_route=\/wp\/v2\/posts\/139192\/revisions"}],"predecessor-version":[{"id":139199,"href":"https:\/\/kulturbloggen.com\/index.php?rest_route=\/wp\/v2\/posts\/139192\/revisions\/139199"}],"wp:attachment":[{"href":"https:\/\/kulturbloggen.com\/index.php?rest_route=%2Fwp%2Fv2%2Fmedia&parent=139192"}],"wp:term":[{"taxonomy":"category","embeddable":true,"href":"https:\/\/kulturbloggen.com\/index.php?rest_route=%2Fwp%2Fv2%2Fcategories&post=139192"},{"taxonomy":"post_tag","embeddable":true,"href":"https:\/\/kulturbloggen.com\/index.php?rest_route=%2Fwp%2Fv2%2Ftags&post=139192"}],"curies":[{"name":"wp","href":"https:\/\/api.w.org\/{rel}","templated":true}]}}