{"id":139149,"date":"2021-02-16T17:19:16","date_gmt":"2021-02-16T15:19:16","guid":{"rendered":"https:\/\/kulturbloggen.com\/?p=139149"},"modified":"2021-02-16T17:19:17","modified_gmt":"2021-02-16T15:19:17","slug":"zara-larsson-ger-exklusiv-konsert-pa-internationella-kvinnodagen","status":"publish","type":"post","link":"https:\/\/kulturbloggen.com\/?p=139149","title":{"rendered":"Zara Larsson ger exklusiv konsert p\u00e5 internationella kvinnodagen"},"content":{"rendered":"<p><img loading=\"lazy\" decoding=\"async\" class=\"aligncenter size-full wp-image-139153\" src=\"https:\/\/kulturbloggen.com\/wp-content\/uploads\/2021\/02\/ZL_2021_PUB_PH-MichaelaQuan_5218_F.jpg\" alt=\"\" width=\"520\" height=\"650\" srcset=\"https:\/\/kulturbloggen.com\/wp-content\/uploads\/2021\/02\/ZL_2021_PUB_PH-MichaelaQuan_5218_F.jpg 520w, https:\/\/kulturbloggen.com\/wp-content\/uploads\/2021\/02\/ZL_2021_PUB_PH-MichaelaQuan_5218_F-240x300.jpg 240w\" sizes=\"auto, (max-width: 520px) 100vw, 520px\" \/><\/p>\n<p>F\u00f6r att fira nya albumet \u201dPoster Girl\u201d och uppm\u00e4rksamma internationella kvinnodagen ger Zara Larsson den 8 mars kl 19.00 en global streamingkonsert. Varje l\u00e5t f\u00e5r en unik inramning och g\u00f6rs i storskalig produktion exklusivt och gratis via YouTube, endast tillg\u00e4nglig under en begr\u00e4nsad tid.<\/p>\n<p>Ett pressmeddelande ber\u00e4ttar mer:<br \/>\nV\u00e4rlden tillh\u00f6r Zara Larsson men p\u00e5 internationella kvinnodagen den 8 mars blir Zara Larssons v\u00e4rld din. D\u00e5 premi\u00e4rspelar hon l\u00e5tar fr\u00e5n nya albumet \u201dPoster Girl\u201d och andra hits vid en exklusiv konsert d\u00e4r l\u00e5tarna levandeg\u00f6rs i specialdesignade milj\u00f6er framtagna av IKEA och inredningsdesignern Midori Hasuike.<\/p>\n<p>\u201dJag \u00e4r s\u00e5 peppad p\u00e5 att samarbeta med IKEA vid detta event p\u00e5 internationella kvinnodagen. J\u00e4mlikhetsfr\u00e5gan har alltid legat mig varmt om hj\u00e4rtat, s\u00e5 det k\u00e4nns helt r\u00e4tt att till\u00e4gna min f\u00f6rsta spelning p\u00e5 drygt ett \u00e5r till alla fantastiska kvinnor runtom i v\u00e4rlden. Jag har l\u00e4ngtat n\u00e5got sjukt efter att upptr\u00e4da live, och jag hoppas att mitt band, mina dansare och jag kan sprida glitter och gl\u00e4dje hem till er alla.\u201d \u2013 Zara Larsson<\/p>\n<p>\u201dVi \u00e4r v\u00e4ldigt stolta \u00f6ver att samarbeta med Zara Larsson p\u00e5 ett \u00f6verraskningsgig till fansen d\u00e4r de nya l\u00e5tarna spelas f\u00f6r f\u00f6rsta g\u00e5ngen. H\u00e5ll utkik efter uppdateringar om hur vi p\u00e5 internationella kvinnodagen kommer anv\u00e4nda Zaras r\u00f6st och passion f\u00f6r kvinnors r\u00e4ttigheter till att g\u00f6ra fler hem mer j\u00e4mlika.\u201d \u2013 Marcus Engman, IKEA Chief Creative Officer<\/p>\n<p>Bara n\u00e5gra dagar tidigare sl\u00e4pper Zara sitt efterl\u00e4ngtade album. \u201dPoster Girl\u201d visar upp en popstj\u00e4rna i praktslag. I gr\u00e4nslandet mellan pop, modern R&amp;B och vibrerande dansgolvsmelodramer portr\u00e4tterar skivan en ung kvinna som leker med b\u00e5de sj\u00e4lvbild och artistpersona. \u00c4nd\u00e5 r\u00e5der det ingen tvekan om att det \u00e4r p\u00e5 scen alla Zaras kvaliteter sammanfaller i ett samlat helhetsuttryck av s\u00e5ng, dans, lekfullhet och publikkontroll. Det \u00e4r i en livemilj\u00f6 hon \u00e4r i sitt esse. Det \u00e4r n\u00e4r du f\u00e5r uppleva Zara Larsson p\u00e5 scen du fullt ut f\u00f6rst\u00e5r hur hon har blivit en v\u00e4rldsstj\u00e4rna med miljarder streams, prestigefulla upptr\u00e4danden och artistsamarbeten.<\/p>\n<p>Den 8 mars kan vi v\u00e4nta oss en visuellt enast\u00e5ende show vars olika milj\u00f6er speglar olika aspekter av Zara och ger l\u00e5tarna en personlig inramning. Konserten kommer s\u00e4ndas exklusivt via YouTube och finns bara tillg\u00e4nglig under en begr\u00e4nsad tid.<\/p>\n","protected":false},"excerpt":{"rendered":"<p>F\u00f6r att fira nya albumet \u201dPoster Girl\u201d och uppm\u00e4rksamma internationella kvinnodagen ger Zara Larsson den 8 mars kl 19.00 en global streamingkonsert. Varje l\u00e5t f\u00e5r en unik inramning och g\u00f6rs i storskalig produktion exklusivt och gratis via YouTube, endast tillg\u00e4nglig under en begr\u00e4nsad tid. Ett pressmeddelande ber\u00e4ttar mer: V\u00e4rlden tillh\u00f6r Zara Larsson men p\u00e5 internationella [&hellip;]<\/p>\n","protected":false},"author":13,"featured_media":0,"comment_status":"closed","ping_status":"closed","sticky":false,"template":"","format":"standard","meta":{"_genesis_hide_title":false,"_genesis_hide_breadcrumbs":false,"_genesis_hide_singular_image":false,"_genesis_hide_footer_widgets":false,"_genesis_custom_body_class":"","_genesis_custom_post_class":"","_genesis_layout":"","footnotes":""},"categories":[7,13624],"tags":[],"class_list":{"0":"post-139149","1":"post","2":"type-post","3":"status-publish","4":"format-standard","6":"category-musik","7":"category-toppnytt","8":"entry"},"_links":{"self":[{"href":"https:\/\/kulturbloggen.com\/index.php?rest_route=\/wp\/v2\/posts\/139149","targetHints":{"allow":["GET"]}}],"collection":[{"href":"https:\/\/kulturbloggen.com\/index.php?rest_route=\/wp\/v2\/posts"}],"about":[{"href":"https:\/\/kulturbloggen.com\/index.php?rest_route=\/wp\/v2\/types\/post"}],"author":[{"embeddable":true,"href":"https:\/\/kulturbloggen.com\/index.php?rest_route=\/wp\/v2\/users\/13"}],"replies":[{"embeddable":true,"href":"https:\/\/kulturbloggen.com\/index.php?rest_route=%2Fwp%2Fv2%2Fcomments&post=139149"}],"version-history":[{"count":4,"href":"https:\/\/kulturbloggen.com\/index.php?rest_route=\/wp\/v2\/posts\/139149\/revisions"}],"predecessor-version":[{"id":139156,"href":"https:\/\/kulturbloggen.com\/index.php?rest_route=\/wp\/v2\/posts\/139149\/revisions\/139156"}],"wp:attachment":[{"href":"https:\/\/kulturbloggen.com\/index.php?rest_route=%2Fwp%2Fv2%2Fmedia&parent=139149"}],"wp:term":[{"taxonomy":"category","embeddable":true,"href":"https:\/\/kulturbloggen.com\/index.php?rest_route=%2Fwp%2Fv2%2Fcategories&post=139149"},{"taxonomy":"post_tag","embeddable":true,"href":"https:\/\/kulturbloggen.com\/index.php?rest_route=%2Fwp%2Fv2%2Ftags&post=139149"}],"curies":[{"name":"wp","href":"https:\/\/api.w.org\/{rel}","templated":true}]}}