{"id":138994,"date":"2021-02-10T18:49:06","date_gmt":"2021-02-10T16:49:06","guid":{"rendered":"https:\/\/kulturbloggen.com\/?p=138994"},"modified":"2021-02-10T18:49:08","modified_gmt":"2021-02-10T16:49:08","slug":"hemma-hos-vasterbottensteatern-i-livestream-fran-konventet-folk-och-kultur","status":"publish","type":"post","link":"https:\/\/kulturbloggen.com\/?p=138994","title":{"rendered":"&#8221;Hemma hos V\u00e4sterbottensteatern&#8221; i livestream fr\u00e5n konventet Folk och Kultur"},"content":{"rendered":"<p><img loading=\"lazy\" decoding=\"async\" class=\"aligncenter size-full wp-image-139000\" src=\"https:\/\/kulturbloggen.com\/wp-content\/uploads\/2021\/02\/unnamed.jpg\" alt=\"\" width=\"650\" height=\"285\" srcset=\"https:\/\/kulturbloggen.com\/wp-content\/uploads\/2021\/02\/unnamed.jpg 650w, https:\/\/kulturbloggen.com\/wp-content\/uploads\/2021\/02\/unnamed-300x132.jpg 300w\" sizes=\"auto, (max-width: 650px) 100vw, 650px\" \/><\/p>\n<p>V\u00e4sterbottensteatern tar plats i s\u00e4ndningen med ett &#8221;hemma hos-program&#8221; n\u00e4r hela kultursverige samlas 10-12 februari f\u00f6r \u00e5rets digitala version av det kulturpolitiska konventet Folk och Kultur. Inslaget Hemma hos V\u00e4sterbottensteatern bjuder p\u00e5 samtal och vidgade perspektiv kring teatern som m\u00f6tesplats och hur scenkonsten kan ha en bidragande effekt p\u00e5 en kommuns utveckling.<\/p>\n<p>Ett pressmeddelande ber\u00e4ttar mer:<br \/>\nFolk och kultur brukar vanligtvis samla en stor m\u00e4ngd deltagare f\u00f6r samtal, seminarier och debatter kring kulturpolitiska fr\u00e5gor. Av given anledning genomf\u00f6rs \u00e5rets konvent i digital form. En m\u00e4ngd kulturinstitutioner bidrar med inslag online och V\u00e4sterbottensteatern bjuder in till sitt bidrag med rubriken Hemma hos V\u00e4sterbottensteatern. Det handlar f\u00f6rst\u00e5s inte om heminredning utan teaterns roll i samh\u00e4llet, p\u00e5 sin hemmaplan, ber\u00e4ttar Fransesca Quartey, vd p\u00e5 V\u00e4sterbottensteatern.<\/p>\n<p>\u2013 Vi bjuder in till samtal, diskussion och vidgade perspektiv kring ledarskap, och teatern som m\u00f6tesplats. Vi kommer ocks\u00e5 att ge exempel p\u00e5 hur scenkonsten kan vara en nyckel till f\u00f6rdjupade samtal m\u00e4nniskor emellan och ha en bidragande effekt p\u00e5 en kommuns utveckling.<\/p>\n<p>Hemma hos V\u00e4sterbottensteatern s\u00e4nds live online fredag 12 februari kl 12.10-13.10.<br \/>\n\u2013 Att p\u00e5 det h\u00e4r s\u00e4ttet medverka i Folk och Kultur \u00e4r en naturlig forts\u00e4ttning p\u00e5 den digitala satsning vi har engagerat oss i med b\u00e5de kraft och kreativitet under det speciella \u00e5ret 2020, s\u00e4ger Fransesca Quartey.<\/p>\n<p>Ett program i fyra akter<br \/>\nHemma hos V\u00e4sterbottensteatern presenteras i fyra akter. Fransesca Quartey och Martin Hedqvist, V\u00e4sterbottensteaterns styrelseordf\u00f6rande, samtalar kring relationen mellan teatern och dess styrelse. Fransesca Quartey kommer d\u00e4refter att ber\u00e4tta om resan in i Sara kulturhus, norra Europas h\u00f6gsta tr\u00e4byggnad. Vad det kommer det nya huset att betyda f\u00f6r V\u00e4sterbottensteaterns och Skellefte\u00e5 kommuns fortsatta utveckling? Teaterns konstn\u00e4rliga ledare Bobo Lund\u00e9n ber\u00e4ttar \u00e4ven om v\u00e4rldspremi\u00e4ren p\u00e5 Musikanternas utt\u00e5g som kommer att bli V\u00e4sterbottensteatern f\u00f6rsta stora f\u00f6rest\u00e4llning i Sara kulturhus h\u00f6sten 2021.<\/p>\n<p>Prisat ungdomsarbete<br \/>\nV\u00e4sterbottensteaterns m\u00e5ngfaldigt prisade ungdomsavdelning UngH\u00e4sten representeras av avdelningschefen Malin Lundqvist och sk\u00e5despelaren David \u00c5kerlund. De kommer att ber\u00e4tta om 20 \u00e5rs erfarenhet av att n\u00e5 fram i dialogen med unga m\u00e4nniskor med teater som verktyg.<\/p>\n<p>Resurscentrum p\u00e5 den ordiska arenan<br \/>\nAvslutningsvis medverkar Robert Herrala, avdelningschef, och pedagogenTheresa Eriksson f\u00f6r att under rubriken Varje ber\u00e4ttelse \u00e4r v\u00e4rd att h\u00f6ras! presentera arbetet p\u00e5 Nordiskt Ber\u00e4ttarcentrum \u2013 V\u00e4sterbottensteaterns ber\u00e4ttaravdelning och ett resurscentrum f\u00f6r utveckling av ber\u00e4ttarkonsten inom hela den nordiska arenan.<\/p>\n<p>Om Folk och Kultur<br \/>\nFolk och Kultur \u00e4r ett kulturpolitiskt konvent. Initiativtagare till Folk och Kultur \u00e4r L\u00e4nsteatrarna i Sverige, Regional Musik i Sverige och L\u00e4nsmuseernas Samarbetsr\u00e5d, projekt\u00e4gare \u00e4r den ideella f\u00f6reningen Kulturlyftet.<\/p>\n<p>Konventet har utvecklats i n\u00e4ra samarbete med Eskilstuna kommun och Region S\u00f6rmland. Som plattform f\u00f6r inspiration, upplevelser och l\u00e4rande skapas inneh\u00e5llet i samverkan med flera hundra externa arrang\u00f6rer, utst\u00e4llare och representanter fr\u00e5n kulturlivet, politiken, myndigheter, organisationer, ideella sektorn och landets 21 regioner. F\u00f6rutom samtal, debatter och seminarier, presenterar Folk och Kultur ett digert program av professionella konstn\u00e4rliga f\u00f6rest\u00e4llningar och upplevelser.<\/p>\n<p>Folk och Kultur \u00e4ger sedan starten 2018 rum \u00e5rligen i Munktellstaden i Eskilstuna.<\/p>\n<p>Hemma hos V\u00e4sterbottensteatern \u2013 en del av Folk och Kultur 2021<br \/>\nTid: Fredag 12 februari kl 12.10-13.10<br \/>\nPlats: Livestream online<br \/>\nP\u00e5 programsidan finns \u00e4ven en l\u00e4nk till en chatt d\u00e4r \u00e5h\u00f6rarna kan st\u00e4lla fr\u00e5gor till panelen under lives\u00e4ndningen.<br \/>\nS\u00e5 deltar du: Att ta del av programpunkterna under Folk och Kultur \u00e4r helt kostnadsfritt, men du m\u00e5ste skapa ett konto f\u00f6r att komma \u00e5t inneh\u00e5llet. N\u00e4r du v\u00e4l \u00e4r inloggad kan du se alla drygt 250 programpunkter. Den som vill ta del av v\u00e5rt program kan redan i f\u00f6rv\u00e4g skapa ett konto via direktl\u00e4nken till s\u00e4ndningen eller p\u00e5 <a href=\"http:\/\/www.folkochkultur.se\">folkochkultur.se.<\/a> Sedan \u00e4r det bara att logga in vid programstart f\u00f6r att se och lyssna.<\/p>\n","protected":false},"excerpt":{"rendered":"<p>V\u00e4sterbottensteatern tar plats i s\u00e4ndningen med ett &#8221;hemma hos-program&#8221; n\u00e4r hela kultursverige samlas 10-12 februari f\u00f6r \u00e5rets digitala version av det kulturpolitiska konventet Folk och Kultur. Inslaget Hemma hos V\u00e4sterbottensteatern bjuder p\u00e5 samtal och vidgade perspektiv kring teatern som m\u00f6tesplats och hur scenkonsten kan ha en bidragande effekt p\u00e5 en kommuns utveckling. Ett pressmeddelande ber\u00e4ttar [&hellip;]<\/p>\n","protected":false},"author":13,"featured_media":0,"comment_status":"closed","ping_status":"closed","sticky":false,"template":"","format":"standard","meta":{"_genesis_hide_title":false,"_genesis_hide_breadcrumbs":false,"_genesis_hide_singular_image":false,"_genesis_hide_footer_widgets":false,"_genesis_custom_body_class":"","_genesis_custom_post_class":"","_genesis_layout":"","footnotes":""},"categories":[62,13624],"tags":[],"class_list":{"0":"post-138994","1":"post","2":"type-post","3":"status-publish","4":"format-standard","6":"category-medie-och-kulturpolitik","7":"category-toppnytt","8":"entry"},"_links":{"self":[{"href":"https:\/\/kulturbloggen.com\/index.php?rest_route=\/wp\/v2\/posts\/138994","targetHints":{"allow":["GET"]}}],"collection":[{"href":"https:\/\/kulturbloggen.com\/index.php?rest_route=\/wp\/v2\/posts"}],"about":[{"href":"https:\/\/kulturbloggen.com\/index.php?rest_route=\/wp\/v2\/types\/post"}],"author":[{"embeddable":true,"href":"https:\/\/kulturbloggen.com\/index.php?rest_route=\/wp\/v2\/users\/13"}],"replies":[{"embeddable":true,"href":"https:\/\/kulturbloggen.com\/index.php?rest_route=%2Fwp%2Fv2%2Fcomments&post=138994"}],"version-history":[{"count":6,"href":"https:\/\/kulturbloggen.com\/index.php?rest_route=\/wp\/v2\/posts\/138994\/revisions"}],"predecessor-version":[{"id":139003,"href":"https:\/\/kulturbloggen.com\/index.php?rest_route=\/wp\/v2\/posts\/138994\/revisions\/139003"}],"wp:attachment":[{"href":"https:\/\/kulturbloggen.com\/index.php?rest_route=%2Fwp%2Fv2%2Fmedia&parent=138994"}],"wp:term":[{"taxonomy":"category","embeddable":true,"href":"https:\/\/kulturbloggen.com\/index.php?rest_route=%2Fwp%2Fv2%2Fcategories&post=138994"},{"taxonomy":"post_tag","embeddable":true,"href":"https:\/\/kulturbloggen.com\/index.php?rest_route=%2Fwp%2Fv2%2Ftags&post=138994"}],"curies":[{"name":"wp","href":"https:\/\/api.w.org\/{rel}","templated":true}]}}