{"id":1386,"date":"2008-09-03T19:55:31","date_gmt":"2008-09-03T19:55:31","guid":{"rendered":"http:\/\/kulturbloggen.com\/?p=1386"},"modified":"2008-09-03T19:55:31","modified_gmt":"2008-09-03T19:55:31","slug":"filippa-reinfeldt-olamplig-i-tidningsstyrelsen-inte-pa-grund-av-maken-fredrik-utan-for-sin-egen-skull","status":"publish","type":"post","link":"https:\/\/kulturbloggen.com\/?p=1386","title":{"rendered":"Filippa Reinfeldt ol\u00e4mplig i tidningsstyrelsen inte p\u00e5 grund av maken Fredrik, utan f\u00f6r sin egen skull"},"content":{"rendered":"<p><a href='http:\/\/sodergren.com\/kulturbloggen\/wp-content\/uploads\/2008\/09\/svd2601.jpg'><img loading=\"lazy\" decoding=\"async\" src=\"http:\/\/sodergren.com\/kulturbloggen\/wp-content\/uploads\/2008\/09\/svd2601.jpg\" alt=\"\" title=\"svd2601\" width=\"260\" height=\"150\" class=\"alignright size-full wp-image-1385\" \/><\/a>En av de mest k\u00e4nda svenskorna inom makthavarsf\u00e4ren har valts in i Svenska Dagbladets \u00e4garstiftelse, en organisation med stor insyn &#8211; och tv\u00e5 permanenta ledamotsplatser &#8211; i SvD:s bolagsstyrelse. Stiftelsen har en konsultativ roll n\u00e4r till exempel ny chefsredakt\u00f6r ska tills\u00e4ttas.<\/p>\n<p>Ja, det handlar om statsministerns fru, Filippa Reinfeldt.<\/p>\n<p>Det \u00e4r v\u00e4ldigt kluvet. Oppositionslandstingsr\u00e5det och v\u00e4nsterpartisten Birgitta Sevefjord kommer troligen  att f\u00f6rs\u00f6ka stoppa Filippa Reinfeldts uppdrag f\u00f6r dagstidningen.<\/p>\n<p>Tidningar har till uppdrag att granska makthavare och politiker och nu ska allts\u00e5 en av de som ska granskas sitta i styrelsen \u00f6ver granskarna. Det \u00e4r lite osmakligt.<\/p>\n<p>Filippa Reinfeldt \u00e4r fru till h\u00f6gerregeringens statsminister Fredrik Reinfeldt. Om hon bara var hans fru och inte hade en egen politisk karri\u00e4r skulle jag tycka att hon visst borde f\u00e5 vara med i vilken styrelse som helst. Varje individ har sin ekonomi och sin deklaration och torde betraktas som en sj\u00e4lvst\u00e4ndig individ. Anledningen till att det \u00e4r ol\u00e4mpligt att Filippa Reinfeldt sitter i en tidnings styrelse \u00e4r f\u00f6r att hon har en politisk maktst\u00e4llning.<\/p>\n<p><a href=\"http:\/\/claeskrantz.se\/arkivet\/2501\">Claes Krantz har ocks\u00e5 bloggat om det,<\/a> liksom <a href=\"http:\/\/tangoforenbenta.blogspot.com\/2008\/09\/bl-bl-r-tidningen.html\">Tango f\u00f6r enbenta<\/a>.<\/p>\n<p>Relaterat:<br \/>\n<a href=\"http:\/\/www.dn.se\/DNet\/jsp\/polopoly.jsp?d=1058&#038;a=823397\">DN: Filippa Reinfeldt ser inget j\u00e4v<\/a><br \/>\n<a href=\"http:\/\/www.dn.se\/DNet\/jsp\/polopoly.jsp?d=1058&#038;a=823845\">Dagens Nyheter<\/a><br \/>\n<a href=\"http:\/\/www.dn.se\/DNet\/jsp\/polopoly.jsp?d=1058&#038;a=823461\">DN: Weibull om Reinfeldt<\/a><\/p>\n<p>Andra bloggar om: <a href=\"http:\/\/bloggar.se\/om\/medier\" rel=\"tag\">medier<\/a>, <a href=\"http:\/\/bloggar.se\/om\/medie-+och+kulturpolitik\" rel=\"tag\">medie- och kulturpolitik<\/a>, <a href=\"http:\/\/bloggar.se\/om\/Svenska+Dagbladet\" rel=\"tag\">Svenska Dagbladet<\/a>, <a href=\"http:\/\/bloggar.se\/om\/Filippa+Reinfeldt\" rel=\"tag\">Filippa Reinfeldt<\/a>, <a href=\"http:\/\/bloggar.se\/om\/Reinfeldt\" rel=\"tag\">Reinfeldt<\/a>, <a href=\"http:\/\/bloggar.se\/om\/j%E4v\" rel=\"tag\">j\u00e4v<\/a>, <a href=\"http:\/\/bloggar.se\/om\/granskning\" rel=\"tag\">granskning<\/a>, <a href=\"http:\/\/bloggar.se\/om\/makthavare\" rel=\"tag\">makthavare<\/a><\/p>\n","protected":false},"excerpt":{"rendered":"<p>En av de mest k\u00e4nda svenskorna inom makthavarsf\u00e4ren har valts in i Svenska Dagbladets \u00e4garstiftelse, en organisation med stor insyn &#8211; och tv\u00e5 permanenta ledamotsplatser &#8211; i SvD:s bolagsstyrelse. Stiftelsen har en konsultativ roll n\u00e4r till exempel ny chefsredakt\u00f6r ska tills\u00e4ttas. Ja, det handlar om statsministerns fru, Filippa Reinfeldt. Det \u00e4r v\u00e4ldigt kluvet. Oppositionslandstingsr\u00e5det och [&hellip;]<\/p>\n","protected":false},"author":2,"featured_media":0,"comment_status":"open","ping_status":"open","sticky":false,"template":"","format":"standard","meta":{"_genesis_hide_title":false,"_genesis_hide_breadcrumbs":false,"_genesis_hide_singular_image":false,"_genesis_hide_footer_widgets":false,"_genesis_custom_body_class":"","_genesis_custom_post_class":"","_genesis_layout":"","footnotes":""},"categories":[20],"tags":[3582],"class_list":{"0":"post-1386","1":"post","2":"type-post","3":"status-publish","4":"format-standard","6":"category-film","7":"tag-medier","8":"entry"},"_links":{"self":[{"href":"https:\/\/kulturbloggen.com\/index.php?rest_route=\/wp\/v2\/posts\/1386","targetHints":{"allow":["GET"]}}],"collection":[{"href":"https:\/\/kulturbloggen.com\/index.php?rest_route=\/wp\/v2\/posts"}],"about":[{"href":"https:\/\/kulturbloggen.com\/index.php?rest_route=\/wp\/v2\/types\/post"}],"author":[{"embeddable":true,"href":"https:\/\/kulturbloggen.com\/index.php?rest_route=\/wp\/v2\/users\/2"}],"replies":[{"embeddable":true,"href":"https:\/\/kulturbloggen.com\/index.php?rest_route=%2Fwp%2Fv2%2Fcomments&post=1386"}],"version-history":[{"count":0,"href":"https:\/\/kulturbloggen.com\/index.php?rest_route=\/wp\/v2\/posts\/1386\/revisions"}],"wp:attachment":[{"href":"https:\/\/kulturbloggen.com\/index.php?rest_route=%2Fwp%2Fv2%2Fmedia&parent=1386"}],"wp:term":[{"taxonomy":"category","embeddable":true,"href":"https:\/\/kulturbloggen.com\/index.php?rest_route=%2Fwp%2Fv2%2Fcategories&post=1386"},{"taxonomy":"post_tag","embeddable":true,"href":"https:\/\/kulturbloggen.com\/index.php?rest_route=%2Fwp%2Fv2%2Ftags&post=1386"}],"curies":[{"name":"wp","href":"https:\/\/api.w.org\/{rel}","templated":true}]}}