{"id":138535,"date":"2021-01-22T16:38:14","date_gmt":"2021-01-22T14:38:14","guid":{"rendered":"https:\/\/kulturbloggen.com\/?p=138535"},"modified":"2021-01-22T16:38:15","modified_gmt":"2021-01-22T14:38:15","slug":"lyssna-lars-bygden-och-anna-stadling-i-varje-andetag","status":"publish","type":"post","link":"https:\/\/kulturbloggen.com\/?p=138535","title":{"rendered":"Lyssna: Lars Bygd\u00e9n och Anna Stadling &#8211; I varje andetag"},"content":{"rendered":"<p><img loading=\"lazy\" decoding=\"async\" class=\"aligncenter size-full wp-image-138541\" src=\"https:\/\/kulturbloggen.com\/wp-content\/uploads\/2021\/01\/unnamed-2-1.jpg\" alt=\"\" width=\"650\" height=\"650\" srcset=\"https:\/\/kulturbloggen.com\/wp-content\/uploads\/2021\/01\/unnamed-2-1.jpg 650w, https:\/\/kulturbloggen.com\/wp-content\/uploads\/2021\/01\/unnamed-2-1-300x300.jpg 300w, https:\/\/kulturbloggen.com\/wp-content\/uploads\/2021\/01\/unnamed-2-1-150x150.jpg 150w\" sizes=\"auto, (max-width: 650px) 100vw, 650px\" \/><\/p>\n<p>Lars Bygd\u00e9n och Anna Stadling hyllar sitt hemmalag Timr\u00e5. Ett pressmeddelande ber\u00e4ttar:<br \/>\nI decennier har etiketten \u201dR\u00f6d och vit hockeydynamit\u201d klistrats p\u00e5 Timr\u00e5 IK. Oavsett vilken division klubben fr\u00e5n Medelpad legat i \u00e4r det st\u00e4ndigt spr\u00e4ngkraft i en av svensk ishockeys magiska plantskolor.<br \/>\nN\u00e4r Lars Bygd\u00e9n g\u00e4stas av Anna Stadling i Timr\u00e5hymnen \u201dI varje andetag\u201d \u00e4r det d\u00e4remot med ett mjukare handlag som k\u00e4rleken till den r\u00f6dvita klubben formas. Till melodin fr\u00e5n \u201dAmazing Grace\u201d v\u00e4xer tonl\u00e4get fr\u00e5n f\u00f6rsiktiga sk\u00e4r \u00f6ver en h\u00f6gblank is i oktober till slutet med en fullpackad playoffl\u00e4ktare i gospellyrisk alls\u00e5ng i mars.<br \/>\nEtt lyrikklipp med l\u00e5ten och legendarer ur klubbens historia n\u00e5dde snabbt \u00f6ver 25.000 p\u00e5 YouTube. N\u00e4r Timr\u00e5 nu leder Hockeyallsvenskan \u00f6verl\u00e4gset och alla hoppas p\u00e5 \u00e5terkomst till SHL l\u00e4ggs den v\u00e4ltajmat upp p\u00e5 streamingtj\u00e4nsterna.<\/p>\n<p><iframe loading=\"lazy\" src=\"https:\/\/open.spotify.com\/embed\/album\/41531KQ3UHtVuD9sWZCxgv\" width=\"300\" height=\"380\" frameborder=\"0\"><\/iframe><\/p>\n","protected":false},"excerpt":{"rendered":"<p>Lars Bygd\u00e9n och Anna Stadling hyllar sitt hemmalag Timr\u00e5. Ett pressmeddelande ber\u00e4ttar: I decennier har etiketten \u201dR\u00f6d och vit hockeydynamit\u201d klistrats p\u00e5 Timr\u00e5 IK. Oavsett vilken division klubben fr\u00e5n Medelpad legat i \u00e4r det st\u00e4ndigt spr\u00e4ngkraft i en av svensk ishockeys magiska plantskolor. N\u00e4r Lars Bygd\u00e9n g\u00e4stas av Anna Stadling i Timr\u00e5hymnen \u201dI varje andetag\u201d [&hellip;]<\/p>\n","protected":false},"author":13,"featured_media":0,"comment_status":"closed","ping_status":"closed","sticky":false,"template":"","format":"standard","meta":{"_genesis_hide_title":false,"_genesis_hide_breadcrumbs":false,"_genesis_hide_singular_image":false,"_genesis_hide_footer_widgets":false,"_genesis_custom_body_class":"","_genesis_custom_post_class":"","_genesis_layout":"","footnotes":""},"categories":[7,13624],"tags":[],"class_list":{"0":"post-138535","1":"post","2":"type-post","3":"status-publish","4":"format-standard","6":"category-musik","7":"category-toppnytt","8":"entry"},"_links":{"self":[{"href":"https:\/\/kulturbloggen.com\/index.php?rest_route=\/wp\/v2\/posts\/138535","targetHints":{"allow":["GET"]}}],"collection":[{"href":"https:\/\/kulturbloggen.com\/index.php?rest_route=\/wp\/v2\/posts"}],"about":[{"href":"https:\/\/kulturbloggen.com\/index.php?rest_route=\/wp\/v2\/types\/post"}],"author":[{"embeddable":true,"href":"https:\/\/kulturbloggen.com\/index.php?rest_route=\/wp\/v2\/users\/13"}],"replies":[{"embeddable":true,"href":"https:\/\/kulturbloggen.com\/index.php?rest_route=%2Fwp%2Fv2%2Fcomments&post=138535"}],"version-history":[{"count":6,"href":"https:\/\/kulturbloggen.com\/index.php?rest_route=\/wp\/v2\/posts\/138535\/revisions"}],"predecessor-version":[{"id":138543,"href":"https:\/\/kulturbloggen.com\/index.php?rest_route=\/wp\/v2\/posts\/138535\/revisions\/138543"}],"wp:attachment":[{"href":"https:\/\/kulturbloggen.com\/index.php?rest_route=%2Fwp%2Fv2%2Fmedia&parent=138535"}],"wp:term":[{"taxonomy":"category","embeddable":true,"href":"https:\/\/kulturbloggen.com\/index.php?rest_route=%2Fwp%2Fv2%2Fcategories&post=138535"},{"taxonomy":"post_tag","embeddable":true,"href":"https:\/\/kulturbloggen.com\/index.php?rest_route=%2Fwp%2Fv2%2Ftags&post=138535"}],"curies":[{"name":"wp","href":"https:\/\/api.w.org\/{rel}","templated":true}]}}