{"id":138280,"date":"2021-01-07T17:08:37","date_gmt":"2021-01-07T15:08:37","guid":{"rendered":"https:\/\/kulturbloggen.com\/?p=138280"},"modified":"2021-01-07T17:08:38","modified_gmt":"2021-01-07T15:08:38","slug":"recension-av-tv-serie-vikings-sasong-6","status":"publish","type":"post","link":"https:\/\/kulturbloggen.com\/?p=138280","title":{"rendered":"Recension av tv-serie: Vikings s\u00e4song 6"},"content":{"rendered":"<p><img loading=\"lazy\" decoding=\"async\" class=\"aligncenter size-full wp-image-138293\" src=\"https:\/\/kulturbloggen.com\/wp-content\/uploads\/2021\/01\/alexander-ludwig-vikings-season-6-history.jpg\" alt=\"\" width=\"650\" height=\"368\" srcset=\"https:\/\/kulturbloggen.com\/wp-content\/uploads\/2021\/01\/alexander-ludwig-vikings-season-6-history.jpg 650w, https:\/\/kulturbloggen.com\/wp-content\/uploads\/2021\/01\/alexander-ludwig-vikings-season-6-history-300x170.jpg 300w\" sizes=\"auto, (max-width: 650px) 100vw, 650px\" \/><\/p>\n<p>Vikings &#8211; s\u00e4song 6<br \/>\nBetyg 3<br \/>\nAndra halvan av s\u00e4song 6 hade premi\u00e4r 5 januari 2021 p\u00e5 HBO Nordic<\/p>\n<p>I sista avsnittet av f\u00f6rsta halvan av s\u00e4song 6 s\u00e5g vi hur Ivar och Bj\u00f6rn stred p\u00e5 liv och d\u00f6d och vi vet att Bj\u00f6rn blev d\u00f6dligt skadad. Men hur gick det sedan? Dog han? I \u00e5terst\u00e5ende tio avsnitt i denna sista s\u00e4song f\u00e5r vi m\u00e5nga svar och cirklarna sluts p\u00e5 m\u00e5nga s\u00e4tt. Hur g\u00e5r det f\u00f6r Ivar hos ruserna och den f\u00f6rf\u00e4rliga Oleg? Hur g\u00e5r det f\u00f6r Ivar och Oleg i Norge? Hur g\u00e5r det med slutstriden i Kattegatt? Och vad har h\u00e4nt med Ubbe och hans f\u00f6ljeslagare som vill ta sig till det gyllene landet l\u00e5ngt bort i v\u00e4ster? Och hur g\u00e5r det f\u00f6r kung Alfred i Wessex, son till munken Athelstan? Ni har v\u00e4l inte gl\u00f6mt dem? De sista tio avsnitten tar med oss p\u00e5 en f\u00e4ngslande resa d\u00e4r vi f\u00e5r f\u00f6lja upp de m\u00e5nga olika tr\u00e5dar som spunnits i serien.<\/p>\n<p>Det \u00e4r en r\u00e4tt bra sista del av sista s\u00e4songen, sp\u00e4nnande av och till och serien lyfter fram existentiella fr\u00e5gor mycket mer \u00e4n vad som gjorts tidigare. Det \u00e4r dess stora styrka. En annan. styrka \u00e4r att m\u00e4nniskorna inte \u00e4r huggna i sten utan utvecklas, s\u00e5 som det oftast \u00e4r i livet. Vi l\u00e4r oss av h\u00e4ndelserna och vi utvecklas genom m\u00f6ten med andra.<\/p>\n<p>Min st\u00f6rsta kritik mot serien \u00e4r hur religionerna skildras och d\u00e5 i synnerhet vikingarnas asatro. I serien och i synnerhet i dessa tio avslutande avsnitt skildras vikingarna och deras f\u00f6rh\u00e5llande till Oden, Tor, Freja med flera som om de har samma slags relation till dem som en kristen till Jesus. Jag har sv\u00e5rt att tro p\u00e5 att vikingarna trodde p\u00e5 gudarna p\u00e5 samma s\u00e4tt eftersom all religionsvetenskaplig forskning visar att paganism (hedendom) inte har trosartiklar p\u00e5 samma s\u00e4tt de tre abrahamitiska religionerna kristendom, islam och judendom. Kristendom sticker dessutom ut \u00e4nnu mer och i synnerhet den lutherska varianten som genomsyrar en stor del av det v\u00e4sterl\u00e4ndska samh\u00e4llet. Det tror jag p\u00e5verkar serieskaparna mycket mer \u00e4n de sj\u00e4lva f\u00f6rst\u00e5r. F\u00f6r anh\u00e4ngare av paganism \u00e4r fr\u00e5gan: &#8221;Vad tror du p\u00e5?&#8221; ofta inte alls relevant. F\u00f6r dem handlar religionen om vad de g\u00f6r. Inom luthersk kristendom \u00e4r det tron och hur den formuleras som \u00e4r det viktiga.<\/p>\n<p>Annan kritik jag har g\u00e4ller i synnerhet denna sista del av sista s\u00e4songen. D\u00e4r \u00e4r mycket v\u00e5ld och ofta i ultrarapid. Skildrat lite mer \u00e4n det beh\u00f6vs, tycker jag. Att v\u00e4rlden \u00e4r v\u00e5ldsam och alltid varit det \u00e4r visserligen en del av hur livet \u00e4r och har varit, men emellan\u00e5t tycker jag det frossas i dessa n\u00e4rkamper mer \u00e4n vad som beh\u00f6vs f\u00f6r ber\u00e4ttelsen.<\/p>\n<p>En annan kritik jag har \u00e4r att det dykt upp en del nyare karakt\u00e4rer som \u00e4r r\u00e4tt ointressanta: som Ingrid som blir drottning i Kattegatt och Erik som blir en n\u00e4ra medhj\u00e4lpare till Kung Harald.<\/p>\n<p>Vad som \u00e4r j\u00e4ttebra \u00e4r att det st\u00e5r tydligt att detta \u00e4r den absolut sista delen. Serien har liksom m\u00e5nga serier dragits ut p\u00e5 lite mer \u00e4n vad som \u00e4r bra. F\u00f6r min del var de f\u00f6rsta tre s\u00e4songerna b\u00e4st.<\/p>\n<p>Men de sista tio avsnitten \u00e4r v\u00e4l obligatoriska f\u00f6r alla som sett allt innan dess. Trots allt \u00e4r det karakt\u00e4rer jag f\u00f6ljt och vill se hur det g\u00e5r f\u00f6r dem.<\/p>\n<p><iframe loading=\"lazy\" src=\"https:\/\/www.youtube.com\/embed\/Auzs95InJzo\" width=\"560\" height=\"315\" frameborder=\"0\" allowfullscreen=\"allowfullscreen\"><\/iframe><\/p>\n","protected":false},"excerpt":{"rendered":"<p>Vikings &#8211; s\u00e4song 6 Betyg 3 Andra halvan av s\u00e4song 6 hade premi\u00e4r 5 januari 2021 p\u00e5 HBO Nordic I sista avsnittet av f\u00f6rsta halvan av s\u00e4song 6 s\u00e5g vi hur Ivar och Bj\u00f6rn stred p\u00e5 liv och d\u00f6d och vi vet att Bj\u00f6rn blev d\u00f6dligt skadad. Men hur gick det sedan? Dog han? I [&hellip;]<\/p>\n","protected":false},"author":2,"featured_media":0,"comment_status":"closed","ping_status":"closed","sticky":false,"template":"","format":"standard","meta":{"_genesis_hide_title":false,"_genesis_hide_breadcrumbs":false,"_genesis_hide_singular_image":false,"_genesis_hide_footer_widgets":false,"_genesis_custom_body_class":"","_genesis_custom_post_class":"","_genesis_layout":"","footnotes":""},"categories":[16,13227,20,13624,13597],"tags":[],"class_list":{"0":"post-138280","1":"post","2":"type-post","3":"status-publish","4":"format-standard","6":"category-recension","7":"category-tv-serier","8":"category-film","9":"category-toppnytt","10":"category-tv","11":"entry"},"_links":{"self":[{"href":"https:\/\/kulturbloggen.com\/index.php?rest_route=\/wp\/v2\/posts\/138280","targetHints":{"allow":["GET"]}}],"collection":[{"href":"https:\/\/kulturbloggen.com\/index.php?rest_route=\/wp\/v2\/posts"}],"about":[{"href":"https:\/\/kulturbloggen.com\/index.php?rest_route=\/wp\/v2\/types\/post"}],"author":[{"embeddable":true,"href":"https:\/\/kulturbloggen.com\/index.php?rest_route=\/wp\/v2\/users\/2"}],"replies":[{"embeddable":true,"href":"https:\/\/kulturbloggen.com\/index.php?rest_route=%2Fwp%2Fv2%2Fcomments&post=138280"}],"version-history":[{"count":7,"href":"https:\/\/kulturbloggen.com\/index.php?rest_route=\/wp\/v2\/posts\/138280\/revisions"}],"predecessor-version":[{"id":138294,"href":"https:\/\/kulturbloggen.com\/index.php?rest_route=\/wp\/v2\/posts\/138280\/revisions\/138294"}],"wp:attachment":[{"href":"https:\/\/kulturbloggen.com\/index.php?rest_route=%2Fwp%2Fv2%2Fmedia&parent=138280"}],"wp:term":[{"taxonomy":"category","embeddable":true,"href":"https:\/\/kulturbloggen.com\/index.php?rest_route=%2Fwp%2Fv2%2Fcategories&post=138280"},{"taxonomy":"post_tag","embeddable":true,"href":"https:\/\/kulturbloggen.com\/index.php?rest_route=%2Fwp%2Fv2%2Ftags&post=138280"}],"curies":[{"name":"wp","href":"https:\/\/api.w.org\/{rel}","templated":true}]}}