{"id":13828,"date":"2009-10-16T09:45:59","date_gmt":"2009-10-16T07:45:59","guid":{"rendered":"http:\/\/kulturbloggen.com\/?p=13828"},"modified":"2009-10-16T09:45:59","modified_gmt":"2009-10-16T07:45:59","slug":"intervju-med-blanda","status":"publish","type":"post","link":"https:\/\/kulturbloggen.com\/?p=13828","title":{"rendered":"Intervju med Bl\u00e4nda"},"content":{"rendered":"<p><img loading=\"lazy\" decoding=\"async\" src=\"http:\/\/sodergren.com\/kulturbloggen\/wp-content\/uploads\/2009\/10\/blandabild-300x300.jpg\" alt=\"blandabild\" title=\"blandabild\" width=\"300\" height=\"300\" class=\"aligncenter size-medium wp-image-13940\" \/><\/p>\n<p>Bl\u00e4nda \u00e4r ett indieband som gav ut sitt debutalbum i h\u00f6stas. Ett bra album med stor k\u00e4nsla av folkrock och munspel.<\/p>\n<p>Intervju med Christoffer Schlee fr\u00e5n Bl\u00e4nda f\u00f6r Kulturbloggen:<\/p>\n<p><strong>Hur vill ni sj\u00e4lva beskriva er som band?<\/strong><br \/>\nBandets sammans\u00e4ttning \u00e4r ganska opretenti\u00f6s. Vi \u00e4r ett g\u00e4ng gubbar som tycker om ungef\u00e4r samma typ av musik och d\u00e4rmed trivs bra med att umg\u00e5s och spela med varandra. Emellertid kan ocks\u00e5 n\u00e4mnas att vi \u00e4r uppvuxna i samma kommun ute p\u00e5 den sm\u00e5l\u00e4ndska landsbygden. Detta inneb\u00e4r att vi har gemensamma referensramar av minnen och kulturella<br \/>\nkoder som knyter samman oss. S\u00e5 det kan nog betraktas som en k\u00e4rnpunkt<br \/>\nf\u00f6r bandet.<\/p>\n<p><strong>Vem \u00e4r vem och vem spelar vad?<\/strong><br \/>\nMagnus Josefsson \u00e4r v\u00e5r s\u00e5ngare och gitarrist, Johan Lejmark spelar bas och jag (Christoffer Schlee) spelar gitarr. Det kan man s\u00e4ga \u00e4r<br \/>\nBl\u00e4ndas innersta k\u00e4rna. V\u00e5r ursprunglige trummis Fredrik Bj\u00f6rling bor inte l\u00e4ngre i landet s\u00e5 nu st\u00e5r Marcus Rostedt f\u00f6r den biten.<\/p>\n<p><strong>Vilken musik \u00e4r ni inspirerade av?<\/strong><br \/>\nVi h\u00e4mtar v\u00e4l mest inspiration fr\u00e5n musik gjord p\u00e5 60- och 70-talet vilket naturligtvis \u00e4r ett extremt vagt svar. Men p\u00e5 senaste tiden har<br \/>\nflera av oss lyssnat mycket George Harrison, The Byrds, Nick Drake och Fleetwood Mac (Danny Kirwan-eran) vilket kanske ger ett litet hum om vad som mal i v\u00e5ra bakhuvuden n\u00e4r vi f\u00f6rs\u00f6ker g\u00f6ra egen musik.<\/p>\n<p><strong>Hur g\u00e5r det till n\u00e4r ni tar fram l\u00e5tar, vem skriver, hur g\u00f6r ni musiken?<\/strong><br \/>\nMagnus som skriver st\u00f6rre delen av v\u00e5rt material kommer vanligtvis med f\u00e4rdiga l\u00e5tar vilka vi som enhetlig grupp kompletterar med id\u00e9er<br \/>\noch sedan arrangerar tillsammans. \u00c4ven jag bidrar ibland med ett par l\u00e5tar men processen ser likadan ut d\u00e5.<\/p>\n<p><strong>Hur l\u00e4nge har ni spelat tillsammans?<\/strong><br \/>\nMagnus och Johan har k\u00e4nt varandra och spelat tillsammans i olika band sen de g\u00e5tt i grundskolan. Mot slutet av 2007 tr\u00e4ffade jag dem<br \/>\nb\u00e5da och blev inf\u00f6rst\u00e5dd med att Magnus ville starta ett nytt musikprojekt vilket b\u00e5de Johan och jag hakade p\u00e5. I b\u00f6rjan jobbade vi<br \/>\nmest med l\u00e5tar i studion, men n\u00e5gon g\u00e5ng under v\u00e5ren 2008 kan man s\u00e4ga att Bl\u00e4nda v\u00e4xte fram som band.<\/p>\n<p><strong>F\u00f6rsta albumet blev ju v\u00e4ldigt bra. Hur l\u00e4nge har ni jobbet med det?<\/strong><br \/>\nTack! Egentligen kan man s\u00e4ga att arbetet med plattan inleddes samtidigt som Bl\u00e4nda bildades. Det har inte varit n\u00e5gon koncentrerad<br \/>\nprocess utan inspelning skedde n\u00e4r vi hade tid, vilket inte var s\u00e5 ofta eftersom vi d\u00e5 var \u00e4nnu mer spridda \u00f6ver landet. S\u00e5 ett och ett<br \/>\nhalvt \u00e5r har det tagit i grova sl\u00e4ngar.<\/p>\n<p><strong>Vad har ni p\u00e5 g\u00e5ng nu? Spelningar?<\/strong><br \/>\nNu \u00e4r det fr\u00e4mst release-festen den 29:e oktober p\u00e5 Strand vi ser fram emot. Det ska bli roligt, och sen inte minst att se vad plattan<br \/>\nf\u00e5r f\u00f6r mottagande eller om den f\u00e5r n\u00e5got mottagande alls. Personligen hoppas jag ocks\u00e5 att vi snart kan komma ig\u00e5ng med att f\u00e5 ihop fler nya l\u00e5tar och spela in dessa. Vi har b\u00f6rjat s\u00e5 sm\u00e5tt och har planer p\u00e5 ett helt annat tillv\u00e4gag\u00e5ngss\u00e4tt \u00e4n hur vi arbetade med Minnesmissbruk.<\/p>\n<p><strong>Var bor bandets medlemmar?<\/strong><br \/>\nJohan \u00e4r den enda som bor i Kalmar. Resten av oss bor nu i Stockholm, \u00e4ven om Magnus har en liten men fast fot i sm\u00e5land han med.<\/p>\n<p><strong>Kan ni ber\u00e4tta lite om er sj\u00e4lva som personer, utanf\u00f6r musiken?<\/strong><br \/>\nOj, vad sv\u00e5rt! Man kan v\u00e4l s\u00e4ga att vi rent allm\u00e4nt \u00e4r intresserade av konst och kultur, s\u00e4rskilt olika typer av numera marginaliserade kulturyttringar s\u00e5som landsbyggdskultur. Det ligger n\u00e5got n\u00e4stan and\u00e4ktigt i att l\u00e4ra sig om och bet\u00e4nka hur folk umgicks och betedde<br \/>\nsig f\u00f6rr i sm\u00e5byar runt om i landet. Men det \u00e4r fr\u00e4mst Magnus och Johans gebit. Sj\u00e4lv tycker jag huvudsakligen om litteraturhistoria och<br \/>\nklassisk sk\u00f6nlitteratur.<\/p>\n<p><strong>L\u00e4ser ni n\u00e5gra bloggar, f\u00f6rresten?<\/strong><br \/>\n\u00c5tminstone inte jag. Det \u00e4r ett fenomen jag helt missat. P\u00e5 gott moch ont kanske eftersom det s\u00e4kert finns mycket t\u00e4nkv\u00e4rd och<br \/>\nintressant l\u00e4sning i bloggform h\u00e4r och var. Men det man inte k\u00e4nner till saknar man inte.<\/p>\n<p>Kulturbloggen hoppas f\u00f6rst\u00e5s att Bl\u00e4nda ska uppt\u00e4cka Kulturbloggen.<\/p>\n<p>L\u00e4s \u00e4ven andra bloggares \u00e5sikter om <a href=\"http:\/\/bloggar.se\/om\/intervju\" rel=\"tag\">intervju<\/a>, <a href=\"http:\/\/bloggar.se\/om\/folkrock\" rel=\"tag\">folkrock<\/a>, <a href=\"http:\/\/bloggar.se\/om\/\" rel=\"tag\"><\/a>, <a href=\"http:\/\/bloggar.se\/om\/Bl%E4nda\" rel=\"tag\">Bl\u00e4nda<\/a><\/p>\n","protected":false},"excerpt":{"rendered":"<p>Bl\u00e4nda \u00e4r ett indieband som gav ut sitt debutalbum i h\u00f6stas. Ett bra album med stor k\u00e4nsla av folkrock och munspel. Intervju med Christoffer Schlee fr\u00e5n Bl\u00e4nda f\u00f6r Kulturbloggen: Hur vill ni sj\u00e4lva beskriva er som band? Bandets sammans\u00e4ttning \u00e4r ganska opretenti\u00f6s. Vi \u00e4r ett g\u00e4ng gubbar som tycker om ungef\u00e4r samma typ av musik [&hellip;]<\/p>\n","protected":false},"author":2,"featured_media":0,"comment_status":"open","ping_status":"open","sticky":false,"template":"","format":"standard","meta":{"_genesis_hide_title":false,"_genesis_hide_breadcrumbs":false,"_genesis_hide_singular_image":false,"_genesis_hide_footer_widgets":false,"_genesis_custom_body_class":"","_genesis_custom_post_class":"","_genesis_layout":"","footnotes":""},"categories":[5],"tags":[1818,12281],"class_list":{"0":"post-13828","1":"post","2":"type-post","3":"status-publish","4":"format-standard","6":"category-intervju","7":"tag-folkrock","8":"tag-intervju","9":"entry"},"_links":{"self":[{"href":"https:\/\/kulturbloggen.com\/index.php?rest_route=\/wp\/v2\/posts\/13828","targetHints":{"allow":["GET"]}}],"collection":[{"href":"https:\/\/kulturbloggen.com\/index.php?rest_route=\/wp\/v2\/posts"}],"about":[{"href":"https:\/\/kulturbloggen.com\/index.php?rest_route=\/wp\/v2\/types\/post"}],"author":[{"embeddable":true,"href":"https:\/\/kulturbloggen.com\/index.php?rest_route=\/wp\/v2\/users\/2"}],"replies":[{"embeddable":true,"href":"https:\/\/kulturbloggen.com\/index.php?rest_route=%2Fwp%2Fv2%2Fcomments&post=13828"}],"version-history":[{"count":0,"href":"https:\/\/kulturbloggen.com\/index.php?rest_route=\/wp\/v2\/posts\/13828\/revisions"}],"wp:attachment":[{"href":"https:\/\/kulturbloggen.com\/index.php?rest_route=%2Fwp%2Fv2%2Fmedia&parent=13828"}],"wp:term":[{"taxonomy":"category","embeddable":true,"href":"https:\/\/kulturbloggen.com\/index.php?rest_route=%2Fwp%2Fv2%2Fcategories&post=13828"},{"taxonomy":"post_tag","embeddable":true,"href":"https:\/\/kulturbloggen.com\/index.php?rest_route=%2Fwp%2Fv2%2Ftags&post=13828"}],"curies":[{"name":"wp","href":"https:\/\/api.w.org\/{rel}","templated":true}]}}