{"id":138268,"date":"2021-01-07T16:26:12","date_gmt":"2021-01-07T14:26:12","guid":{"rendered":"https:\/\/kulturbloggen.com\/?p=138268"},"modified":"2021-01-07T16:43:44","modified_gmt":"2021-01-07T14:43:44","slug":"sf-svensk-filmindustri-borde-skammas-over-sitt-agerande-under-pandemin","status":"publish","type":"post","link":"https:\/\/kulturbloggen.com\/?p=138268","title":{"rendered":"SF, Svensk Filmindustri, borde sk\u00e4mmas \u00f6ver sitt agerande under pandemin"},"content":{"rendered":"<p><img loading=\"lazy\" decoding=\"async\" class=\"aligncenter size-full wp-image-138273\" src=\"https:\/\/kulturbloggen.com\/wp-content\/uploads\/2021\/01\/sif.png\" alt=\"\" width=\"180\" height=\"180\" srcset=\"https:\/\/kulturbloggen.com\/wp-content\/uploads\/2021\/01\/sif.png 180w, https:\/\/kulturbloggen.com\/wp-content\/uploads\/2021\/01\/sif-150x150.png 150w\" sizes=\"auto, (max-width: 180px) 100vw, 180px\" \/><\/p>\n<p>Det \u00e4r sorgligt, det \u00e4r bedr\u00f6vligt hur den svenska filmdistribut\u00f6ren SF, Svensk Filmindustri, st\u00e5r i en klass f\u00f6r sig i sitt f\u00f6rakt mot risken f\u00f6r filmkritiker att bli smittade av covid-19.<\/p>\n<p>Mer \u00e4n 9.000 inv\u00e5nare i Sverige har i skrivande stund avlidit med covid-19. Denna pandemi som drabbat v\u00e4rlden har drabbat Sverige h\u00e5rt. Och det \u00e4r anm\u00e4rkningsv\u00e4rt att av alla filmdistribut\u00f6rer som levererar film till svenska biografer \u00e4r SF den enda som inte l\u00e5ter kritiker f\u00e5 m\u00f6jlighet att recensera film online. F\u00f6r att se deras pressvisningar m\u00e5ste kritiker ta sig till biografen. Att sitta i en salong och byta luft i tv\u00e5 timmar inneb\u00e4r en viss risk f\u00f6r smitta, utan tvekan. Men det handlar ju inte bara om att dela vistelse i lokal. Den som ska recensera ska ta sig till salongen, ofta med kommunala f\u00e4rdmedel. Det har vi f\u00e5tt m\u00e5nga bevis f\u00f6r att tr\u00e4ngseln varit stor ofta p\u00e5 b\u00e5de bussar, tunnelbana, sp\u00e5rvagn och t\u00e5g.<\/p>\n<p>Hur kommer det sig att just den svenska SF inte tar h\u00e4nsyn till risken f\u00f6r smitta? Till och med de stora amerikanska bolagen som \u00e4r stenh\u00e5rda i sin kamp mot piratkopiering har gjort det m\u00f6jligt f\u00f6r filmkritiker att recensera online. De har ofta haft stor s\u00e4kerhet kring m\u00f6jligheten att se filmer online f\u00f6r att recensera, men det har fungerat. Varf\u00f6r envisar SF med att inte ge svenska filmkritiker m\u00f6jlighet att utf\u00f6ra sitt jobb utan risk f\u00f6r smitta?<\/p>\n<p>Regeringen och Folkh\u00e4lsomyndigheten har varit hur tydliga som helst med att de som kan jobba hemifr\u00e5n ska g\u00f6ra det. Nu \u00e4r f\u00f6rst\u00e5s den som arrangerar pressvisningen inte arbetsgivare \u00e5t filmkritiker men de har trots allt ett stort inflytande \u00f6ver arbetsmilj\u00f6n f\u00f6r kritiker.<\/p>\n<p>Jag har en tanke om att det kan vara n\u00e5got speciellt med den svenska inst\u00e4llningen. N\u00e5got som genomsyrat v\u00e5ra myndigheter under pandemin. Det tog m\u00e5nga m\u00e5nader innan Folkh\u00e4lsomyndigheten ans\u00e5g att den som arbetar inom \u00e4ldrev\u00e5rden och m\u00f6ter smittade b\u00f6r kunna ha tillg\u00e5ng till skyddsutrustning. Det \u00e4r verkligen skr\u00e4mmande att det inte var n\u00e5got som Folkh\u00e4lsomyndigheten rekommenderade fr\u00e5n b\u00f6rjan.<\/p>\n<p>Att Sverige sticker ut bland de skandinaviska l\u00e4nderna med d\u00f6dstal som \u00e4r m\u00e5nga, m\u00e5nga g\u00e5nger st\u00f6rre i f\u00f6rh\u00e5llande till folkm\u00e4ngd \u00e4n v\u00e5ra nordiska grannl\u00e4nder har sj\u00e4lvklart med v\u00e5ra strategi att g\u00f6ra. Stadsepidemiolog Anders Tegnell har gjort m\u00e5nga f\u00f6rs\u00f6k att bortf\u00f6rklara skillnaderna. Vi har f\u00e5tt h\u00f6ra att vi har m\u00e5nga invandrare \u00e4n v\u00e5ra grannl\u00e4nder, vi har f\u00e5tt h\u00f6ra att inga andra l\u00e4nder kan r\u00e4kna s\u00e5 bra som (vilket \u00e4r skr\u00e4mmande osant d\u00e5 Sverige \u00e4r det enda land i Europa som inte klarade av att f\u00f6ra statistik under jul- och ny\u00e5rshelgerna). Vi har f\u00e5tt h\u00f6ra av Tegnell att vi har m\u00e5nga fler tr\u00e5ngbodda. Bortf\u00f6rklaringarna \u00e4r m\u00e5nga. Den enkla f\u00f6rklaringen \u00e4r troligen v\u00e5r strategi som bland annat innebar att inte rekommendera skyddsutrustning \u00e5t personal p\u00e5 \u00e4ldreboenden och att vi rustat ned v\u00e5r tillg\u00e5ng till skyddsutrustning. Givetvis har det s\u00e4kert ocks\u00e5 p\u00e5verkat att de andra l\u00e4nderna st\u00e4ngde landet p\u00e5 ett helt annat s\u00e4tt. I Norge m\u00e5ste de som kommer fr\u00e5n exempelvis Storbritannien testas. N\u00e4r den nya, f\u00f6rmodligen smittsammare mutationen, fr\u00e5n Storbritannien d\u00f6k upp litade Folkh\u00e4lsomyndigheten helt p\u00e5 att de som kommer d\u00e4rifr\u00e5n inte smittar p\u00e5 bussar eller i taxibilar och s\u00e5 vidare. Det \u00e4r som att svenska myndigheter inte riktigt p\u00e5 fullt allvar kan ta till sig att pandemin finns. Det \u00e4r som om Sverige varit skyddat s\u00e5 l\u00e4nge fr\u00e5n m\u00e5nga sv\u00e5righeter att dess myndigheter blivit handlingsf\u00f6rlamade.<\/p>\n<p>Bedr\u00f6vligt \u00e4r det ocks\u00e5 att distribut\u00f6rer av den svenskregisserade skr\u00e4ckfilmen Andra sidan inte heller respekterade filmkritikers r\u00e4tt till skydd mot smittorisken.<\/p>\n<p>Jag kan inte l\u00e5ta bli att se paralleller mellan hur senf\u00e4rdiga svenska myndigheter och i synnerhet Folkh\u00e4lsomyndigheten varit i att se allvaret i smittan av covid-19 och hur SF hanterar situationen.<\/p>\n<p>Dan Eliasson, tidigare chefen f\u00f6r MSB, fick avg\u00e5 d\u00e5 han visade det d\u00e5liga omd\u00f6met att som chef f\u00f6r en av v\u00e5ra ledande myndigheter i krisstrategin reste till Kanarie\u00f6arna. \u00c4nd\u00e5 finns det inget f\u00f6rbud mot att resa dit. Jag kan f\u00f6rst\u00e5 att han som chef f\u00f6r denna myndighet b\u00f6r f\u00f6reg\u00e5 med gott exempel. Men \u00e4r det inte likadant med Folkh\u00e4lsomyndigheten? De har varit extremt senf\u00e4rdiga med att rekommendera skyddsutrustning, extremt sena med att rekommendera munskydd n\u00e4r man inte kan h\u00e5lla avst\u00e5nd. D\u00e5 blir v\u00e4l f\u00f6ljden att f\u00f6retag som SF inte bryr sig om att erbjuda filmkritiker en smittofri milj\u00f6. Det \u00e4r som kollektivtrafikens \u00e4gare nu i dagarna f\u00f6rklarat att de inte t\u00e4nker avvisa n\u00e5gon utan munskydd, trots att myndigheterna sagt att munskydd ska g\u00e4lla under rusningstimmarna. S\u00e5 n\u00e5gonstans brister det i det svenska systemet.<\/p>\n<p>Och jag \u00e4r verkligen besviken p\u00e5 SF.<\/p>\n","protected":false},"excerpt":{"rendered":"<p>Det \u00e4r sorgligt, det \u00e4r bedr\u00f6vligt hur den svenska filmdistribut\u00f6ren SF, Svensk Filmindustri, st\u00e5r i en klass f\u00f6r sig i sitt f\u00f6rakt mot risken f\u00f6r filmkritiker att bli smittade av covid-19. Mer \u00e4n 9.000 inv\u00e5nare i Sverige har i skrivande stund avlidit med covid-19. Denna pandemi som drabbat v\u00e4rlden har drabbat Sverige h\u00e5rt. Och det [&hellip;]<\/p>\n","protected":false},"author":2,"featured_media":0,"comment_status":"closed","ping_status":"closed","sticky":false,"template":"","format":"standard","meta":{"_genesis_hide_title":false,"_genesis_hide_breadcrumbs":false,"_genesis_hide_singular_image":false,"_genesis_hide_footer_widgets":false,"_genesis_custom_body_class":"","_genesis_custom_post_class":"","_genesis_layout":"","footnotes":""},"categories":[50,44,62,20,13624],"tags":[],"class_list":{"0":"post-138268","1":"post","2":"type-post","3":"status-publish","4":"format-standard","6":"category-filmfilm","7":"category-chadie","8":"category-medie-och-kulturpolitik","9":"category-film","10":"category-toppnytt","11":"entry"},"_links":{"self":[{"href":"https:\/\/kulturbloggen.com\/index.php?rest_route=\/wp\/v2\/posts\/138268","targetHints":{"allow":["GET"]}}],"collection":[{"href":"https:\/\/kulturbloggen.com\/index.php?rest_route=\/wp\/v2\/posts"}],"about":[{"href":"https:\/\/kulturbloggen.com\/index.php?rest_route=\/wp\/v2\/types\/post"}],"author":[{"embeddable":true,"href":"https:\/\/kulturbloggen.com\/index.php?rest_route=\/wp\/v2\/users\/2"}],"replies":[{"embeddable":true,"href":"https:\/\/kulturbloggen.com\/index.php?rest_route=%2Fwp%2Fv2%2Fcomments&post=138268"}],"version-history":[{"count":12,"href":"https:\/\/kulturbloggen.com\/index.php?rest_route=\/wp\/v2\/posts\/138268\/revisions"}],"predecessor-version":[{"id":138285,"href":"https:\/\/kulturbloggen.com\/index.php?rest_route=\/wp\/v2\/posts\/138268\/revisions\/138285"}],"wp:attachment":[{"href":"https:\/\/kulturbloggen.com\/index.php?rest_route=%2Fwp%2Fv2%2Fmedia&parent=138268"}],"wp:term":[{"taxonomy":"category","embeddable":true,"href":"https:\/\/kulturbloggen.com\/index.php?rest_route=%2Fwp%2Fv2%2Fcategories&post=138268"},{"taxonomy":"post_tag","embeddable":true,"href":"https:\/\/kulturbloggen.com\/index.php?rest_route=%2Fwp%2Fv2%2Ftags&post=138268"}],"curies":[{"name":"wp","href":"https:\/\/api.w.org\/{rel}","templated":true}]}}