{"id":138250,"date":"2021-01-06T22:03:42","date_gmt":"2021-01-06T20:03:42","guid":{"rendered":"https:\/\/kulturbloggen.com\/?p=138250"},"modified":"2021-01-06T22:03:43","modified_gmt":"2021-01-06T20:03:43","slug":"ake-olofsson-sprider-gladje-och-hopp-i-ny-lat","status":"publish","type":"post","link":"https:\/\/kulturbloggen.com\/?p=138250","title":{"rendered":"\u00c5ke Olofsson sprider gl\u00e4dje och hopp i ny l\u00e5t"},"content":{"rendered":"\n<figure class=\"wp-block-image size-large\"><img loading=\"lazy\" decoding=\"async\" width=\"650\" height=\"650\" src=\"https:\/\/kulturbloggen.com\/wp-content\/uploads\/2021\/01\/Dom-ho\u0308gsta-bergen.jpeg\" alt=\"\" class=\"wp-image-138251\" srcset=\"https:\/\/kulturbloggen.com\/wp-content\/uploads\/2021\/01\/Dom-ho\u0308gsta-bergen.jpeg 650w, https:\/\/kulturbloggen.com\/wp-content\/uploads\/2021\/01\/Dom-ho\u0308gsta-bergen-300x300.jpeg 300w, https:\/\/kulturbloggen.com\/wp-content\/uploads\/2021\/01\/Dom-ho\u0308gsta-bergen-150x150.jpeg 150w\" sizes=\"auto, (max-width: 650px) 100vw, 650px\" \/><\/figure>\n\n\n\n<p>\u00c5ke Olofsson, en av r\u00f6sterna i Den Svenska Bj\u00f6rnstammen, sl\u00e4pper en l\u00e5t p\u00e5 fredag som \u00e4r ett ljus i januari-m\u00f6rkret. Dom h\u00f6gsta bergen \u00e4r en pop-p\u00e4rla som skiner som en saknad sol i m\u00f6rkret och ger hopp om framtiden. Lyssna och njut p\u00e5 fredag, 174 sekunder av hopp. <\/p>\n\n\n\n<p>Dom h\u00f6gsta bergen\u00a0\u00e4r skriven av\u00a0\u00c5ke\u00a0Olofsson och mixad av Niklas Bergl\u00f6f\u00a0och sl\u00e4pps fredagen den 8 januari. <\/p>\n","protected":false},"excerpt":{"rendered":"<p>\u00c5ke Olofsson, en av r\u00f6sterna i Den Svenska Bj\u00f6rnstammen, sl\u00e4pper en l\u00e5t p\u00e5 fredag som \u00e4r ett ljus i januari-m\u00f6rkret. Dom h\u00f6gsta bergen \u00e4r en pop-p\u00e4rla som skiner som en saknad sol i m\u00f6rkret och ger hopp om framtiden. Lyssna och njut p\u00e5 fredag, 174 sekunder av hopp. Dom h\u00f6gsta bergen\u00a0\u00e4r skriven av\u00a0\u00c5ke\u00a0Olofsson och mixad [&hellip;]<\/p>\n","protected":false},"author":12,"featured_media":0,"comment_status":"closed","ping_status":"closed","sticky":false,"template":"","format":"standard","meta":{"_genesis_hide_title":false,"_genesis_hide_breadcrumbs":false,"_genesis_hide_singular_image":false,"_genesis_hide_footer_widgets":false,"_genesis_custom_body_class":"","_genesis_custom_post_class":"","_genesis_layout":"","footnotes":""},"categories":[7],"tags":[],"class_list":{"0":"post-138250","1":"post","2":"type-post","3":"status-publish","4":"format-standard","6":"category-musik","7":"entry"},"_links":{"self":[{"href":"https:\/\/kulturbloggen.com\/index.php?rest_route=\/wp\/v2\/posts\/138250","targetHints":{"allow":["GET"]}}],"collection":[{"href":"https:\/\/kulturbloggen.com\/index.php?rest_route=\/wp\/v2\/posts"}],"about":[{"href":"https:\/\/kulturbloggen.com\/index.php?rest_route=\/wp\/v2\/types\/post"}],"author":[{"embeddable":true,"href":"https:\/\/kulturbloggen.com\/index.php?rest_route=\/wp\/v2\/users\/12"}],"replies":[{"embeddable":true,"href":"https:\/\/kulturbloggen.com\/index.php?rest_route=%2Fwp%2Fv2%2Fcomments&post=138250"}],"version-history":[{"count":2,"href":"https:\/\/kulturbloggen.com\/index.php?rest_route=\/wp\/v2\/posts\/138250\/revisions"}],"predecessor-version":[{"id":138253,"href":"https:\/\/kulturbloggen.com\/index.php?rest_route=\/wp\/v2\/posts\/138250\/revisions\/138253"}],"wp:attachment":[{"href":"https:\/\/kulturbloggen.com\/index.php?rest_route=%2Fwp%2Fv2%2Fmedia&parent=138250"}],"wp:term":[{"taxonomy":"category","embeddable":true,"href":"https:\/\/kulturbloggen.com\/index.php?rest_route=%2Fwp%2Fv2%2Fcategories&post=138250"},{"taxonomy":"post_tag","embeddable":true,"href":"https:\/\/kulturbloggen.com\/index.php?rest_route=%2Fwp%2Fv2%2Ftags&post=138250"}],"curies":[{"name":"wp","href":"https:\/\/api.w.org\/{rel}","templated":true}]}}