{"id":138222,"date":"2021-01-04T18:43:06","date_gmt":"2021-01-04T16:43:06","guid":{"rendered":"https:\/\/kulturbloggen.com\/?p=138222"},"modified":"2021-01-04T18:43:07","modified_gmt":"2021-01-04T16:43:07","slug":"lyssna-steve-earle-the-dukes-j-t","status":"publish","type":"post","link":"https:\/\/kulturbloggen.com\/?p=138222","title":{"rendered":"Lyssna: Steve Earle &#038; The Dukes &#8211; J.T."},"content":{"rendered":"<p><img loading=\"lazy\" decoding=\"async\" class=\"aligncenter size-full wp-image-138228\" src=\"https:\/\/kulturbloggen.com\/wp-content\/uploads\/2021\/01\/unnamed-6.jpg\" alt=\"\" width=\"200\" height=\"200\" srcset=\"https:\/\/kulturbloggen.com\/wp-content\/uploads\/2021\/01\/unnamed-6.jpg 200w, https:\/\/kulturbloggen.com\/wp-content\/uploads\/2021\/01\/unnamed-6-150x150.jpg 150w\" sizes=\"auto, (max-width: 200px) 100vw, 200px\" \/><\/p>\n<p>P\u00e5 det som skulle ha varit Justin Townes Earles 39:de f\u00f6delsedag sl\u00e4pper pappa Steve hyllningen\/sorgearbetet &#8221;J.T.&#8221; digitalt. LP och CD kommer i mars.<\/p>\n<p><iframe loading=\"lazy\" src=\"https:\/\/open.spotify.com\/embed\/album\/02DqMqXTuEauf2EQsHZtmB\" width=\"300\" height=\"380\" frameborder=\"0\"><\/iframe><\/p>\n","protected":false},"excerpt":{"rendered":"<p>P\u00e5 det som skulle ha varit Justin Townes Earles 39:de f\u00f6delsedag sl\u00e4pper pappa Steve hyllningen\/sorgearbetet &#8221;J.T.&#8221; digitalt. LP och CD kommer i mars.<\/p>\n","protected":false},"author":13,"featured_media":0,"comment_status":"closed","ping_status":"closed","sticky":false,"template":"","format":"standard","meta":{"_genesis_hide_title":false,"_genesis_hide_breadcrumbs":false,"_genesis_hide_singular_image":false,"_genesis_hide_footer_widgets":false,"_genesis_custom_body_class":"","_genesis_custom_post_class":"","_genesis_layout":"","footnotes":""},"categories":[7,13624],"tags":[],"class_list":{"0":"post-138222","1":"post","2":"type-post","3":"status-publish","4":"format-standard","6":"category-musik","7":"category-toppnytt","8":"entry"},"_links":{"self":[{"href":"https:\/\/kulturbloggen.com\/index.php?rest_route=\/wp\/v2\/posts\/138222","targetHints":{"allow":["GET"]}}],"collection":[{"href":"https:\/\/kulturbloggen.com\/index.php?rest_route=\/wp\/v2\/posts"}],"about":[{"href":"https:\/\/kulturbloggen.com\/index.php?rest_route=\/wp\/v2\/types\/post"}],"author":[{"embeddable":true,"href":"https:\/\/kulturbloggen.com\/index.php?rest_route=\/wp\/v2\/users\/13"}],"replies":[{"embeddable":true,"href":"https:\/\/kulturbloggen.com\/index.php?rest_route=%2Fwp%2Fv2%2Fcomments&post=138222"}],"version-history":[{"count":5,"href":"https:\/\/kulturbloggen.com\/index.php?rest_route=\/wp\/v2\/posts\/138222\/revisions"}],"predecessor-version":[{"id":138229,"href":"https:\/\/kulturbloggen.com\/index.php?rest_route=\/wp\/v2\/posts\/138222\/revisions\/138229"}],"wp:attachment":[{"href":"https:\/\/kulturbloggen.com\/index.php?rest_route=%2Fwp%2Fv2%2Fmedia&parent=138222"}],"wp:term":[{"taxonomy":"category","embeddable":true,"href":"https:\/\/kulturbloggen.com\/index.php?rest_route=%2Fwp%2Fv2%2Fcategories&post=138222"},{"taxonomy":"post_tag","embeddable":true,"href":"https:\/\/kulturbloggen.com\/index.php?rest_route=%2Fwp%2Fv2%2Ftags&post=138222"}],"curies":[{"name":"wp","href":"https:\/\/api.w.org\/{rel}","templated":true}]}}