{"id":137688,"date":"2020-11-24T17:29:26","date_gmt":"2020-11-24T15:29:26","guid":{"rendered":"https:\/\/kulturbloggen.com\/?p=137688"},"modified":"2020-11-24T17:29:26","modified_gmt":"2020-11-24T15:29:26","slug":"mick-fleetwood-friends-hyllar-peter-green-och-fleetwood-macs-tidiga-ar-med-nytt-album","status":"publish","type":"post","link":"https:\/\/kulturbloggen.com\/?p=137688","title":{"rendered":"Mick Fleetwood &#038; Friends hyllar Peter Green och Fleetwood Mac\u2019s tidiga \u00e5r med nytt album"},"content":{"rendered":"<p><img loading=\"lazy\" decoding=\"async\" class=\"aligncenter size-full wp-image-137690\" src=\"https:\/\/kulturbloggen.com\/wp-content\/uploads\/2020\/11\/unnamed-5.jpg\" alt=\"\" width=\"496\" height=\"496\" srcset=\"https:\/\/kulturbloggen.com\/wp-content\/uploads\/2020\/11\/unnamed-5.jpg 496w, https:\/\/kulturbloggen.com\/wp-content\/uploads\/2020\/11\/unnamed-5-300x300.jpg 300w, https:\/\/kulturbloggen.com\/wp-content\/uploads\/2020\/11\/unnamed-5-150x150.jpg 150w\" sizes=\"auto, (max-width: 496px) 100vw, 496px\" \/><\/p>\n<p>Den 30 april sl\u00e4pper Mick Fleetwood &amp; Friends en hyllningskonsert till Peter Green och Fleetwood Mac\u2019s tidiga musik. Konserten \u00e4r inspelad p\u00e5 ett uts\u00e5lt Palladium i London tillsammans med artister och v\u00e4rldsk\u00e4nda musiker som blivit inspirerade av Fleetwood Mac och deras musik.<\/p>\n<p>Ett pressmeddelande ber\u00e4ttar: Musiken kommer att finnas tillg\u00e4nglig p\u00e5 CD, vinyl och Blu-Ray.<\/p>\n<p>Den 25 februari 2020, precis innan pandemin och lockdown i England, samlades artister och v\u00e4rldsmusiker f\u00f6r att fira grundaren av Fleetwood Mac, Peter Green. Den h\u00e4r konserten fick ocks\u00e5 en helt ny betydelse d\u00e5 Peter Green tragiskt gick bort i juli i \u00e5r. P\u00e5 scen medverkade Neil Finn, Noel Gallagher, Billy Gibbons, David Gilmour, Kirk Hammett, John Mayall, Christine McVie, Jeremy Spencer, Zak Starkey, Pete Townshend, Steven Tyler och Bill Wyman.<br \/>\nProducent \u00e4r ingen mindre \u00e4n den legendariska Glyn John och som ljudtekniker sj\u00e4lvaste Mick Fleetwood tillsammans med Dave Bronze, Jonny Lang, Andy Fairweather Low, Ricky Peterson och Rick Vito.<\/p>\n<p>\u201dKonserten \u00e4r en hyllning till de tidigare bluesdagarna d\u00e4r allt b\u00f6rjade. Det \u00e4r viktigt att komma ih\u00e5g vilken stor inverkan Peter Green och de tidiga Fleetwood Mac har f\u00f6r musikv\u00e4rlden. Peter var min st\u00f6rsta mentor och det \u00e4r en heder f\u00f6r mig att f\u00e5 hylla hans otroliga talang. Dessutom att f\u00e5 st\u00e5 p\u00e5 scenen med s\u00e5 m\u00e5nga av artisterna som Peter har inspirerat genom \u00e5ren och delar min stora respekt f\u00f6r denna beg\u00e5vade musiker.\u201d, s\u00e4ger Mick Fleetwood<\/p>\n<p>Albumet Mick Fleetwood &amp; Friends &#8211; Celebrate The Music Of Peter Green And The Early Years Of Fleetwood Mac<br \/>\nkommer att finns tillg\u00e4nglig p\u00e5 f\u00f6ljande format:<br \/>\nBlu-Ray, 2CD, 4LP, 44p Bookpack<br \/>\nBlu-Ray, 2CD, 20p Mediabook<br \/>\n4LP Gatefold<\/p>\n","protected":false},"excerpt":{"rendered":"<p>Den 30 april sl\u00e4pper Mick Fleetwood &amp; Friends en hyllningskonsert till Peter Green och Fleetwood Mac\u2019s tidiga musik. Konserten \u00e4r inspelad p\u00e5 ett uts\u00e5lt Palladium i London tillsammans med artister och v\u00e4rldsk\u00e4nda musiker som blivit inspirerade av Fleetwood Mac och deras musik. Ett pressmeddelande ber\u00e4ttar: Musiken kommer att finnas tillg\u00e4nglig p\u00e5 CD, vinyl och Blu-Ray. [&hellip;]<\/p>\n","protected":false},"author":13,"featured_media":0,"comment_status":"closed","ping_status":"closed","sticky":false,"template":"","format":"standard","meta":{"_genesis_hide_title":false,"_genesis_hide_breadcrumbs":false,"_genesis_hide_singular_image":false,"_genesis_hide_footer_widgets":false,"_genesis_custom_body_class":"","_genesis_custom_post_class":"","_genesis_layout":"","footnotes":""},"categories":[7,13624],"tags":[],"class_list":{"0":"post-137688","1":"post","2":"type-post","3":"status-publish","4":"format-standard","6":"category-musik","7":"category-toppnytt","8":"entry"},"_links":{"self":[{"href":"https:\/\/kulturbloggen.com\/index.php?rest_route=\/wp\/v2\/posts\/137688","targetHints":{"allow":["GET"]}}],"collection":[{"href":"https:\/\/kulturbloggen.com\/index.php?rest_route=\/wp\/v2\/posts"}],"about":[{"href":"https:\/\/kulturbloggen.com\/index.php?rest_route=\/wp\/v2\/types\/post"}],"author":[{"embeddable":true,"href":"https:\/\/kulturbloggen.com\/index.php?rest_route=\/wp\/v2\/users\/13"}],"replies":[{"embeddable":true,"href":"https:\/\/kulturbloggen.com\/index.php?rest_route=%2Fwp%2Fv2%2Fcomments&post=137688"}],"version-history":[{"count":2,"href":"https:\/\/kulturbloggen.com\/index.php?rest_route=\/wp\/v2\/posts\/137688\/revisions"}],"predecessor-version":[{"id":137691,"href":"https:\/\/kulturbloggen.com\/index.php?rest_route=\/wp\/v2\/posts\/137688\/revisions\/137691"}],"wp:attachment":[{"href":"https:\/\/kulturbloggen.com\/index.php?rest_route=%2Fwp%2Fv2%2Fmedia&parent=137688"}],"wp:term":[{"taxonomy":"category","embeddable":true,"href":"https:\/\/kulturbloggen.com\/index.php?rest_route=%2Fwp%2Fv2%2Fcategories&post=137688"},{"taxonomy":"post_tag","embeddable":true,"href":"https:\/\/kulturbloggen.com\/index.php?rest_route=%2Fwp%2Fv2%2Ftags&post=137688"}],"curies":[{"name":"wp","href":"https:\/\/api.w.org\/{rel}","templated":true}]}}