{"id":13760,"date":"2009-10-13T21:50:12","date_gmt":"2009-10-13T19:50:12","guid":{"rendered":"http:\/\/kulturbloggen.com\/?p=13760"},"modified":"2009-10-13T21:50:12","modified_gmt":"2009-10-13T19:50:12","slug":"wikipedia-och-youtube-i-skolan","status":"publish","type":"post","link":"https:\/\/kulturbloggen.com\/?p=13760","title":{"rendered":"Wikipedia och Youtube i skolan"},"content":{"rendered":"<p style=\"text-align: center;\">\n<p style=\"text-align: center;\">\n<p style=\"text-align: center;\"><a href=\"http:\/\/sodergren.com\/kulturbloggen\/wp-content\/uploads\/2009\/10\/lektion.jpg\"><img loading=\"lazy\" decoding=\"async\" class=\"aligncenter size-medium wp-image-13780\" title=\"lektion\" src=\"http:\/\/sodergren.com\/kulturbloggen\/wp-content\/uploads\/2009\/10\/lektion-300x225.jpg\" alt=\"lektion\" width=\"300\" height=\"225\" \/><\/a><\/p>\n<p style=\"text-align: left;\">Jag har tagit lite ledigt och \u00e4r i Falkenberg p\u00e5 bes\u00f6k. Idag h\u00e4lsade jag p\u00e5 min bror som \u00e4r l\u00e4rare p\u00e5 Falkenbergs Gymnasium. Jag fick ta plats i en b\u00e4nk i klassrummet d\u00e4r han h\u00f6ll en lektion i historia. Lektionen handlade om ett m\u00f6te mellan G\u00f6ran von Otter (den svenske ambasad\u00f6ren i Berlin) och en tysk Waffen SS-officer som precis hade varit p\u00e5 inspektion i koncentrationsl\u00e4gren Treblinka och Belzec. SS officeren Kurt Gerstein var chockad och l\u00e4mnade information till von Otter i hopp om att han skulle f\u00f6ra informationen vidare.<\/p>\n<p><a href=\"http:\/\/sv.wikipedia.org\/wiki\/G\u00f6ran_von_Otter\">Det st\u00e5r mer om deras m\u00f6te p\u00e5 Wikipedia<\/a>.<\/p>\n<p>Mot slutet av lektionen fick vi lyssan p\u00e5 Imperiet p\u00e5 Youtube som sj\u00f6ng <em>\u00c4r det verkligen fred vi vill ha<\/em>. \u00a0En del av l\u00e4romaterialet var en artikel fr\u00e5n Wikipedia om G\u00f6ran von Otter (se l\u00e4nken ovan).<\/p>\n<p>Modernare skola \u00e4n vad jag trodde och kul att brorsan h\u00e4nger med :).<\/p>\n<p>Fred med Imperiet<\/p>\n<p><object classid=\"clsid:d27cdb6e-ae6d-11cf-96b8-444553540000\" width=\"425\" height=\"344\" codebase=\"http:\/\/download.macromedia.com\/pub\/shockwave\/cabs\/flash\/swflash.cab#version=6,0,40,0\"><param name=\"allowFullScreen\" value=\"true\" \/><param name=\"allowscriptaccess\" value=\"always\" \/><param name=\"src\" value=\"http:\/\/www.youtube.com\/v\/fBeAACiEwjQ&amp;hl=sv&amp;fs=1&amp;\" \/><param name=\"allowfullscreen\" value=\"true\" \/><embed type=\"application\/x-shockwave-flash\" width=\"425\" height=\"344\" src=\"http:\/\/www.youtube.com\/v\/fBeAACiEwjQ&amp;hl=sv&amp;fs=1&amp;\" allowscriptaccess=\"always\" allowfullscreen=\"true\"><\/embed><\/object><\/p>\n<p><a title=\"Intressant\" href=\"http:\/\/intressant.se7intressant\">Intressant?<\/a> L\u00e4s \u00e4ven andra bloggares \u00e5sikter om <a rel=\"tag\" href=\"http:\/\/bloggar.se\/om\/YouTube\">YouTube<\/a>, <a rel=\"tag\" href=\"http:\/\/bloggar.se\/om\/Falkenberk\">Falkenberk<\/a>, <a rel=\"tag\" href=\"http:\/\/bloggar.se\/om\/Wikipedia\">Wikipedia<\/a>, <a rel=\"tag\" href=\"http:\/\/bloggar.se\/om\/Andra+V%E4rldskriget\">Andra V\u00e4rldskriget<\/a><\/p>\n","protected":false},"excerpt":{"rendered":"<p>Jag har tagit lite ledigt och \u00e4r i Falkenberg p\u00e5 bes\u00f6k. Idag h\u00e4lsade jag p\u00e5 min bror som \u00e4r l\u00e4rare p\u00e5 Falkenbergs Gymnasium. Jag fick ta plats i en b\u00e4nk i klassrummet d\u00e4r han h\u00f6ll en lektion i historia. Lektionen handlade om ett m\u00f6te mellan G\u00f6ran von Otter (den svenske ambasad\u00f6ren i Berlin) och en [&hellip;]<\/p>\n","protected":false},"author":13,"featured_media":0,"comment_status":"open","ping_status":"open","sticky":false,"template":"","format":"standard","meta":{"_genesis_hide_title":false,"_genesis_hide_breadcrumbs":false,"_genesis_hide_singular_image":false,"_genesis_hide_footer_widgets":false,"_genesis_custom_body_class":"","_genesis_custom_post_class":"","_genesis_layout":"","footnotes":""},"categories":[20],"tags":[263,1642,6402,6475],"class_list":{"0":"post-13760","1":"post","2":"type-post","3":"status-publish","4":"format-standard","6":"category-film","7":"tag-andra-varldskriget","8":"tag-falkenberk","9":"tag-wikipedia","10":"tag-youtube","11":"entry"},"_links":{"self":[{"href":"https:\/\/kulturbloggen.com\/index.php?rest_route=\/wp\/v2\/posts\/13760","targetHints":{"allow":["GET"]}}],"collection":[{"href":"https:\/\/kulturbloggen.com\/index.php?rest_route=\/wp\/v2\/posts"}],"about":[{"href":"https:\/\/kulturbloggen.com\/index.php?rest_route=\/wp\/v2\/types\/post"}],"author":[{"embeddable":true,"href":"https:\/\/kulturbloggen.com\/index.php?rest_route=\/wp\/v2\/users\/13"}],"replies":[{"embeddable":true,"href":"https:\/\/kulturbloggen.com\/index.php?rest_route=%2Fwp%2Fv2%2Fcomments&post=13760"}],"version-history":[{"count":0,"href":"https:\/\/kulturbloggen.com\/index.php?rest_route=\/wp\/v2\/posts\/13760\/revisions"}],"wp:attachment":[{"href":"https:\/\/kulturbloggen.com\/index.php?rest_route=%2Fwp%2Fv2%2Fmedia&parent=13760"}],"wp:term":[{"taxonomy":"category","embeddable":true,"href":"https:\/\/kulturbloggen.com\/index.php?rest_route=%2Fwp%2Fv2%2Fcategories&post=13760"},{"taxonomy":"post_tag","embeddable":true,"href":"https:\/\/kulturbloggen.com\/index.php?rest_route=%2Fwp%2Fv2%2Ftags&post=13760"}],"curies":[{"name":"wp","href":"https:\/\/api.w.org\/{rel}","templated":true}]}}