{"id":137561,"date":"2020-11-17T17:23:51","date_gmt":"2020-11-17T15:23:51","guid":{"rendered":"https:\/\/kulturbloggen.com\/?p=137561"},"modified":"2020-11-17T17:23:52","modified_gmt":"2020-11-17T15:23:52","slug":"regeringens-atta-persons-regel-ett-spel-for-gallerierna-som-knappt-paverkar-nagot-evenemang","status":"publish","type":"post","link":"https:\/\/kulturbloggen.com\/?p=137561","title":{"rendered":"Regeringens \u00e5tta persons-regel ett spel f\u00f6r gallerierna som knappt p\u00e5verkar n\u00e5got evenemang"},"content":{"rendered":"<p><img loading=\"lazy\" decoding=\"async\" class=\"aligncenter size-full wp-image-137570\" src=\"https:\/\/kulturbloggen.com\/wp-content\/uploads\/2020\/11\/road-sign-464641_1920.jpg\" alt=\"\" width=\"650\" height=\"459\" srcset=\"https:\/\/kulturbloggen.com\/wp-content\/uploads\/2020\/11\/road-sign-464641_1920.jpg 650w, https:\/\/kulturbloggen.com\/wp-content\/uploads\/2020\/11\/road-sign-464641_1920-300x212.jpg 300w\" sizes=\"auto, (max-width: 650px) 100vw, 650px\" \/><\/p>\n<p>Regeringens nya f\u00f6rslag om att h\u00f6gst \u00e5tta personer ska f\u00e5 samlas vid offentliga sammankomster \u00e4r ett uddl\u00f6st f\u00f6rslag i luften eftersom fortfarande till\u00e5ts 300 eller 50 sittande personer p\u00e5 ett evenemang, beroende p\u00e5 regionernas riktlinjer. \u00c5tta personers-regeln kommer i stort sett bara att handla om att hindra st\u00e5ende publik vid exempelvis rockkonserter och demonstrationer. I \u00f6vrigt kommer kultur, teater, dans, opera, f\u00f6rel\u00e4sningar med mera att kunna forts\u00e4tta som vanligt med sittande publik, vilket ju de flesta evenemang handlar om. Och d\u00e5 \u00e4r det uppenbart att statsministerns utspel med sina ministrar den 16 november 2020 var ett enda stort, sorgligt, spel f\u00f6r gallerierna.<\/p>\n<p>Att pandemin med covid-19 \u00f6kar rej\u00e4lt i Sverige nu i h\u00f6st och vinter kan nog ingen f\u00f6rneka, \u00e4ven om Sveriges statsepidemiolog Anders Tegnell f\u00f6r n\u00e5gra veckor sedan f\u00f6rnekade att det var n\u00e5gon andra v\u00e5g i Sverige. \u00c4ven om jag kan tycka att personer i hans st\u00e4llning b\u00f6r ha mer koll \u00e4n oss vardagsm\u00e4nniskor inser jag att detta som drabbat v\u00e4rlden och Sverige 2020 \u00e4r sv\u00e5rt att f\u00f6ruts\u00e4ga hur det utvecklas.<br \/>\nN\u00e4r detta skrivs har det rapporterats att 61 m\u00e4nniskor d\u00f6tt i Sverige med corona sedan dagen f\u00f6re och de tv\u00e5 senaste dagarna f\u00f6re har d\u00f6dssiffran varit 40 eller h\u00f6gre. Det \u00e4r, precis som den svenska statsministern Stefan L\u00f6fven po\u00e4ngterade under en presskonferens ig\u00e5r, 16 november: <em>&#8221;Det \u00e4r allvar nu.&#8221;<\/em><\/p>\n<p>Stefan L\u00f6fven med st\u00f6d av flera av sina ministrar framf\u00f6rde d\u00e5 att fr\u00e5n den 24 november ska det vara f\u00f6rbud, inte rekommendation: Fr\u00e5n och med den 24 november f\u00f6rbjuds offentliga sammankomster med mer \u00e4n \u00e5tta deltagare.<\/p>\n<p>&#8211; Och f\u00f6rs\u00f6k inte hitta n\u00e5gra undanflykter f\u00f6r att fuska, var budskapet fr\u00e5n ministrarna.<\/p>\n<p>F\u00f6rst ut att s\u00f6ka undanflykter var Anders Tegnell som till Sveriges Radios P1 sade att \u00e5ttapersonersgr\u00e4nsen g\u00e4ller inte biografer, eftersom deras verksamhet inte kr\u00e4ver tillst\u00e5nd av polis. P\u00e5 regeringens hemsida f\u00e5r Tegnell mothugg:<br \/>\n<em>&#8211; Statsepidemiolog Anders Tegnell uppgav i en P1-intervju att biografer inte p\u00e5verkas av restriktionen \u2013 men det st\u00e4mmer inte<\/em>, enligt Per Str\u00e4ngberg, presstalesperson f\u00f6r inrikesministern.<\/p>\n<p>F\u00f6rmodligen har Tegnell fel fast han \u00e4nd\u00e5 har r\u00e4tt. Biografer omfattas av den nya regeln\/lagen, de omfattas under allm\u00e4n sammankomst i ordningsstadgan. Men eftersom biografer har sittande publik beh\u00f6ver de \u00e4nd\u00e5 inte f\u00f6lja \u00e5tta personers-regeln.<\/p>\n<p><a href=\"https:\/\/www.regeringen.se\/4ac71c\/contentassets\/0bd9b64752314859b1847328f7eb9b4a\/forbud-mot-att-halla-allmanna-sammankomster-och-offentliga-tillstallningar-med-fler-an-atta-deltagare.pdf\">S\u00e5 h\u00e4r st\u00e5r det i f\u00f6rslaget som regeringen vill genomf\u00f6ra:<\/a><br \/>\n<em>F\u00f6rbudet g\u00e4ller inte allm\u00e4nna sammankomster och offentliga tillst\u00e4llningar med h\u00f6gst 300 deltagare, om var och en av deltagarna anvisas en sittplats med minst en meters avst\u00e5nd till andra deltagare och det \u00e4ven i \u00f6vrigt skapas f\u00f6ruts\u00e4ttningar f\u00f6r deltagarna att h\u00e5lla det avst\u00e5ndet till varandra vid sammankomsten eller tillst\u00e4llningen. Tv\u00e5 deltagare som \u00e4r i s\u00e4llskap med varandra f\u00e5r anvisas sittplatser n\u00e4rmare \u00e4n en meter fr\u00e5n varandra.<\/em><\/p>\n<p>Vad kan vi mer \u00e4n konstatera att det d\u00e4r med \u00e5tta personer och krafttag och att det nu \u00e4r allvar &#8211; det var mest en bl\u00e4ndande uppvisning av illusioner och l\u00f6gner.<\/p>\n","protected":false},"excerpt":{"rendered":"<p>Regeringens nya f\u00f6rslag om att h\u00f6gst \u00e5tta personer ska f\u00e5 samlas vid offentliga sammankomster \u00e4r ett uddl\u00f6st f\u00f6rslag i luften eftersom fortfarande till\u00e5ts 300 eller 50 sittande personer p\u00e5 ett evenemang, beroende p\u00e5 regionernas riktlinjer. \u00c5tta personers-regeln kommer i stort sett bara att handla om att hindra st\u00e5ende publik vid exempelvis rockkonserter och demonstrationer. I [&hellip;]<\/p>\n","protected":false},"author":2,"featured_media":0,"comment_status":"closed","ping_status":"closed","sticky":false,"template":"","format":"standard","meta":{"_genesis_hide_title":false,"_genesis_hide_breadcrumbs":false,"_genesis_hide_singular_image":false,"_genesis_hide_footer_widgets":false,"_genesis_custom_body_class":"","_genesis_custom_post_class":"","_genesis_layout":"","footnotes":""},"categories":[62,20],"tags":[],"class_list":{"0":"post-137561","1":"post","2":"type-post","3":"status-publish","4":"format-standard","6":"category-medie-och-kulturpolitik","7":"category-film","8":"entry"},"_links":{"self":[{"href":"https:\/\/kulturbloggen.com\/index.php?rest_route=\/wp\/v2\/posts\/137561","targetHints":{"allow":["GET"]}}],"collection":[{"href":"https:\/\/kulturbloggen.com\/index.php?rest_route=\/wp\/v2\/posts"}],"about":[{"href":"https:\/\/kulturbloggen.com\/index.php?rest_route=\/wp\/v2\/types\/post"}],"author":[{"embeddable":true,"href":"https:\/\/kulturbloggen.com\/index.php?rest_route=\/wp\/v2\/users\/2"}],"replies":[{"embeddable":true,"href":"https:\/\/kulturbloggen.com\/index.php?rest_route=%2Fwp%2Fv2%2Fcomments&post=137561"}],"version-history":[{"count":11,"href":"https:\/\/kulturbloggen.com\/index.php?rest_route=\/wp\/v2\/posts\/137561\/revisions"}],"predecessor-version":[{"id":137573,"href":"https:\/\/kulturbloggen.com\/index.php?rest_route=\/wp\/v2\/posts\/137561\/revisions\/137573"}],"wp:attachment":[{"href":"https:\/\/kulturbloggen.com\/index.php?rest_route=%2Fwp%2Fv2%2Fmedia&parent=137561"}],"wp:term":[{"taxonomy":"category","embeddable":true,"href":"https:\/\/kulturbloggen.com\/index.php?rest_route=%2Fwp%2Fv2%2Fcategories&post=137561"},{"taxonomy":"post_tag","embeddable":true,"href":"https:\/\/kulturbloggen.com\/index.php?rest_route=%2Fwp%2Fv2%2Ftags&post=137561"}],"curies":[{"name":"wp","href":"https:\/\/api.w.org\/{rel}","templated":true}]}}