{"id":137212,"date":"2020-10-27T02:37:54","date_gmt":"2020-10-27T00:37:54","guid":{"rendered":"https:\/\/kulturbloggen.com\/?p=137212"},"modified":"2020-10-27T11:36:42","modified_gmt":"2020-10-27T09:36:42","slug":"suggestiva-tonsattningar-tillfor-ny-dimension-jag-begar-bara-havet-av-maja-karin-fredriksson","status":"publish","type":"post","link":"https:\/\/kulturbloggen.com\/?p=137212","title":{"rendered":"Suggestiva tons\u00e4ttningar tillf\u00f6r ny dimension &#8211; Jag beg\u00e4r bara havet av Maja-Karin Fredriksson"},"content":{"rendered":"\n<figure class=\"wp-block-image size-large\"><img loading=\"lazy\" decoding=\"async\" width=\"488\" height=\"650\" src=\"https:\/\/kulturbloggen.com\/wp-content\/uploads\/2020\/10\/122721255_3635506809833812_4934643582183414420_n.jpg\" alt=\"\" class=\"wp-image-137214\" srcset=\"https:\/\/kulturbloggen.com\/wp-content\/uploads\/2020\/10\/122721255_3635506809833812_4934643582183414420_n.jpg 488w, https:\/\/kulturbloggen.com\/wp-content\/uploads\/2020\/10\/122721255_3635506809833812_4934643582183414420_n-225x300.jpg 225w\" sizes=\"auto, (max-width: 488px) 100vw, 488px\" \/><figcaption>foto Maria Lejerstedt<\/figcaption><\/figure>\n\n\n\n<p>Maja- Karin Fredriksson sjunger Ebba Lindqvist<\/p>\n\n\n\n<p>Stora Teatern i G\u00f6teborg<\/p>\n\n\n\n<p>24\/10 2020<\/p>\n\n\n\n<p>K\u00e4nde inte till Maja-Karin Fredriksson, d\u00e4remot n\u00e5gra av hennes medmusiker.  S\u00e5 v\u00e4cktes mitt intresse. Under pandemins restriktioner har det varit v\u00e4ldigt tunns\u00e5tt med m\u00f6jligheter att verka som liverecensent. Fick trevligt nog nu klartecken av arrang\u00f6ren. K\u00e4nde vagt till poeten Ebba Lindqvist, vars s\u00e4rart finns i havsmotiven tillkomna fr\u00e4mst n\u00e4r hon bodde i Grebbestad. Botaniserade i min lyrikhylla med magert resultat. Hittade endast tre dikter publicerade i <em>Dagens dikt <\/em>(Sveriges Radios f\u00f6rlag 1966).  M\u00f6jligen fick hon en viss ren\u00e4ssans i och med Fredrik Lindstr\u00f6ms teveserie <em>Helt lyriskt. <\/em>Trots n\u00e4mnda begr\u00e4nsade f\u00f6rkunskaper infann sig en \u00f6vertygelse om att konsertens sjuttio minuter skulle bli berikande, vilket st\u00e4mde fullt ut. <\/p>\n\n\n\n<p>Som en referenspunkt ska Anna Kruse framh\u00e5llas, vars musik jag kom i kontakt med f\u00f6r ett par \u00e5r sedan. Hennes mission: att med danska musiker, i ord och ton f\u00f6rmedla Edit S\u00f6dergrans verk. Kruses katalog har jag tr\u00e4ngt in i och skrivit en hyllande ess\u00e4 om, vilket uppskattades av s\u00e5v\u00e4l tons\u00e4ttaren  som hennes publik. Nu har jag uppt\u00e4ckt en gymnasiel\u00e4rare fr\u00e5n V\u00e4stkusten p\u00e5 samma svindlande niv\u00e5 ur en lite yngre generation. Skillnaden \u00e4r att Fredriksson valt att ge kontur \u00e5t Ebba Lindqvists dikter, genom sin vispoppiga talang med st\u00e4nk av friare tonspr\u00e5k. Lyrikern f\u00f6rknippad med 30-talisterna har ofta tonsatts f\u00f6r k\u00f6rverk. En f\u00f6rklaring enligt Fredriksson, \u00e4r att karga dikter med strimmor av ljus har lockat flera att k\u00e4nna sig manade (bland andra min v\u00e4n Martin Bagge).<\/p>\n\n\n\n<p>  Hittills har det ,om jag fattat r\u00e4tt,  blivit tv\u00e5 ep, tv\u00e5 singlar samt en cd p\u00e5 tjugofem minuter i liveformat. Artisten sj\u00e4lv kallar utgivningen f\u00f6r  trilogi. Dessutom har hon genomf\u00f6rt massvis av konserter. Visst \u00e4r det fascinerande med kulturspridare som blir totalt hooked, som om de trollbundits.<\/p>\n\n\n\n<p>K\u00e4ndes \u00f6dsligt att endast f\u00e5 vara femtio personer utplacerade i de mjuka vinr\u00f6da stolarna. Invaggades i  rogivande st\u00e4mning som f\u00f6rst\u00e4rktes av en s\u00e4ttning utan vare sig trummor eller bas. L\u00e4gg d\u00e4rtill Fredrikssons video p\u00e5 brusande v\u00e5gor  som f\u00f6rspel, j\u00e4mte intim ljuss\u00e4ttning. Den laborerade friskt med v\u00e4xlingar skuggspel &#8211; starkt skinande ljusk\u00e4llor.  Maja-Karin Fredriksson spelar under  f\u00f6rsta halvan akustisk gitarr. Hon flankeras av Lovisa Samuelsson p\u00e5 cello och flygel. (Samuelssons senaste skiva har jag nyligen gett h\u00f6gsta betyg i Kulturbloggen, vilket gjorde det extra roligt att tr\u00e4ffa henne efter\u00e5t och f\u00e5 en vinyl signerad). P\u00e5 tons\u00e4ttarens v\u00e4nstra sidan syntes Frida Thurfjell p\u00e5 tenor-, sopransax och basklarinett och ende mannen i s\u00e4llskapet. Syftar p\u00e5 Erik Bj\u00f6rksten p\u00e5 elgitarr j\u00e4mte akustisk dito.  <\/p>\n\n\n\n<figure class=\"wp-block-image size-large\"><img loading=\"lazy\" decoding=\"async\" width=\"488\" height=\"650\" src=\"https:\/\/kulturbloggen.com\/wp-content\/uploads\/2020\/10\/122525245_10157301240222167_6692003639727963620_n.jpg\" alt=\"\" class=\"wp-image-137219\" srcset=\"https:\/\/kulturbloggen.com\/wp-content\/uploads\/2020\/10\/122525245_10157301240222167_6692003639727963620_n.jpg 488w, https:\/\/kulturbloggen.com\/wp-content\/uploads\/2020\/10\/122525245_10157301240222167_6692003639727963620_n-225x300.jpg 225w\" sizes=\"auto, (max-width: 488px) 100vw, 488px\" \/><figcaption>foto Frida Thurfjell<\/figcaption><\/figure>\n\n\n\n<p>   Fredriksson f\u00f6rst\u00e5r att lyfta fram dikterna, dess eviga v\u00e4rde. Framgick av betoningar och omtag av refr\u00e4nger.  D\u00e4rut\u00f6ver recitation som en ing\u00e5ng till ett antal s\u00e5nger, vilket var tackn\u00e4mligt. 42-\u00e5ringen med en bakgrund i tv\u00e5 G\u00f6teborgsband och studier p\u00e5 Musikh\u00f6gskola, sjunger v\u00e4ldigt bra utan att p\u00e5 egna ben ha den karisma som exempelvis singer-songwritern Pernilla Andersson utstr\u00e5lar (recenserat p\u00e5 samma scen ett par \u00e5r tillbaka). Erforderlig frasering och pitch uppn\u00e5s galant av Fredriksson. Hon inleder med <em>Havet sjunger <\/em>och <em>Vi som \u00e4r f\u00f6dda vid havet. <\/em>Mellansnacket till\u00e4gnas av naturliga sk\u00e4l poeten, vars m\u00e5nga boplatser, inklusive l\u00e5nga vistelser utomlands, f\u00f6rv\u00e5nar. Publiken delges relevanta fakta ur Lindqvists biografi.<\/p>\n\n\n\n<p>\u00c5 ena sidan kan p\u00e5st\u00e5s att orden kl\u00e4ds i varsam skrud med \u00f6verbyggnad i dr\u00f6msk, melankolisk arty pop. \u00c5 andra sidan l\u00e4ggs dissonanser och n\u00e4ra nog r\u00f6jiga sekvenser in vid n\u00e5gra f\u00e5 l\u00e4mpliga tillf\u00e4llen. Tons\u00e4ttning av dikt m\u00e5ste inte bara l\u00e5ta sn\u00e4llt smeksam. Det centrala \u00e4r att skiftande temperament till\u00e5ts speglas. <em>Stormf\u00e5gel<\/em>, den f\u00f6rsta dikt Fredriksson satte t\u00e4nderna i, representerar glimrande den mer dj\u00e4rva h\u00e5llningen. Omd\u00f6met enast\u00e5ende dynamik ska inte missbrukas, fast p\u00e5 Stora Teatern framst\u00e5r omd\u00f6met som fullkomligt ber\u00e4ttigat.  Programmets titell\u00e5t <em>Jag beg\u00e4r bara havet <\/em>\u00e4ger en sugande densitet, vilket skapar oemotst\u00e5ndligt fr\u00e4scht sound.<\/p>\n\n\n\n<figure class=\"wp-block-image size-large\"><img loading=\"lazy\" decoding=\"async\" width=\"650\" height=\"434\" src=\"https:\/\/kulturbloggen.com\/wp-content\/uploads\/2020\/10\/MajaKarinFredriksson-press1-small.jpg\" alt=\"\" class=\"wp-image-137227\" srcset=\"https:\/\/kulturbloggen.com\/wp-content\/uploads\/2020\/10\/MajaKarinFredriksson-press1-small.jpg 650w, https:\/\/kulturbloggen.com\/wp-content\/uploads\/2020\/10\/MajaKarinFredriksson-press1-small-300x200.jpg 300w\" sizes=\"auto, (max-width: 650px) 100vw, 650px\" \/><figcaption>pressfoto fr\u00e5n Maja-Karin Fredrikssons hemsida<\/figcaption><\/figure>\n\n\n\n<p>Varje instrument f\u00e4rgl\u00e4gger. Mjuka linjer utg\u00f6r grunden, ibland med sofistikerad elektronik. Lovisa Samuelsson bidrar med str\u00e5k av b\u00e5de diskant och dovare ton p\u00e5 den cello hon \u00e4r som sammanv\u00e4xt med. \u00d6verg\u00e5r p\u00e5 slutet till att snyggt spela melodist\u00e4mmor p\u00e5 piano. Allra sist f\u00e5r hon  resonansen fr\u00e5n cellon att p\u00e5minna om en kontrabas. Erik Bj\u00f6rksten bidrar smakfullt med klangv\u00e4rld fr\u00e5n gitarr, vars tillsats av delay ger ett expressivt sound inom vida ramar. Utser Frida Thurfjell &#8211; varit verksam  p\u00e5 G\u00f6teborgsoperan och som pedagog p\u00e5 Kulturskolan i M\u00f6lndal &#8211; till aftonens stora utropstecken.  Hon fick och tog sannerligen chansen att utveckla melodierna p\u00e5 sina bl\u00e5sinstrument. Ryste av v\u00e4lbehag av  smidiga solon. fr\u00e5n en v\u00e4lutbildad improvisationsmusiker. Hennes underbara spel p\u00e5 sopransax kan liknas vid friska havsvindar. <\/p>\n\n\n\n<p>Maja-Karin Fredriksson ber\u00e4ttar att de haft ytterst f\u00e5 spelningar sedan Corona-utbrottet i mars. &#8221;Vid rep har vi hittat tillbaka till oss sj\u00e4lva&#8221;. Vidare omn\u00e4mns att hon framf\u00f6rt sin favoritdikt (\u00d6nskan) i Lundstr\u00f6ms Bokradio.  Den vackra l\u00e5ten k\u00e4nnetecknas av frimodigt stick d\u00e4r instrumentalister kastar loss. Skulle jag avkr\u00e4vas att s\u00e4tta betyg f\u00f6r denna helgjutna konsert utdelas 4+.<\/p>\n\n\n\n<figure class=\"wp-block-image size-large\"><img loading=\"lazy\" decoding=\"async\" width=\"640\" height=\"640\" src=\"https:\/\/kulturbloggen.com\/wp-content\/uploads\/2020\/10\/121388679_3413891968706223_1319789529827.jpg\" alt=\"\" class=\"wp-image-137232\" srcset=\"https:\/\/kulturbloggen.com\/wp-content\/uploads\/2020\/10\/121388679_3413891968706223_1319789529827.jpg 640w, https:\/\/kulturbloggen.com\/wp-content\/uploads\/2020\/10\/121388679_3413891968706223_1319789529827-300x300.jpg 300w, https:\/\/kulturbloggen.com\/wp-content\/uploads\/2020\/10\/121388679_3413891968706223_1319789529827-150x150.jpg 150w\" sizes=\"auto, (max-width: 640px) 100vw, 640px\" \/><figcaption>foto Angelica Hvass<\/figcaption><\/figure>\n\n\n\n<p>obs Har sedan programmet p\u00e5 Stora Teatern tre g\u00e5nger lyssnat igenom albumet <em>Maja-Karin Fredriksson<\/em> <em>sjunger Ebba Lindqvist<\/em>. Ist\u00e4llet f\u00f6r Erik Bj\u00f6rksten medverkar Petter Eriksson p\u00e5 kontrabas och gitarr. Eriksson ansvarar \u00e4ven f\u00f6r inspelning och mixning. Lindqvist (1908-1995) tolkas med sju l\u00e5tar. Skivan lyfter fram hur musiken s\u00f6ml\u00f6st gifter sig med dikternas sinnesst\u00e4mning. Sammantagna bed\u00f6mningen ger vid handen att den beh\u00e4ndiga skivan \u00e4r full\u00e4ndad. Vilken lycka att jag fick nys om denna organiska fulltr\u00e4ff.<\/p>\n","protected":false},"excerpt":{"rendered":"<p>Maja- Karin Fredriksson sjunger Ebba Lindqvist Stora Teatern i G\u00f6teborg 24\/10 2020 K\u00e4nde inte till Maja-Karin Fredriksson, d\u00e4remot n\u00e5gra av hennes medmusiker. S\u00e5 v\u00e4cktes mitt intresse. Under pandemins restriktioner har det varit v\u00e4ldigt tunns\u00e5tt med m\u00f6jligheter att verka som liverecensent. Fick trevligt nog nu klartecken av arrang\u00f6ren. K\u00e4nde vagt till poeten Ebba Lindqvist, vars s\u00e4rart [&hellip;]<\/p>\n","protected":false},"author":34,"featured_media":0,"comment_status":"closed","ping_status":"closed","sticky":false,"template":"","format":"standard","meta":{"_genesis_hide_title":false,"_genesis_hide_breadcrumbs":false,"_genesis_hide_singular_image":false,"_genesis_hide_footer_widgets":false,"_genesis_custom_body_class":"","_genesis_custom_post_class":"","_genesis_layout":"","footnotes":""},"categories":[7,20],"tags":[],"class_list":{"0":"post-137212","1":"post","2":"type-post","3":"status-publish","4":"format-standard","6":"category-musik","7":"category-film","8":"entry"},"_links":{"self":[{"href":"https:\/\/kulturbloggen.com\/index.php?rest_route=\/wp\/v2\/posts\/137212","targetHints":{"allow":["GET"]}}],"collection":[{"href":"https:\/\/kulturbloggen.com\/index.php?rest_route=\/wp\/v2\/posts"}],"about":[{"href":"https:\/\/kulturbloggen.com\/index.php?rest_route=\/wp\/v2\/types\/post"}],"author":[{"embeddable":true,"href":"https:\/\/kulturbloggen.com\/index.php?rest_route=\/wp\/v2\/users\/34"}],"replies":[{"embeddable":true,"href":"https:\/\/kulturbloggen.com\/index.php?rest_route=%2Fwp%2Fv2%2Fcomments&post=137212"}],"version-history":[{"count":20,"href":"https:\/\/kulturbloggen.com\/index.php?rest_route=\/wp\/v2\/posts\/137212\/revisions"}],"predecessor-version":[{"id":137236,"href":"https:\/\/kulturbloggen.com\/index.php?rest_route=\/wp\/v2\/posts\/137212\/revisions\/137236"}],"wp:attachment":[{"href":"https:\/\/kulturbloggen.com\/index.php?rest_route=%2Fwp%2Fv2%2Fmedia&parent=137212"}],"wp:term":[{"taxonomy":"category","embeddable":true,"href":"https:\/\/kulturbloggen.com\/index.php?rest_route=%2Fwp%2Fv2%2Fcategories&post=137212"},{"taxonomy":"post_tag","embeddable":true,"href":"https:\/\/kulturbloggen.com\/index.php?rest_route=%2Fwp%2Fv2%2Ftags&post=137212"}],"curies":[{"name":"wp","href":"https:\/\/api.w.org\/{rel}","templated":true}]}}