{"id":136781,"date":"2020-10-09T17:33:25","date_gmt":"2020-10-09T15:33:25","guid":{"rendered":"https:\/\/kulturbloggen.com\/?p=136781"},"modified":"2020-10-09T17:33:26","modified_gmt":"2020-10-09T15:33:26","slug":"folkoperan-ar-det-kulturen-och-idrotten-som-nu-skall-ta-over-ansvaret-for-minskad-smittspridning","status":"publish","type":"post","link":"https:\/\/kulturbloggen.com\/?p=136781","title":{"rendered":"Folkoperan: \u00c4r det kulturen och idrotten som nu skall ta \u00f6ver ansvaret f\u00f6r minskad smittspridning?"},"content":{"rendered":"<p><img loading=\"lazy\" decoding=\"async\" class=\"aligncenter size-full wp-image-136785\" src=\"https:\/\/kulturbloggen.com\/wp-content\/uploads\/2020\/10\/unnamed-7-1.jpg\" alt=\"\" width=\"600\" height=\"275\" srcset=\"https:\/\/kulturbloggen.com\/wp-content\/uploads\/2020\/10\/unnamed-7-1.jpg 600w, https:\/\/kulturbloggen.com\/wp-content\/uploads\/2020\/10\/unnamed-7-1-300x138.jpg 300w\" sizes=\"auto, (max-width: 600px) 100vw, 600px\" \/><\/p>\n<p>En viktig debattartikel fr\u00e5n Folkoperan:<\/p>\n<p>Vi har hoppats och f\u00f6rberett oss, och blev d\u00e4rf\u00f6r mycket besvikna \u00f6ver regeringens besked, att publikbegr\u00e4nsningarna p\u00e5 50 personer ligger kvar tillsvidare.<\/p>\n<p>V\u00e5r f\u00f6rhoppning bestod i att \u00e5ter f\u00e5 v\u00e4lkomna en publik men ocks\u00e5 i att \u00e5terigen ta v\u00e5rt ansvar som den st\u00f6rsta arbetsgivaren f\u00f6r frilansande operas\u00e5ngare och orkestermusiker i Sverige. Folkoperan \u00e4r mycket beroende av publikint\u00e4kter men d\u00e5 vi mottar offentligt st\u00f6d och vill g\u00f6ra sk\u00e4l f\u00f6r skattepengarna valde vi att b\u00f6rja repetera Tristan och Isolde efter sommaren. G\u00e5rdagens besked inneb\u00e4r att vi nu m\u00e5ste l\u00e4gga ner v\u00e5r produktion redan den 31 oktober och d\u00e4rmed \u00e5terigen skicka ut en stor grupp frilansare i arbetsl\u00f6shet. Ett tillst\u00e5nd som de med undantag f\u00f6r v\u00e5r repetitionsperiod, befunnit sig i sedan mitten av mars.<\/p>\n<p>Kulturbranschen liksom idrottsr\u00f6relsen \u00e4r seri\u00f6st arbetande branscher som skapar syssels\u00e4ttning och skatteint\u00e4kter till samh\u00e4llet och som dessutom \u00e4r grundstenar i v\u00e5r folkh\u00e4lsa, gemenskap och demokrati. Tyv\u00e4rr inneb\u00e4r g\u00e5rdagens besked en negativ s\u00e4rbehandling v\u00e5ra tv\u00e5 branscher. Idrotten och kulturen f\u00f6rv\u00e4ntas ta ett s\u00e4rskilt ansvar f\u00f6r att smittspridningen hejdas i samh\u00e4llet. Ett ansvar som inte f\u00f6rv\u00e4ntas fr\u00e5n andra branscher med tyngre lobbyingartilleri. Ett ansvar som vi dessutom tagit sedan mitten av mars.<\/p>\n<p>Vi liksom alla v\u00e5ra kollegor i branschen tar pandemin p\u00e5 st\u00f6rsta m\u00f6jliga allvar. Vi vill medverka till att stoppa smittspridningen och n\u00e4r inga f\u00f6rhoppningar om att fylla v\u00e5ra salonger till sista plats p\u00e5 ett tag. De senaste sju m\u00e5naderna har \u00e4gnats \u00e5t anpassningar och f\u00f6rberedelser f\u00f6r att p\u00e5 ett smitts\u00e4kert s\u00e4tt ta hand om medarbetargrupper och en st\u00f6rre publik \u00e4n 50 personer. Vi har ocks\u00e5 \u00e4ndrat v\u00e5ra bokningsvillkor s\u00e5 att den som k\u00e4nner sig sjuk inf\u00f6r bes\u00f6ket kan f\u00e5 sina biljettpengar tillbaka. Ett operabes\u00f6k \u00e4r med andra ord betydligt s\u00e4krare \u00e4n ett bes\u00f6k p\u00e5 m\u00e5nga andra platser i samh\u00e4llet.<\/p>\n<p>P\u00e5 Folkoperan hade vi, enligt det f\u00f6rslag som presenterades av Amanda Lind och Mikael Damberg f\u00f6r en dryg vecka sedan, utan problem kunnat ta emot minst 220 personer vilket \u00e4r en tredjedel av v\u00e5r kapacitet. 220 personer som inte heller bidrar till n\u00e5gon st\u00f6rre belastning p\u00e5 kollektivtrafiken eller som kr\u00e4ver extra polisbevakning eller ordningsvakter.<\/p>\n<p>Amanda Lind h\u00e4nvisar till att regeringen tillf\u00f6rt extra pengar i budgeten f\u00f6r att st\u00f6tta v\u00e5ra branscher. Detta \u00e4r vi mycket tacksamma f\u00f6r och dessa medel kommer att beh\u00f6vas. De kan m\u00f6jligen t\u00e4cka en del av den f\u00f6rlust som en verksamhet utan publikint\u00e4kter orsakar. Dessa medel t\u00e4cker dock inte den kreativitet och arbetstid som g\u00e5r f\u00f6rlorad i att inte kunna planera sin verksamhet, att inte kunna skriva kontrakt med artister eftersom det just nu inte kommer g\u00e5 att bedriva konstn\u00e4rlig verksamhet p\u00e5 ett l\u00e5ngt tag fram\u00f6ver. En nedst\u00e4ngning av kulturen, vilket g\u00e5rdagens besked de facto \u00e4r, inneb\u00e4r ju \u00e4ven kostnader f\u00f6r samh\u00e4llet i form av arbetsl\u00f6shetsers\u00e4ttningar, f\u00f6rlorade skatteint\u00e4kter och minskad konsumtion.<\/p>\n<p>Vi f\u00f6rv\u00e4ntar oss att regeringen tar v\u00e5ra branscher p\u00e5 allvar, att den litar p\u00e5 att vi har f\u00f6rm\u00e5gan att ta det ansvar som kr\u00e4vs f\u00f6r att motverka smittspridning och ge oss f\u00f6ruts\u00e4ttningar f\u00f6r att finnas kvar.<\/p>\n<p><em>H\u00e4lsningar<\/em><br \/>\n<em>Monica Fredriksson, VD.<\/em><br \/>\n<em>Tobias Theorell, Konstn\u00e4rlig chef<\/em><br \/>\n<em>Marit Strindlund, Musikalisk ledare\/chefdirigent<\/em><\/p>\n<p>FOLKOPERAN \u2013 vi t\u00e4nder nya tankar genom or\u00e4dd opera.<\/p>\n","protected":false},"excerpt":{"rendered":"<p>En viktig debattartikel fr\u00e5n Folkoperan: Vi har hoppats och f\u00f6rberett oss, och blev d\u00e4rf\u00f6r mycket besvikna \u00f6ver regeringens besked, att publikbegr\u00e4nsningarna p\u00e5 50 personer ligger kvar tillsvidare. V\u00e5r f\u00f6rhoppning bestod i att \u00e5ter f\u00e5 v\u00e4lkomna en publik men ocks\u00e5 i att \u00e5terigen ta v\u00e5rt ansvar som den st\u00f6rsta arbetsgivaren f\u00f6r frilansande operas\u00e5ngare och orkestermusiker i [&hellip;]<\/p>\n","protected":false},"author":14,"featured_media":0,"comment_status":"closed","ping_status":"closed","sticky":false,"template":"","format":"standard","meta":{"_genesis_hide_title":false,"_genesis_hide_breadcrumbs":false,"_genesis_hide_singular_image":false,"_genesis_hide_footer_widgets":false,"_genesis_custom_body_class":"","_genesis_custom_post_class":"","_genesis_layout":"","footnotes":""},"categories":[62,20,13624],"tags":[],"class_list":{"0":"post-136781","1":"post","2":"type-post","3":"status-publish","4":"format-standard","6":"category-medie-och-kulturpolitik","7":"category-film","8":"category-toppnytt","9":"entry"},"_links":{"self":[{"href":"https:\/\/kulturbloggen.com\/index.php?rest_route=\/wp\/v2\/posts\/136781","targetHints":{"allow":["GET"]}}],"collection":[{"href":"https:\/\/kulturbloggen.com\/index.php?rest_route=\/wp\/v2\/posts"}],"about":[{"href":"https:\/\/kulturbloggen.com\/index.php?rest_route=\/wp\/v2\/types\/post"}],"author":[{"embeddable":true,"href":"https:\/\/kulturbloggen.com\/index.php?rest_route=\/wp\/v2\/users\/14"}],"replies":[{"embeddable":true,"href":"https:\/\/kulturbloggen.com\/index.php?rest_route=%2Fwp%2Fv2%2Fcomments&post=136781"}],"version-history":[{"count":4,"href":"https:\/\/kulturbloggen.com\/index.php?rest_route=\/wp\/v2\/posts\/136781\/revisions"}],"predecessor-version":[{"id":136786,"href":"https:\/\/kulturbloggen.com\/index.php?rest_route=\/wp\/v2\/posts\/136781\/revisions\/136786"}],"wp:attachment":[{"href":"https:\/\/kulturbloggen.com\/index.php?rest_route=%2Fwp%2Fv2%2Fmedia&parent=136781"}],"wp:term":[{"taxonomy":"category","embeddable":true,"href":"https:\/\/kulturbloggen.com\/index.php?rest_route=%2Fwp%2Fv2%2Fcategories&post=136781"},{"taxonomy":"post_tag","embeddable":true,"href":"https:\/\/kulturbloggen.com\/index.php?rest_route=%2Fwp%2Fv2%2Ftags&post=136781"}],"curies":[{"name":"wp","href":"https:\/\/api.w.org\/{rel}","templated":true}]}}