{"id":13675,"date":"2009-10-10T22:07:47","date_gmt":"2009-10-10T20:07:47","guid":{"rendered":"http:\/\/kulturbloggen.com\/?p=13675"},"modified":"2009-10-10T22:07:47","modified_gmt":"2009-10-10T20:07:47","slug":"ajoss-sverige-och-dags-for-lagerback-att-ga-vidare-med-andra-uppgifter","status":"publish","type":"post","link":"https:\/\/kulturbloggen.com\/?p=13675","title":{"rendered":"Aj\u00f6ss Sverige och dags f\u00f6r Lagerb\u00e4ck att g\u00e5 vidare med andra uppgifter"},"content":{"rendered":"<p><img loading=\"lazy\" decoding=\"async\" src=\"http:\/\/sodergren.com\/kulturbloggen\/wp-content\/uploads\/2009\/10\/20091010733-300x225.jpg\" alt=\"20091010733\" title=\"20091010733\" width=\"300\" height=\"225\" class=\"aligncenter size-medium wp-image-13676\" \/><br \/>\nSverige med minst tv\u00e5 bortd\u00f6mda m\u00e5l och Danmark som g\u00f6r m\u00e5l. Jakob Poulsen gjorde 1-0 \u00e5t Danmark i andra halvlek, p\u00e5 fotbollsstadion Parken i K\u00f6penhamn.<\/p>\n<p>VM n\u00e4sta f\u00f6r Danmark och aj\u00f6ss f\u00f6r Sverige. <\/p>\n<p>Dags att bygga upp ett nytt landslag och <a href=\"http:\/\/fotboll.expressen.se\/sport\/kronikorer\/1.1737378\/ek-lagerback-kan-inte-jobba-kvar-nu#\">dags f\u00f6r Lagerb\u00e4ck att tacka f\u00f6r sig<\/a>. Han har gjort en bra insats, men nu har han tappat gnistan. <\/p>\n<p>H\u00e4r kan Sveriges segar ha d\u00f6mts bort, <a href=\"http:\/\/www.aftonbladet.se\/sportbladet\/fotbollsbladet\/landslagsfotboll\/landslaget\/article5938913.ab\">skriver Aftonbladet.<\/a><\/p>\n<blockquote><p>\nMer omdiskuterat kommer Sveriges andra bortd\u00f6mda m\u00e5l bli. Zlatan Ibrahimovic slog in bollen till Sebastian Larsson som kunde nicka in bollen vid Thomas S\u00f6rensens h\u00f6gra stolpe.<\/p>\n<p>Men spanske domare Manuel Mejuto Gonzalez hade sekunden innan bl\u00e5st i sin pipa f\u00f6r att bollen var \u00f6ver kortlinjen innan Zlatan slog passningen. <\/p><\/blockquote>\n<p>Nej, det fungerar inte att snacka om bortd\u00f6mda m\u00e5l. Det lag som g\u00f6r flest m\u00e5l vinner. Och danskarna \u00e4r mer taggade \u00e4n de svenska.<\/p>\n<p>Visst, det finns en mikroskopisk chans att Sverige ska bli tv\u00e5a i gruppen och f\u00e5 kvala till VM. Men d\u00e5 kr\u00e4vs att Ungern spelar oavgjort med Portugal. Det \u00e4r som att tro p\u00e5 tomten.<\/p>\n<p>Men hurra f\u00f6r Tyskland. <a href=\"http:\/\/www.dn.se\/sport\/fotboll\/tyskland-klart-for-vm-1.971757\">Klose fixade 1-0<\/a> mot Ryssland och v\u00e5rt favoritlag har tagit sig till VM.<\/p>\n<p>Fotbollsl\u00e4nkar:<br \/>\n<a href=\"http:\/\/www.vg.no\/sport\/fotball\/artikkel.php?artid=573381\">Verdens Gang<\/a>, <a href=\"http:\/\/www.aftonbladet.se\/sportbladet\/fotbollsbladet\/landslagsfotboll\/landslaget\/article5937705.ab\">Aftonbladet<\/a>, <a href=\"http:\/\/www.svd.se\/sportspel\/nyheter\/artikel_3633029.svd\">Svenska Dagbladet<\/a>, <a href=\"http:\/\/sydsvenskan.se\/sport\/fotboll\/article557061\/Jakob-Poulsen-skot-Danmark-till-VM.html\">Sydsvenskan<\/a>, <a href=\"http:\/\/hd.se\/sport\/2009\/10\/10\/flashfoerlust-i-danmarksmatchen\/\">Helsingborgs Dagblad<\/a>, <a href=\"http:\/\/svt.se\/2.21865\/1.1724281\/sverige_foll_mot_danmark\">Sveriges Television<\/a>, <a href=\"http:\/\/fotboll.expressen.se\/landslaget\/1.1738234\/en-obehaglig-studs-for-isaksson#\">Expressen<\/a>, <a href=\"http:\/\/www.dn.se\/sport\/vm-langt-borta-for-sverige-1.971799\">Dagens Nyheter<\/a>.<\/p>\n<p>L\u00e4s \u00e4ven andra bloggares \u00e5sikter om <a href=\"http:\/\/bloggar.se\/om\/fotbolls-VM\" rel=\"tag\">fotbolls-VM<\/a>, <a href=\"http:\/\/bloggar.se\/om\/Tyskland\" rel=\"tag\">Tyskland<\/a>, <a href=\"http:\/\/bloggar.se\/om\/Danmark\" rel=\"tag\">Danmark<\/a>, <a href=\"http:\/\/bloggar.se\/om\/Sverige\" rel=\"tag\">Sverige<\/a>, <a href=\"http:\/\/bloggar.se\/om\/sport\" rel=\"tag\">sport<\/a>, <a href=\"http:\/\/bloggar.se\/om\/fotboll\" rel=\"tag\">fotboll<\/a><\/p>\n","protected":false},"excerpt":{"rendered":"<p>Sverige med minst tv\u00e5 bortd\u00f6mda m\u00e5l och Danmark som g\u00f6r m\u00e5l. Jakob Poulsen gjorde 1-0 \u00e5t Danmark i andra halvlek, p\u00e5 fotbollsstadion Parken i K\u00f6penhamn. VM n\u00e4sta f\u00f6r Danmark och aj\u00f6ss f\u00f6r Sverige. Dags att bygga upp ett nytt landslag och dags f\u00f6r Lagerb\u00e4ck att tacka f\u00f6r sig. Han har gjort en bra insats, men [&hellip;]<\/p>\n","protected":false},"author":2,"featured_media":0,"comment_status":"open","ping_status":"open","sticky":false,"template":"","format":"standard","meta":{"_genesis_hide_title":false,"_genesis_hide_breadcrumbs":false,"_genesis_hide_singular_image":false,"_genesis_hide_footer_widgets":false,"_genesis_custom_body_class":"","_genesis_custom_post_class":"","_genesis_layout":"","footnotes":""},"categories":[20],"tags":[1125,12292,1838,27,5533,6051],"class_list":{"0":"post-13675","1":"post","2":"type-post","3":"status-publish","4":"format-standard","6":"category-film","7":"tag-danmark","8":"tag-fotboll-sport-nyheter","9":"tag-fotbolls-vm","10":"tag-sport","11":"tag-sverige","12":"tag-tyskland","13":"entry"},"_links":{"self":[{"href":"https:\/\/kulturbloggen.com\/index.php?rest_route=\/wp\/v2\/posts\/13675","targetHints":{"allow":["GET"]}}],"collection":[{"href":"https:\/\/kulturbloggen.com\/index.php?rest_route=\/wp\/v2\/posts"}],"about":[{"href":"https:\/\/kulturbloggen.com\/index.php?rest_route=\/wp\/v2\/types\/post"}],"author":[{"embeddable":true,"href":"https:\/\/kulturbloggen.com\/index.php?rest_route=\/wp\/v2\/users\/2"}],"replies":[{"embeddable":true,"href":"https:\/\/kulturbloggen.com\/index.php?rest_route=%2Fwp%2Fv2%2Fcomments&post=13675"}],"version-history":[{"count":0,"href":"https:\/\/kulturbloggen.com\/index.php?rest_route=\/wp\/v2\/posts\/13675\/revisions"}],"wp:attachment":[{"href":"https:\/\/kulturbloggen.com\/index.php?rest_route=%2Fwp%2Fv2%2Fmedia&parent=13675"}],"wp:term":[{"taxonomy":"category","embeddable":true,"href":"https:\/\/kulturbloggen.com\/index.php?rest_route=%2Fwp%2Fv2%2Fcategories&post=13675"},{"taxonomy":"post_tag","embeddable":true,"href":"https:\/\/kulturbloggen.com\/index.php?rest_route=%2Fwp%2Fv2%2Ftags&post=13675"}],"curies":[{"name":"wp","href":"https:\/\/api.w.org\/{rel}","templated":true}]}}