{"id":136457,"date":"2020-09-28T03:15:49","date_gmt":"2020-09-28T01:15:49","guid":{"rendered":"https:\/\/kulturbloggen.com\/?p=136457"},"modified":"2020-09-28T03:15:49","modified_gmt":"2020-09-28T01:15:49","slug":"roande-osammanhangande-audiodrama-fan-fiction-don-quijote-iv-pa-folkteatern","status":"publish","type":"post","link":"https:\/\/kulturbloggen.com\/?p=136457","title":{"rendered":"Roande osammanh\u00e4ngande audiodrama &#8211; FAN-fiction, Don Quijote IV p\u00e5 Folkteatern"},"content":{"rendered":"\n<figure class=\"wp-block-image size-large\"><img loading=\"lazy\" decoding=\"async\" width=\"650\" height=\"545\" src=\"https:\/\/kulturbloggen.com\/wp-content\/uploads\/2020\/09\/120226763_4296706300401995_5022947766199718555_o.jpg\" alt=\"\" class=\"wp-image-136458\" srcset=\"https:\/\/kulturbloggen.com\/wp-content\/uploads\/2020\/09\/120226763_4296706300401995_5022947766199718555_o.jpg 650w, https:\/\/kulturbloggen.com\/wp-content\/uploads\/2020\/09\/120226763_4296706300401995_5022947766199718555_o-300x252.jpg 300w\" sizes=\"auto, (max-width: 650px) 100vw, 650px\" \/><figcaption>foto Lina Ikse fr\u00e5n Folkteaterns facebooksida<\/figcaption><\/figure>\n\n\n\n<p>Don Quijote &#8211; Erik Holmstr\u00f6m goes f\u00f6ljetong<\/p>\n\n\n\n<p>Folkteatern i G\u00f6teborg 25-26\/9 2020<\/p>\n\n\n\n<p>Urpremi\u00e4r 25\/9 2020<\/p>\n\n\n\n<p>Inspirerat av Cervantes roman<\/p>\n\n\n\n<p>Regi: Erik Holmstr\u00f6m<\/p>\n\n\n\n<p>Scenografi och kostymdesign: Maja Kall<\/p>\n\n\n\n<p>Ljusdesign: Tobias Hagstr\u00f6m-St\u00e5hl och Sofie Andersson<\/p>\n\n\n\n<p>Ljuddesign: Ensemblen plus musiker<\/p>\n\n\n\n<p>Musiker och komposition: Lotta Wengl\u00e9n och Cecilia Nordlund<\/p>\n\n\n\n<p>Medverkande: Andrea Paddington Edwards, Lena B Nilsson, Malin Morgan, Pelle Grytt, Jonas Sj\u00f6qvist, Anna Lundstr\u00f6m samt Sanna Hultman<\/p>\n\n\n\n<p>Avhandlar inte del III separat d\u00e5 f\u00f6rest\u00e4llningarna inte kan definieras som scenkonst. Ist\u00e4llet iscensattes ett Big Brother-liknande experiment med fastst\u00e4llda regler. Kan liknas vid en utdragen installation, ett work in progress utan annat specifikt m\u00e5l \u00e4n att hinna l\u00e4sa hela boken, vilket retligt nog g\u00e5r i st\u00f6pet. Under rubriken <em>Into the Reality <\/em>skulle ensemblen turas om att h\u00f6gl\u00e4sa romanens tv\u00e5 delar, inte prata med varandra  f\u00f6rutom vid m\u00e5ltider d\u00e5 endast romanens inneh\u00e5ll fick dryftas och n\u00e4r den inst\u00e4ngda ensemblen sl\u00e4pptes ut f\u00f6r gemensamma promenader skedde det i tidsenlig kl\u00e4dsel under fortsatt l\u00e4sning. Ensemblen var h\u00e4nvisad till varandra genom att ha accepterat, villkoret att vistas insp\u00e4rrade p\u00e5 Folkteatern under cirka fyra dygn. En ytterligare ol\u00e4genhet bestod i att deras arbete\/ fritid kunde f\u00f6ljas p\u00e5 Youtube.<\/p>\n\n\n\n<p> Projektet, likv\u00e4l som det l\u00e4sta, analyserades vid tre m\u00e5ltider av  samtalsledare. Inbjudna  var komikern och arrang\u00f6ren Emma Knyckare, f\u00f6rl\u00e4ggaren och id\u00e9historikern David Karlsson samt radioprogramledaren Rasmus Persson. S\u00e5g med beh\u00e5llning de tre samtalen som p\u00e5gick i exakt sextio minuter.  F\u00f6rst n\u00e4mnda p\u00e5 plats och \u00f6vriga p\u00e5 n\u00e4tet. S\u00e4llan har vi publik sett sk\u00e5despelare exponerats s\u00e5 bildligt talat osminkade, i egenskap av privatpersoner som uttalar sig. Vad Knyckare kallade f\u00f6r dokus\u00e5pa var en anomali fr\u00e5n genrens g\u00e4ngse dramaturgi.  En av deltagarna sa att hon inte ans\u00e5g D.Q III vara ett socialt experiment. Olika reaktioner, oenighet avseende bokens kvaliteter, men inga konflikter.   <\/p>\n\n\n\n<p>         <\/p>\n\n\n\n<figure class=\"wp-block-image size-large\"><img loading=\"lazy\" decoding=\"async\" width=\"650\" height=\"545\" src=\"https:\/\/kulturbloggen.com\/wp-content\/uploads\/2020\/09\/120264412_4296705667068725_6388421742152131100_o.jpg\" alt=\"\" class=\"wp-image-136463\" srcset=\"https:\/\/kulturbloggen.com\/wp-content\/uploads\/2020\/09\/120264412_4296705667068725_6388421742152131100_o.jpg 650w, https:\/\/kulturbloggen.com\/wp-content\/uploads\/2020\/09\/120264412_4296705667068725_6388421742152131100_o-300x252.jpg 300w\" sizes=\"auto, (max-width: 650px) 100vw, 650px\" \/><figcaption>foto Lina Ikse<\/figcaption><\/figure>\n\n\n\n<p>Till Del IV hade Folkteatern bett intresserade att skicka in  ber\u00e4ttelser (ska finnas p\u00e5 teaterns hemsida) med anknytning till Don Quijote och hans vapendragare. Vi f\u00e5r reda p\u00e5 att D.Q b\u00e4r vissa  gemensamma drag med Karl-Ove Knausg\u00e5rd.  Varianter av en  forts\u00e4ttning p\u00e5 andra delen utgiven 1615, f\u00f6rflyttas  med folks  fantasi till helt andra milj\u00f6er och epoker. Regiss\u00f6ren valde historier fr\u00e5n sex bidrag, vilka kn\u00e5dats ihop i lustig collageform.  Holmstr\u00f6m upplyser om att det faktiskt cirkulerade en falsk forts\u00e4ttning i skarven emellan Cervantes tv\u00e5 delar.  Alla i ensemblen framf\u00f6r ungef\u00e4r lika stor m\u00e4ngd text, l\u00e4ser innantill. Sanna Hultman medverkar inte p\u00e5 scen, utan syns och h\u00f6rs via l\u00e4nk.<\/p>\n\n\n\n<p>Likheten med Radioteater p\u00e5pekas. Hur texten f\u00f6rst\u00e4rks och betonas  i etern \u00e4r ju helt avg\u00f6rande f\u00f6r mottagarens upplevelse,  en omst\u00e4ndighet Holmstr\u00f6m  utg\u00e5r fr\u00e5n i vad som annars riskerar bli stillast\u00e5ende uppl\u00e4sning.  Underh\u00e5llningsv\u00e4rdet \u00f6kar markant n\u00e4r ensemblen i realtid,  tillverkar samtliga ljudeffekter tillsammans med musikerduon. I spelfilmens v\u00e4rld d\u00e4r ljudeffekter framst\u00e4lls i efterhand, kallas yrkeskategorin  trampare. <\/p>\n\n\n\n<p> Ensemblens var f\u00f6r sig frejdigt laddade och synkade aktioner p\u00e5minner om en speciell upps\u00e4ttning p\u00e5 G\u00f6teborgs Stadsteater f\u00f6r halvtannat \u00e5r sedan <em>Ship of Fools)<\/em>.  Utspridda bord \u00e4r belamrade med otroligt m\u00e5nga pinaler, noggrant utprovade illustrerar de allt eftersom skeendet i inl\u00e4mnade texter.. (I del II <em>Into the Violence <\/em> hade Holmstr\u00f6m p\u00e5 ett f\u00f6rtj\u00e4nstfullt s\u00e4tt letat fram  f\u00f6rh\u00f6jande ljudmark\u00f6rer.)    <\/p>\n\n\n\n<figure class=\"wp-block-image size-large\"><img loading=\"lazy\" decoding=\"async\" width=\"650\" height=\"545\" src=\"https:\/\/kulturbloggen.com\/wp-content\/uploads\/2020\/09\/120190689_4296706393735319_6754139780327628241_o.jpg\" alt=\"\" class=\"wp-image-136466\" srcset=\"https:\/\/kulturbloggen.com\/wp-content\/uploads\/2020\/09\/120190689_4296706393735319_6754139780327628241_o.jpg 650w, https:\/\/kulturbloggen.com\/wp-content\/uploads\/2020\/09\/120190689_4296706393735319_6754139780327628241_o-300x252.jpg 300w\" sizes=\"auto, (max-width: 650px) 100vw, 650px\" \/><figcaption>foto Lina Ikse<\/figcaption><\/figure>\n\n\n\n<p>Genom att delvis f\u00f6rlita sig p\u00e5 utomst\u00e5ende gick teamet avsiktligt utanf\u00f6r sin komfortzon, lyckligtvis med gott resultat. Regiss\u00f6ren band elegant samman radbandet av spretigt infallsrika historier. \u00d6ppningsrepliker och  slutord adresserade till publiken, ombes\u00f6rjes med bravur av Andrea Paddington Edwards. F\u00f6rvisso ovant att sl\u00e4ppa  viljan att h\u00e4nga med, ist\u00e4llet ge sig h\u00e4n i en mysko och ologisk v\u00e4rld.  \u00c4ven om inga nya insikter serveras funkar det v\u00e5ghalsiga projektet riktigt skapligt.  Ensemblen st\u00e5r f\u00f6r animerade uppl\u00e4sningar i skiftande konstellationer. Samtidigt minst lika kul att ta till sig ljudl\u00e4ggarnas finurliga aktioner. <\/p>\n\n\n\n<p>Vad de brokiga ber\u00e4ttelserna ber\u00f6rde? Minns fragmentariskt \u00e4ventyr i djungeln d\u00e4r gr\u00e4nsen mellan m\u00e4nniska och apa l\u00f6ses upp, <em>Thelma &amp; Louise<\/em> och \u00e5tr\u00e5v\u00e4rda Brad Pitt, in- och utg\u00e5ngar, yttrandefrihet, l\u00e5ng scen fr\u00e5n blomsterhandel som m\u00f6jligen anspelar P\u00e5 <em>Little Shop Of Horrors, <\/em>en nyckfull presidents l\u00f6fte om att bygga  mur, egoboost, uttrycket &#8221;smek sj\u00e4len&#8221; samt  fr\u00e5gor riktade direkt till riddarromanens anti-hj\u00e4lte.      <\/p>\n","protected":false},"excerpt":{"rendered":"<p>Don Quijote &#8211; Erik Holmstr\u00f6m goes f\u00f6ljetong Folkteatern i G\u00f6teborg 25-26\/9 2020 Urpremi\u00e4r 25\/9 2020 Inspirerat av Cervantes roman Regi: Erik Holmstr\u00f6m Scenografi och kostymdesign: Maja Kall Ljusdesign: Tobias Hagstr\u00f6m-St\u00e5hl och Sofie Andersson Ljuddesign: Ensemblen plus musiker Musiker och komposition: Lotta Wengl\u00e9n och Cecilia Nordlund Medverkande: Andrea Paddington Edwards, Lena B Nilsson, Malin Morgan, Pelle [&hellip;]<\/p>\n","protected":false},"author":34,"featured_media":0,"comment_status":"closed","ping_status":"closed","sticky":false,"template":"","format":"standard","meta":{"_genesis_hide_title":false,"_genesis_hide_breadcrumbs":false,"_genesis_hide_singular_image":false,"_genesis_hide_footer_widgets":false,"_genesis_custom_body_class":"","_genesis_custom_post_class":"","_genesis_layout":"","footnotes":""},"categories":[20,31],"tags":[],"class_list":{"0":"post-136457","1":"post","2":"type-post","3":"status-publish","4":"format-standard","6":"category-film","7":"category-teaterrecension","8":"entry"},"_links":{"self":[{"href":"https:\/\/kulturbloggen.com\/index.php?rest_route=\/wp\/v2\/posts\/136457","targetHints":{"allow":["GET"]}}],"collection":[{"href":"https:\/\/kulturbloggen.com\/index.php?rest_route=\/wp\/v2\/posts"}],"about":[{"href":"https:\/\/kulturbloggen.com\/index.php?rest_route=\/wp\/v2\/types\/post"}],"author":[{"embeddable":true,"href":"https:\/\/kulturbloggen.com\/index.php?rest_route=\/wp\/v2\/users\/34"}],"replies":[{"embeddable":true,"href":"https:\/\/kulturbloggen.com\/index.php?rest_route=%2Fwp%2Fv2%2Fcomments&post=136457"}],"version-history":[{"count":7,"href":"https:\/\/kulturbloggen.com\/index.php?rest_route=\/wp\/v2\/posts\/136457\/revisions"}],"predecessor-version":[{"id":136467,"href":"https:\/\/kulturbloggen.com\/index.php?rest_route=\/wp\/v2\/posts\/136457\/revisions\/136467"}],"wp:attachment":[{"href":"https:\/\/kulturbloggen.com\/index.php?rest_route=%2Fwp%2Fv2%2Fmedia&parent=136457"}],"wp:term":[{"taxonomy":"category","embeddable":true,"href":"https:\/\/kulturbloggen.com\/index.php?rest_route=%2Fwp%2Fv2%2Fcategories&post=136457"},{"taxonomy":"post_tag","embeddable":true,"href":"https:\/\/kulturbloggen.com\/index.php?rest_route=%2Fwp%2Fv2%2Ftags&post=136457"}],"curies":[{"name":"wp","href":"https:\/\/api.w.org\/{rel}","templated":true}]}}