{"id":1363,"date":"2008-09-03T05:29:46","date_gmt":"2008-09-03T05:29:46","guid":{"rendered":"http:\/\/kulturbloggen.com\/?p=1363"},"modified":"2008-09-03T05:29:46","modified_gmt":"2008-09-03T05:29:46","slug":"ikvall-borjar-idol","status":"publish","type":"post","link":"https:\/\/kulturbloggen.com\/?p=1363","title":{"rendered":"Ikv\u00e4ll b\u00f6rjar Idol"},"content":{"rendered":"<p><a href='http:\/\/sodergren.com\/kulturbloggen\/wp-content\/uploads\/2008\/09\/idol260.jpg'><img loading=\"lazy\" decoding=\"async\" src=\"http:\/\/sodergren.com\/kulturbloggen\/wp-content\/uploads\/2008\/09\/idol260.jpg\" alt=\"\" title=\"idol260\" width=\"260\" height=\"150\" class=\"alignright size-full wp-image-1364\" \/><\/a>Nystart f\u00f6r Idol p\u00e5 flera s\u00e4tt. Det som inte \u00e4r nytt \u00e4r att f\u00f6rsta avsnittet som vanligt r\u00f6rigt:<\/p>\n<blockquote><p>I f\u00f6rsta avsnittet, som s\u00e4nds i kv\u00e4ll, \u00e4r det den vanliga blandningen av talanger och freaks. I september f\u00e5r vi f\u00f6lja alla f\u00f6rhoppningsfulla n\u00e4r de sjunger f\u00f6r juryn i G\u00f6teborg, Karlstad, Lule\u00e5, Lund och Stockholm. (<a href=\"http:\/\/www.svd.se\/kulturnoje\/nyheter\/artikel_1654233.svd\">fr\u00e5n svd<\/a>) <\/p><\/blockquote>\n<p>Men det nya \u00e4r f\u00f6rst\u00e5s: den nya juryn. Det \u00e4r kanske det mest sp\u00e4nnande, ska de vara roligare \u00e4n den f\u00f6rra?<\/p>\n<p>Ikv\u00e4ll efter f\u00f6rsta avsnittet g\u00e5r det <a href=\"http:\/\/www.tv4.se\/1.421850\/2008\/08\/25\/vem_gor_den_bast\">g\u00e5 in p\u00e5 tv4:s Idolsajt och r\u00f6sta<\/a> p\u00e5 en del av de som varit med i auditions.<\/p>\n<p>Men \u00e4ven om det \u00e4r en del nytt s\u00e5 p\u00e5 den \u00e4r fronten \u00e4r det inget nytt:<\/p>\n<p><a href=\"http:\/\/www.tv4.se\/1.610804\/2008\/09\/02\/idol_far_komma_till_besokarna\">P\u00e5 Idolsajten l\u00e4ser jag<\/a>:<\/p>\n<blockquote><p>F\u00f6r andra \u00e5ret i rad samarbetar TV4 och Expressen med varandra under \u00e5rets upplaga av Idol. Under hela h\u00f6sten kommer Expressen att f\u00e5 ta del av exklusiva videoklipp med idolerna, i utbyte mot att tidningen l\u00e4nkar till Idolsajten.<\/p><\/blockquote>\n<p>F\u00f6rmodligen \u00e4r det d\u00e4rf\u00f6r man f\u00e5r scrolla bra l\u00e5ngt ner p\u00e5 Aftonbladets sajt f\u00f6r att hitta n\u00e5got inf\u00f6r kv\u00e4llens Idolstart.<\/p>\n<p>N\u00e4r s\u00e5 Idol rullat klart f\u00f6r s\u00e4songen och en ny vinnare korats f\u00e5r vi hoppas det g\u00e5r b\u00e4ttre f\u00f6r den \u00e4r tidigare s\u00e4songers vinnare. R\u00e4tt ofta g\u00f6r tv\u00e5an b\u00e4ttre karri\u00e4r. Nu \u00e4r det tydligen risk f\u00f6r Marie Picasso som vann f\u00f6rra s\u00e4songen, att hon f\u00f6rlorar sitt skivkontrakt. Sony BMG \u00f6verv\u00e4ger att sparka \u201dIdol\u201d-vinnaren, <a href=\"http:\/\/www.aftonbladet.se\/nojesliv\/tv\/dokusapa\/idol\/article3226477.ab\">skriver Aftonbladet<\/a>.<\/p>\n<p>H\u00e4r \u00e4r en av mina favoriter fr\u00e5n Idol, men jag har inte h\u00f6rt n\u00e5got om honom sedan Idol.<\/p>\n<p><object width=\"425\" height=\"344\"><param name=\"movie\" value=\"http:\/\/www.youtube.com\/v\/8669YbDIOng&#038;hl=en&#038;fs=1\"><\/param><param name=\"allowFullScreen\" value=\"true\"><\/param><embed src=\"http:\/\/www.youtube.com\/v\/8669YbDIOng&#038;hl=en&#038;fs=1\" type=\"application\/x-shockwave-flash\" allowfullscreen=\"true\" width=\"425\" height=\"344\"><\/embed><\/object><\/p>\n<p>Relaterat:<br \/>\nDN:artiklar:<br \/>\n<a href=\"http:\/\/www.dn.se\/DNet\/jsp\/polopoly.jsp?d=2198&#038;a=823636\">\u00c5tta tusen svenskar har s\u00f6kt poplyckan i \u00e5r<\/a><br \/>\n<a href=\"http:\/\/www.dn.se\/DNet\/jsp\/polopoly.jsp?d=2198&#038;a=798127\">Hur g\u00e5r det f\u00f6r idolerna? <\/a><br \/>\n<a href=\"http:\/\/www.dn.se\/DNet\/jsp\/polopoly.jsp?d=2198&#038;a=746967\">H\u00e4r \u00e4r den nya juryn<\/a><\/p>\n<p>Andra bloggar om: <a href=\"http:\/\/bloggar.se\/om\/Idol\" rel=\"tag\">Idol<\/a>, <a href=\"http:\/\/bloggar.se\/om\/tv4\" rel=\"tag\">tv4<\/a>, <a href=\"http:\/\/bloggar.se\/om\/Expressen\" rel=\"tag\">Expressen<\/a>, <a href=\"http:\/\/bloggar.se\/om\/video\" rel=\"tag\">video<\/a>, <a href=\"http:\/\/bloggar.se\/om\/Daniel\" rel=\"tag\">Daniel<\/a>, <a href=\"http:\/\/bloggar.se\/om\/Marie+Picasso\" rel=\"tag\">Marie Picasso<\/a>, <a href=\"http:\/\/bloggar.se\/om\/Sony\" rel=\"tag\">Sony<\/a>, <a href=\"http:\/\/bloggar.se\/om\/kontrakt\" rel=\"tag\">kontrakt<\/a>, <a href=\"http:\/\/bloggar.se\/om\/skivkontrakt\" rel=\"tag\">skivkontrakt<\/a>, <a href=\"http:\/\/bloggar.se\/om\/Idolsajten\" rel=\"tag\">Idolsajten<\/a><\/p>\n","protected":false},"excerpt":{"rendered":"<p>Nystart f\u00f6r Idol p\u00e5 flera s\u00e4tt. Det som inte \u00e4r nytt \u00e4r att f\u00f6rsta avsnittet som vanligt r\u00f6rigt: I f\u00f6rsta avsnittet, som s\u00e4nds i kv\u00e4ll, \u00e4r det den vanliga blandningen av talanger och freaks. I september f\u00e5r vi f\u00f6lja alla f\u00f6rhoppningsfulla n\u00e4r de sjunger f\u00f6r juryn i G\u00f6teborg, Karlstad, Lule\u00e5, Lund och Stockholm. (fr\u00e5n svd) [&hellip;]<\/p>\n","protected":false},"author":2,"featured_media":0,"comment_status":"open","ping_status":"open","sticky":false,"template":"","format":"standard","meta":{"_genesis_hide_title":false,"_genesis_hide_breadcrumbs":false,"_genesis_hide_singular_image":false,"_genesis_hide_footer_widgets":false,"_genesis_custom_body_class":"","_genesis_custom_post_class":"","_genesis_layout":"","footnotes":""},"categories":[7],"tags":[1620,2427,6029,6230],"class_list":{"0":"post-1363","1":"post","2":"type-post","3":"status-publish","4":"format-standard","6":"category-musik","7":"tag-expressen","8":"tag-idol","9":"tag-tv4","10":"tag-video","11":"entry"},"_links":{"self":[{"href":"https:\/\/kulturbloggen.com\/index.php?rest_route=\/wp\/v2\/posts\/1363","targetHints":{"allow":["GET"]}}],"collection":[{"href":"https:\/\/kulturbloggen.com\/index.php?rest_route=\/wp\/v2\/posts"}],"about":[{"href":"https:\/\/kulturbloggen.com\/index.php?rest_route=\/wp\/v2\/types\/post"}],"author":[{"embeddable":true,"href":"https:\/\/kulturbloggen.com\/index.php?rest_route=\/wp\/v2\/users\/2"}],"replies":[{"embeddable":true,"href":"https:\/\/kulturbloggen.com\/index.php?rest_route=%2Fwp%2Fv2%2Fcomments&post=1363"}],"version-history":[{"count":0,"href":"https:\/\/kulturbloggen.com\/index.php?rest_route=\/wp\/v2\/posts\/1363\/revisions"}],"wp:attachment":[{"href":"https:\/\/kulturbloggen.com\/index.php?rest_route=%2Fwp%2Fv2%2Fmedia&parent=1363"}],"wp:term":[{"taxonomy":"category","embeddable":true,"href":"https:\/\/kulturbloggen.com\/index.php?rest_route=%2Fwp%2Fv2%2Fcategories&post=1363"},{"taxonomy":"post_tag","embeddable":true,"href":"https:\/\/kulturbloggen.com\/index.php?rest_route=%2Fwp%2Fv2%2Ftags&post=1363"}],"curies":[{"name":"wp","href":"https:\/\/api.w.org\/{rel}","templated":true}]}}