{"id":13610,"date":"2009-10-09T14:31:01","date_gmt":"2009-10-09T12:31:01","guid":{"rendered":"http:\/\/kulturbloggen.com\/?p=13610"},"modified":"2009-10-09T14:31:01","modified_gmt":"2009-10-09T12:31:01","slug":"obama-vann-fredspriset","status":"publish","type":"post","link":"https:\/\/kulturbloggen.com\/?p=13610","title":{"rendered":"Som vi trodde: Obama vann fredspriset"},"content":{"rendered":"<p><a href=\"http:\/\/sodergren.com\/kulturbloggen\/wp-content\/uploads\/2009\/10\/obama.jpg\"><img loading=\"lazy\" decoding=\"async\" class=\"aligncenter size-full wp-image-13611\" title=\"obama\" src=\"http:\/\/sodergren.com\/kulturbloggen\/wp-content\/uploads\/2009\/10\/obama.jpg\" alt=\"obama\" width=\"300\" height=\"293\" \/><\/a><\/p>\n<p>Precis som det <a title=\"Kulturbloggen\" href=\"http:\/\/kulturbloggen.com\/?p=13342\">verkade<\/a> f\u00e5r Obama <a title=\"Svenska Dagbladet\" href=\"http:\/\/www.svd.se\/nyheter\/utrikes\/artikel_3627683.svd\">fredspriset<\/a> (\u00e4ven om det var sv\u00e5rt att tro). Det verkar som om v\u00e4rlden \u00e4r chockad. <a title=\"Expressen\" href=\"http:\/\/www.expressen.se\/Nyheter\/1.1736611\/svenska-freds-ordforande-paff\">Svenska freds- och skiljedomsf\u00f6rening<\/a> tycker att det s\u00e4nder fel signaler att en president som driver tv\u00e5 krig f\u00e5r ett fredspris (<a title=\"Svenska Dagbladet\" href=\"http:\/\/www.svd.se\/nyheter\/utrikes\/artikel_3628459.svd\">SvD<\/a>). Norska <a title=\"Verdens Gang\" href=\"http:\/\/www.vg.no\/nyheter\/utenriks\/artikkel.php?artid=574921\">Verdens Gang<\/a> tar ocks\u00e5 upp de blandade reaktionerna fr\u00e5n norsk horisont och <a title=\"Expressen\" href=\"http:\/\/www.expressen.se\/Nyheter\/1.1736699\/lasarstorm-mot-valet-av-obama\">Expressen<\/a> skriver om en l\u00e4sarstorm.<\/p>\n<p>Tidigare i \u00e5r avl\u00f6ste Obama George Bush som USAs president. Obamas valkampanj v\u00e4ckte f\u00f6rhoppningar om att han skulle r\u00e4tta till de missf\u00f6rh\u00e5llanden som Bush-adminstrationen var ansvarig f\u00f6r. Obama v\u00e4ckte f\u00f6rhoppningar om att USA skulle kunna f\u00e5 v\u00e4rldens respekt igen.<\/p>\n<p>Nu n\u00e4r det g\u00e5tt en tid v\u00e4xer listan p\u00e5 besvikelser. Tillbakadragandet fr\u00e5n Irak drar ut p\u00e5 tiden och planerna p\u00e5 mer trupper till Afghanistan m\u00f6ter starkt politiskt motst\u00e5nd.<\/p>\n<p>Det hade kanske varit b\u00e4ttre att l\u00e5ta Obama v\u00e4nta. D\u00e5 hade kunnat bli som t\u00e4nkt. Ett pris som \u00e4r en bel\u00f6ning f\u00f6r n\u00e5got en person verkligen gjort. Nu f\u00e5r Obama priset f\u00f6r allas f\u00f6rhoppningar men han m\u00e5ste fortfarande bevisa att han f\u00f6rtj\u00e4nar priset.<\/p>\n<p>Vi p\u00e5 Kulturbloggen trodde att Obama skulle f\u00e5 fredspriset, vilket vi bloggade om nyligen. Med tanke p\u00e5 att Obama var nominerad och Will Smith med fru ska vara programledare vid prisutdelningen, t\u00e4nkte vi att det pekade p\u00e5 att Obama skulle f\u00e5 priset.<\/p>\n<p>Varf\u00f6r Norge, som \u00e4r ett Natoland vill ge priset s\u00e5 tidigt, innan han hunnit utf\u00f6ra s\u00e5 mycket, kan man ju spekulera om.<\/p>\n<p><a title=\"Expressen\" href=\"http:\/\/www.expressen.se\/Nyheter\/1.1736605\/tidigare-pristagare-av-nobels-fredspris\">Tidigare pristagare.<\/a><\/p>\n<p><a title=\"Intressant\" href=\"http:\/\/intressant.se\/intressant\">Intressant?<\/a> L\u00e4s \u00e4ven andra bloggares \u00e5sikter om <a rel=\"tag\" href=\"http:\/\/bloggar.se\/om\/Nobels+fredspris\">Nobels fredspris<\/a>, <a rel=\"tag\" href=\"http:\/\/bloggar.se\/om\/Obama\">Obama<\/a>, <a rel=\"tag\" href=\"http:\/\/bloggar.se\/om\/politik\">politik<\/a>, <a rel=\"tag\" href=\"http:\/\/bloggar.se\/om\/Irak\">Irak<\/a>, <a rel=\"tag\" href=\"http:\/\/bloggar.se\/om\/l%E4sarstorm\">l\u00e4sarstorm<\/a>, <a rel=\"tag\" href=\"http:\/\/bloggar.se\/om\/krig\">krig<\/a><\/p>\n","protected":false},"excerpt":{"rendered":"<p>Precis som det verkade f\u00e5r Obama fredspriset (\u00e4ven om det var sv\u00e5rt att tro). Det verkar som om v\u00e4rlden \u00e4r chockad. Svenska freds- och skiljedomsf\u00f6rening tycker att det s\u00e4nder fel signaler att en president som driver tv\u00e5 krig f\u00e5r ett fredspris (SvD). Norska Verdens Gang tar ocks\u00e5 upp de blandade reaktionerna fr\u00e5n norsk horisont och [&hellip;]<\/p>\n","protected":false},"author":13,"featured_media":0,"comment_status":"open","ping_status":"open","sticky":false,"template":"","format":"standard","meta":{"_genesis_hide_title":false,"_genesis_hide_breadcrumbs":false,"_genesis_hide_singular_image":false,"_genesis_hide_footer_widgets":false,"_genesis_custom_body_class":"","_genesis_custom_post_class":"","_genesis_layout":"","footnotes":""},"categories":[20],"tags":[2553,3405,4006,4100,12284],"class_list":{"0":"post-13610","1":"post","2":"type-post","3":"status-publish","4":"format-standard","6":"category-film","7":"tag-irak","8":"tag-lasarstorm","9":"tag-nobels-fredspris","10":"tag-obama","11":"tag-politik","12":"entry"},"_links":{"self":[{"href":"https:\/\/kulturbloggen.com\/index.php?rest_route=\/wp\/v2\/posts\/13610","targetHints":{"allow":["GET"]}}],"collection":[{"href":"https:\/\/kulturbloggen.com\/index.php?rest_route=\/wp\/v2\/posts"}],"about":[{"href":"https:\/\/kulturbloggen.com\/index.php?rest_route=\/wp\/v2\/types\/post"}],"author":[{"embeddable":true,"href":"https:\/\/kulturbloggen.com\/index.php?rest_route=\/wp\/v2\/users\/13"}],"replies":[{"embeddable":true,"href":"https:\/\/kulturbloggen.com\/index.php?rest_route=%2Fwp%2Fv2%2Fcomments&post=13610"}],"version-history":[{"count":0,"href":"https:\/\/kulturbloggen.com\/index.php?rest_route=\/wp\/v2\/posts\/13610\/revisions"}],"wp:attachment":[{"href":"https:\/\/kulturbloggen.com\/index.php?rest_route=%2Fwp%2Fv2%2Fmedia&parent=13610"}],"wp:term":[{"taxonomy":"category","embeddable":true,"href":"https:\/\/kulturbloggen.com\/index.php?rest_route=%2Fwp%2Fv2%2Fcategories&post=13610"},{"taxonomy":"post_tag","embeddable":true,"href":"https:\/\/kulturbloggen.com\/index.php?rest_route=%2Fwp%2Fv2%2Ftags&post=13610"}],"curies":[{"name":"wp","href":"https:\/\/api.w.org\/{rel}","templated":true}]}}