{"id":136076,"date":"2020-09-11T15:10:09","date_gmt":"2020-09-11T13:10:09","guid":{"rendered":"https:\/\/kulturbloggen.com\/?p=136076"},"modified":"2020-09-11T15:10:10","modified_gmt":"2020-09-11T13:10:10","slug":"lyssna-uno-svenningsson-oppna-mina-ogon","status":"publish","type":"post","link":"https:\/\/kulturbloggen.com\/?p=136076","title":{"rendered":"Lyssna: Uno Svenningsson &#8211; \u00d6ppna Mina \u00d6gon"},"content":{"rendered":"<p><img loading=\"lazy\" decoding=\"async\" class=\"aligncenter size-full wp-image-136081\" src=\"https:\/\/kulturbloggen.com\/wp-content\/uploads\/2020\/09\/unnamed-11.jpg\" alt=\"\" width=\"337\" height=\"337\" srcset=\"https:\/\/kulturbloggen.com\/wp-content\/uploads\/2020\/09\/unnamed-11.jpg 337w, https:\/\/kulturbloggen.com\/wp-content\/uploads\/2020\/09\/unnamed-11-300x300.jpg 300w, https:\/\/kulturbloggen.com\/wp-content\/uploads\/2020\/09\/unnamed-11-150x150.jpg 150w\" sizes=\"auto, (max-width: 337px) 100vw, 337px\" \/><\/p>\n<p>I v\u00e5ras sl\u00e4pptes ett f\u00f6rsta smakprov av Unos kommande album, singeln \u201dN\u00e4r Natten Lindar Sig Runt Mig\u201d. Nu har Uno sl\u00e4ppt en singel som \u00e4r resultatet av hans f\u00f6rsta samarbete med producenten Lars Halapi: l\u00e5ten \u201d\u00d6ppna Mina \u00d6gon\u201d \u2013 en varm och st\u00e4mningsfull l\u00e5t om l\u00e4ngtan efter klarsynthet och vikten av att kunna blicka fram\u00e5t. Vad passar b\u00e4ttre efter det h\u00e4r m\u00e4rkliga \u00e5ret, vi beh\u00f6ver alla k\u00e4nna att vi kan blicka fram\u00e5t mot en tid d\u00e4r vi f\u00f6rhoppningsvis snart kan \u00e5terg\u00e5 till en n\u00e5gorlunda normal tillvaro.<\/p>\n<p>Ett pressmail ber\u00e4ttar:<\/p>\n<p>Lars Halapi &#8211; gitarristen som blev en framg\u00e5ngsrik och flerfaldigt grammis nominerad producent, har en gedigen erfarenhet, och har arbetat med m\u00e5nga av v\u00e5ra st\u00f6rsta artister som bla. Bo Kaspers Orkester och Sophie Zelmani. Han har samlat n\u00e5gra av de finaste musikerna, och medverkar p\u00e5 l\u00e5ten g\u00f6r Thomas Axelsson &#8211; bas, Peter Korhonen &#8211; trummor och Lars Halapi spelar sj\u00e4lv gitarr, piano, keyboards och slagverk. Text och musik av Uno Svenningsson och Lars Halapi.<\/p>\n<p>L\u00e5ten \u00e4r inspelad och mixad i \u201dAlmost Heaven Studio\u201d, \u00d6sterlen av Lars Halapi och mastrad av Christofer Stannow\/Cosmos Mastering.<\/p>\n<p>\u201dSitter h\u00e4r med en kopp kaffe och kikar ut genom f\u00f6nstret och kan nu meddela att mitt nya album \u00e4r klart. Jag har skrivit plattan tillsammans med legendariske Lars Halapi i hans studio p\u00e5 vackra \u00d6sterlen, och f\u00f6rsta l\u00e5ten som kommer ut heter \u201d\u00d6ppna mina \u00f6gon\u201d. Det har varit ett rent n\u00f6je och mycket inspirerande att f\u00e5 l\u00e4ra k\u00e4nna och jobba ihop med Lars som \u00e4ven producerat och mixat plattan.\u201d s\u00e4ger Uno Svenningsson.<\/p>\n<p>Om UNO:<br \/>\nUno Svenningsson har har en l\u00e5ng och framg\u00e5ngsrik karri\u00e4r b\u00e5de som soloartist och i bandet Fred\u00e1 d\u00e4r man bland annat mottog en Grammis 1991 i kategorin \u201d\u00c5rets rockgrupp\u201d.<\/p>\n<p>Unos solo\u00e4ventyr p\u00e5b\u00f6rjades 1994 med det sj\u00e4lvbetitlade albumet \u201dUno\u201d d\u00e4r bland annat l\u00e5tarna \u201dUnder ytan\u201d och \u201dTro p\u00e5 varann\u201d \u2013 en duett med Eva Dahlgren \u2013 direkt blev stora hits.<\/p>\n<p>D\u00e4refter har det blivit hela \u00e5tta album, och m\u00e5nga radiohits som ex \u201dV\u00e5gorna\u201d, samt m\u00e4ngder av lovordade och uppm\u00e4rksammade turn\u00e9er.<\/p>\n<p>2017 medverkade Uno Svenningsson i \u201dS\u00e5 mycket b\u00e4ttre\u201d p\u00e5 TV4 som f\u00f6ranledde ett stort genomslag hos den stora och k\u00e4rleksfulla publiken. Strax efter TV-succ\u00e9n sl\u00e4pptes Unos senaste album \u201dAndras s\u00e5nger\u201d vilket f\u00f6ljdes av en bejublad turn\u00e9 d\u00e4r b\u00e5de egna l\u00e5tar och tolkningar framf\u00f6rdes, inte minst den stora hiten \u201dDu kommer \u00e5ngra det h\u00e4r\u201d.<\/p>\n<p><iframe loading=\"lazy\" src=\"https:\/\/open.spotify.com\/embed\/album\/6HHawqOPEbc1X13xyhEL7R\" width=\"300\" height=\"380\" frameborder=\"0\"><\/iframe><\/p>\n","protected":false},"excerpt":{"rendered":"<p>I v\u00e5ras sl\u00e4pptes ett f\u00f6rsta smakprov av Unos kommande album, singeln \u201dN\u00e4r Natten Lindar Sig Runt Mig\u201d. Nu har Uno sl\u00e4ppt en singel som \u00e4r resultatet av hans f\u00f6rsta samarbete med producenten Lars Halapi: l\u00e5ten \u201d\u00d6ppna Mina \u00d6gon\u201d \u2013 en varm och st\u00e4mningsfull l\u00e5t om l\u00e4ngtan efter klarsynthet och vikten av att kunna blicka fram\u00e5t. [&hellip;]<\/p>\n","protected":false},"author":13,"featured_media":0,"comment_status":"closed","ping_status":"closed","sticky":false,"template":"","format":"standard","meta":{"_genesis_hide_title":false,"_genesis_hide_breadcrumbs":false,"_genesis_hide_singular_image":false,"_genesis_hide_footer_widgets":false,"_genesis_custom_body_class":"","_genesis_custom_post_class":"","_genesis_layout":"","footnotes":""},"categories":[7,13624],"tags":[],"class_list":{"0":"post-136076","1":"post","2":"type-post","3":"status-publish","4":"format-standard","6":"category-musik","7":"category-toppnytt","8":"entry"},"_links":{"self":[{"href":"https:\/\/kulturbloggen.com\/index.php?rest_route=\/wp\/v2\/posts\/136076","targetHints":{"allow":["GET"]}}],"collection":[{"href":"https:\/\/kulturbloggen.com\/index.php?rest_route=\/wp\/v2\/posts"}],"about":[{"href":"https:\/\/kulturbloggen.com\/index.php?rest_route=\/wp\/v2\/types\/post"}],"author":[{"embeddable":true,"href":"https:\/\/kulturbloggen.com\/index.php?rest_route=\/wp\/v2\/users\/13"}],"replies":[{"embeddable":true,"href":"https:\/\/kulturbloggen.com\/index.php?rest_route=%2Fwp%2Fv2%2Fcomments&post=136076"}],"version-history":[{"count":5,"href":"https:\/\/kulturbloggen.com\/index.php?rest_route=\/wp\/v2\/posts\/136076\/revisions"}],"predecessor-version":[{"id":136084,"href":"https:\/\/kulturbloggen.com\/index.php?rest_route=\/wp\/v2\/posts\/136076\/revisions\/136084"}],"wp:attachment":[{"href":"https:\/\/kulturbloggen.com\/index.php?rest_route=%2Fwp%2Fv2%2Fmedia&parent=136076"}],"wp:term":[{"taxonomy":"category","embeddable":true,"href":"https:\/\/kulturbloggen.com\/index.php?rest_route=%2Fwp%2Fv2%2Fcategories&post=136076"},{"taxonomy":"post_tag","embeddable":true,"href":"https:\/\/kulturbloggen.com\/index.php?rest_route=%2Fwp%2Fv2%2Ftags&post=136076"}],"curies":[{"name":"wp","href":"https:\/\/api.w.org\/{rel}","templated":true}]}}