{"id":136069,"date":"2020-09-11T15:04:40","date_gmt":"2020-09-11T13:04:40","guid":{"rendered":"https:\/\/kulturbloggen.com\/?p=136069"},"modified":"2020-09-11T15:04:42","modified_gmt":"2020-09-11T13:04:42","slug":"lyssna-geten-evigheten-hoj-din-rost","status":"publish","type":"post","link":"https:\/\/kulturbloggen.com\/?p=136069","title":{"rendered":"Lyssna: Geten &#038; Evigheten &#8211; H\u00f6j din r\u00f6st"},"content":{"rendered":"<p><img loading=\"lazy\" decoding=\"async\" class=\"aligncenter size-full wp-image-136074\" src=\"https:\/\/kulturbloggen.com\/wp-content\/uploads\/2020\/09\/getenochevigheter.jpg\" alt=\"\" width=\"650\" height=\"650\" srcset=\"https:\/\/kulturbloggen.com\/wp-content\/uploads\/2020\/09\/getenochevigheter.jpg 650w, https:\/\/kulturbloggen.com\/wp-content\/uploads\/2020\/09\/getenochevigheter-300x300.jpg 300w, https:\/\/kulturbloggen.com\/wp-content\/uploads\/2020\/09\/getenochevigheter-150x150.jpg 150w\" sizes=\"auto, (max-width: 650px) 100vw, 650px\" \/><\/p>\n<p>Geten &amp; Evigheten sl\u00e4pper nu singeln \u201dH\u00f6j din r\u00f6st\u201d.<\/p>\n<p>Geten &amp; Evigheten best\u00e5r av duon Petra Hessel och Anton Johansson och \u00e4r baserad i Istanbul och G\u00f6teborg. Nu sl\u00e4pper de singeln \u201dH\u00f6j din r\u00f6st&#8221; med tillh\u00f6rande video gjord av Kim Ekberg.<br \/>\nAllmogetechno-duon sl\u00e4pper l\u00e5ten genom skivbolaget Supertraditional (Sara Parkman, Samantha Ohlanders, Anna M\u00f6ller med flera).<br \/>\n\u201dVi m\u00e5ste v\u00e5ga skrika, s\u00e4ga ifr\u00e5n, s\u00e4ga sanningen. Inte g\u00f6mma oss i viskningar och sn\u00e4lla s\u00e5nger\u201d, s\u00e4ger Geten &amp; Evigheten om l\u00e5ten.<\/p>\n<p><iframe loading=\"lazy\" src=\"https:\/\/open.spotify.com\/embed\/album\/0rgGbHgaxcqtKhpR8gm1X6\" width=\"300\" height=\"380\" frameborder=\"0\"><\/iframe><\/p>\n","protected":false},"excerpt":{"rendered":"<p>Geten &amp; Evigheten sl\u00e4pper nu singeln \u201dH\u00f6j din r\u00f6st\u201d. Geten &amp; Evigheten best\u00e5r av duon Petra Hessel och Anton Johansson och \u00e4r baserad i Istanbul och G\u00f6teborg. Nu sl\u00e4pper de singeln \u201dH\u00f6j din r\u00f6st&#8221; med tillh\u00f6rande video gjord av Kim Ekberg. Allmogetechno-duon sl\u00e4pper l\u00e5ten genom skivbolaget Supertraditional (Sara Parkman, Samantha Ohlanders, Anna M\u00f6ller med flera). [&hellip;]<\/p>\n","protected":false},"author":13,"featured_media":0,"comment_status":"closed","ping_status":"closed","sticky":false,"template":"","format":"standard","meta":{"_genesis_hide_title":false,"_genesis_hide_breadcrumbs":false,"_genesis_hide_singular_image":false,"_genesis_hide_footer_widgets":false,"_genesis_custom_body_class":"","_genesis_custom_post_class":"","_genesis_layout":"","footnotes":""},"categories":[7,13624],"tags":[],"class_list":{"0":"post-136069","1":"post","2":"type-post","3":"status-publish","4":"format-standard","6":"category-musik","7":"category-toppnytt","8":"entry"},"_links":{"self":[{"href":"https:\/\/kulturbloggen.com\/index.php?rest_route=\/wp\/v2\/posts\/136069","targetHints":{"allow":["GET"]}}],"collection":[{"href":"https:\/\/kulturbloggen.com\/index.php?rest_route=\/wp\/v2\/posts"}],"about":[{"href":"https:\/\/kulturbloggen.com\/index.php?rest_route=\/wp\/v2\/types\/post"}],"author":[{"embeddable":true,"href":"https:\/\/kulturbloggen.com\/index.php?rest_route=\/wp\/v2\/users\/13"}],"replies":[{"embeddable":true,"href":"https:\/\/kulturbloggen.com\/index.php?rest_route=%2Fwp%2Fv2%2Fcomments&post=136069"}],"version-history":[{"count":5,"href":"https:\/\/kulturbloggen.com\/index.php?rest_route=\/wp\/v2\/posts\/136069\/revisions"}],"predecessor-version":[{"id":136075,"href":"https:\/\/kulturbloggen.com\/index.php?rest_route=\/wp\/v2\/posts\/136069\/revisions\/136075"}],"wp:attachment":[{"href":"https:\/\/kulturbloggen.com\/index.php?rest_route=%2Fwp%2Fv2%2Fmedia&parent=136069"}],"wp:term":[{"taxonomy":"category","embeddable":true,"href":"https:\/\/kulturbloggen.com\/index.php?rest_route=%2Fwp%2Fv2%2Fcategories&post=136069"},{"taxonomy":"post_tag","embeddable":true,"href":"https:\/\/kulturbloggen.com\/index.php?rest_route=%2Fwp%2Fv2%2Ftags&post=136069"}],"curies":[{"name":"wp","href":"https:\/\/api.w.org\/{rel}","templated":true}]}}