{"id":135950,"date":"2020-09-07T23:44:56","date_gmt":"2020-09-07T21:44:56","guid":{"rendered":"https:\/\/kulturbloggen.com\/?p=135950"},"modified":"2020-09-07T23:44:57","modified_gmt":"2020-09-07T21:44:57","slug":"hos-utsokt-gitarrtrio-uppstar-onskvard-nerv-och-kemi-spring-2020-av-tobias-grim-trio","status":"publish","type":"post","link":"https:\/\/kulturbloggen.com\/?p=135950","title":{"rendered":"Hos uts\u00f6kt gitarrtrio uppst\u00e5r \u00f6nskv\u00e4rd nerv och kemi &#8211; Spring 2020 av Tobias Grim trio"},"content":{"rendered":"\n<figure class=\"wp-block-image size-large is-resized\"><img loading=\"lazy\" decoding=\"async\" src=\"https:\/\/kulturbloggen.com\/wp-content\/uploads\/2020\/09\/109340909_303883604356812_1975383161659675739_n-1.jpg\" alt=\"\" class=\"wp-image-135951\" width=\"460\" height=\"650\" srcset=\"https:\/\/kulturbloggen.com\/wp-content\/uploads\/2020\/09\/109340909_303883604356812_1975383161659675739_n-1.jpg 460w, https:\/\/kulturbloggen.com\/wp-content\/uploads\/2020\/09\/109340909_303883604356812_1975383161659675739_n-1-212x300.jpg 212w\" sizes=\"auto, (max-width: 460px) 100vw, 460px\" \/><figcaption>foto Martin Olsson<\/figcaption><\/figure>\n\n\n\n<p>Tobias Grim trio<\/p>\n\n\n\n<p>Spring 2020<\/p>\n\n\n\n<p>4<\/p>\n\n\n\n<p>Inspelad 21-22\/5 2020 i Bunkern G\u00f6teborg av Martin Olsson<\/p>\n\n\n\n<p>Mix och mastring: Magnus Bergstr\u00f6m<\/p>\n\n\n\n<p>Producerad av Tobias Grim och Magnus Bergstr\u00f6m<\/p>\n\n\n\n<p>Egen utgivning via Amuse (endast tillg\u00e4nglig p\u00e5 allehanda digitala plattformar)<\/p>\n\n\n\n<p>41:17<\/p>\n\n\n\n<p>Release: 4\/9 2020<\/p>\n\n\n\n<p>Den 41-\u00e5rige G\u00f6teborgsbaserade gitarristen och komposit\u00f6ren har ett brett register. Kan t\u00e4nka mig att han t\u00e4ckt de flesta genrer utom heavy metal och dansband. Har live stimulerats n\u00e4r han lirat brasilianska tong\u00e5ngar med Karolina Vucidolac, visor och tunggung hos Sam Vesterberg, virtuos fusion i internationella kvartetten Derupeto samt r &amp; b och soul i Sweet Little Angels. Om jag inte missminner mig har han examinerats fr\u00e5n H\u00f6gskolan f\u00f6r scen och musik i G\u00f6teborg. P\u00e5 nya plattan som uppstod i det vakuum pandemin medf\u00f6rde, kan musiken rubriceras som triojazz. Ing\u00e5r i trion g\u00f6r supertalangen Adam Ross p\u00e5 trummor j\u00e4mte Magnus Bergstr\u00f6m, en basist med moget anslag.<\/p>\n\n\n\n<p>Repertoaren best\u00e5r av b\u00e5de andras och egna l\u00e5tar. Grim skriver i pressutskick att han sporrades av utmaningen att som gitarrist spela p\u00e5 trio. Tv\u00e5 av hans goda v\u00e4nner som anlitas av m\u00e5nga, hade f\u00e5tt sina bokningar inst\u00e4llda, vilket gjorde dem disponibla. Lyh\u00f6rde Ross och lyriskt spelande Bergstr\u00f6m (samarbetat tidigare med den kepsprydda gitarristen)  blev  idealiska partners. Den sistn\u00e4mnda spelar i flera jazziga framst\u00e5ende sm\u00e5grupper och har som bonus h\u00f6rts med Dave Liebman, medan Ross vikarierat hos BBB, blivit &#8221;hustrummis&#8221; p\u00e5 Unity och favorit hos Fredrik Kronkvist. Inspelningarna pr\u00e4glades, enligt Grim, av mycket spontanitet.  I egenskap av lyssnande novis \u00e4r mitt intryck att det \u00e4nd\u00e5 r\u00f6r sig om v\u00e4ldigt genomarbetat material. <\/p>\n\n\n\n<p>Trion inleder osedvanligt intensivt. Ackord fr\u00e5n fingerf\u00e4rdig instrumentalist v\u00e4ller fram i b\u00e5gar, medan det integrerade kompet h\u00e4nger p\u00e5 i <em>Be Blues. <\/em>Ross har en nyckelroll genom sin fram\u00e5tdrivande puls. En kan g\u00e5 f\u00f6r sig att l\u00e5ten tj\u00e4nar som uppv\u00e4rmning, samtidigt en flyh\u00e4nt demonstration av beundransv\u00e4rd kapacitet. Forts\u00e4ttningsvis blir  det inte lika hetsigt.  En ballad av Herbie Hancock tar vid. En snirklande komposition d\u00e4r basen befinner sig i centrum. <\/p>\n\n\n\n<figure class=\"wp-block-image size-large is-resized\"><img loading=\"lazy\" decoding=\"async\" src=\"https:\/\/kulturbloggen.com\/wp-content\/uploads\/2020\/09\/70603602_3699096423449548_5629825586655395840_o.jpg\" alt=\"\" class=\"wp-image-135976\" width=\"580\" height=\"386\" srcset=\"https:\/\/kulturbloggen.com\/wp-content\/uploads\/2020\/09\/70603602_3699096423449548_5629825586655395840_o.jpg 650w, https:\/\/kulturbloggen.com\/wp-content\/uploads\/2020\/09\/70603602_3699096423449548_5629825586655395840_o-300x200.jpg 300w\" sizes=\"auto, (max-width: 580px) 100vw, 580px\" \/><figcaption>foto Tommy Lindstr\u00f6m fr\u00e5n 2019<\/figcaption><\/figure>\n\n\n\n<p>K\u00e4nner inte till  influenserna f\u00f6r mannen vars instrument h\u00e4r \u00e4r en Ibanez, troligen tillverkad 1981. I tredje l\u00e5ten f\u00e5r kompet jobba h\u00e5rt n\u00e4r han s\u00e4tter ig\u00e5ng och riffar ih\u00e4rdigt. Sv\u00e4nger kopi\u00f6st i en annorlunda version av <em>Freedom Jazz Dance <\/em>vars tema leder mig till Brian Auger. Tycker att spels\u00e4ttet Grim applicerar p\u00e5minner om Bill Frisell, Duke Robillard, Larry Coryell, Bucky Pizzarelli (dog av Corona-viruset i \u00e5r) och v\u00e5r svenske gigant Jojje Wadenius.  <\/p>\n\n\n\n<p>Grims delikata melodisinne blommar ut n\u00e4r trion tolkar standards som <em>Here\u00b4s That Rainy Day <\/em>och sk\u00f6nt sl\u00e4piga, klangrika <em>In A Sentimental Mood. <\/em>F\u00f6rst n\u00e4mnda alster v\u00e4xer l\u00e4ckert fram genom anm\u00e4rkningsv\u00e4rd dynamik. Resulterar i tv\u00e5 p\u00e4rlor av en soft powertrio med p\u00e5tagligt lugn inriktning.<\/p>\n\n\n\n<p>Somliga av originalen, ehuru duktigt hantverk, tenderar till att l\u00e5ta en smula introverta, kan  sakna \u00f6nskv\u00e4rd hook. Hade suttit fint med en vokalist eller bl\u00e5sare p\u00e5 ett par sp\u00e5r. Titell\u00e5tens vars sound inneb\u00e4r byte till en  Eastman-gitarr med s.k flatwoundstr\u00e4ngar inneh\u00e5ller ett piggt bassolo.  Av egna l\u00e5tarna fastnar jag f\u00f6r energiska inledningen j\u00e4mte <em>Unfathful<\/em>, vars s\u00f6ml\u00f6sa konversation inom trion sprider p\u00e5taglig harmoni. <\/p>\n\n\n\n<p>En av albumets styrkor \u00e4r f\u00f6rekomsten av  b\u00e5de luftig elegans och t\u00e4tt samspel.  Rytml\u00e4ggare Ross beh\u00e4rskar spannet fr\u00e5n  intrikata, snabba melodier till subtila ballader. Bergstr\u00f6m agerar tryggt nav, mest lite bakom frontlinjen. Att jag valde att recensera trots avsaknad av fysisk skiva, beror p\u00e5 elgitarristens avsev\u00e4rda kvaliteter live. Hans solon fr\u00e5n scen framkallar ren gl\u00e4dje, bekr\u00e4ftar hur underv\u00e4rderad den timide Tobias \u00e4r.<\/p>\n\n\n\n<p> <em>Spring 2020 <\/em>tillfredsst\u00e4ller v\u00e4nner av distinkt, ytterst beg\u00e5vad gitarrjazz p\u00e5 trio. D\u00e4remot tveksamt om  nya lyssnare lockas.  Skivan inneh\u00e5ller \u00e5tskillig godis, vilket r\u00e4ttf\u00e4rdigar mitt omd\u00f6me. Men  jag f\u00f6redrar fortfarande konsertversionen av  den tekniskt full\u00e4ndade och k\u00e4nsligt spelande gitarristen.   <\/p>\n\n\n\n<p><\/p>\n","protected":false},"excerpt":{"rendered":"<p>Tobias Grim trio Spring 2020 4 Inspelad 21-22\/5 2020 i Bunkern G\u00f6teborg av Martin Olsson Mix och mastring: Magnus Bergstr\u00f6m Producerad av Tobias Grim och Magnus Bergstr\u00f6m Egen utgivning via Amuse (endast tillg\u00e4nglig p\u00e5 allehanda digitala plattformar) 41:17 Release: 4\/9 2020 Den 41-\u00e5rige G\u00f6teborgsbaserade gitarristen och komposit\u00f6ren har ett brett register. Kan t\u00e4nka mig att [&hellip;]<\/p>\n","protected":false},"author":34,"featured_media":0,"comment_status":"closed","ping_status":"closed","sticky":false,"template":"","format":"standard","meta":{"_genesis_hide_title":false,"_genesis_hide_breadcrumbs":false,"_genesis_hide_singular_image":false,"_genesis_hide_footer_widgets":false,"_genesis_custom_body_class":"","_genesis_custom_post_class":"","_genesis_layout":"","footnotes":""},"categories":[20,22],"tags":[],"class_list":{"0":"post-135950","1":"post","2":"type-post","3":"status-publish","4":"format-standard","6":"category-film","7":"category-skivor","8":"entry"},"_links":{"self":[{"href":"https:\/\/kulturbloggen.com\/index.php?rest_route=\/wp\/v2\/posts\/135950","targetHints":{"allow":["GET"]}}],"collection":[{"href":"https:\/\/kulturbloggen.com\/index.php?rest_route=\/wp\/v2\/posts"}],"about":[{"href":"https:\/\/kulturbloggen.com\/index.php?rest_route=\/wp\/v2\/types\/post"}],"author":[{"embeddable":true,"href":"https:\/\/kulturbloggen.com\/index.php?rest_route=\/wp\/v2\/users\/34"}],"replies":[{"embeddable":true,"href":"https:\/\/kulturbloggen.com\/index.php?rest_route=%2Fwp%2Fv2%2Fcomments&post=135950"}],"version-history":[{"count":18,"href":"https:\/\/kulturbloggen.com\/index.php?rest_route=\/wp\/v2\/posts\/135950\/revisions"}],"predecessor-version":[{"id":135978,"href":"https:\/\/kulturbloggen.com\/index.php?rest_route=\/wp\/v2\/posts\/135950\/revisions\/135978"}],"wp:attachment":[{"href":"https:\/\/kulturbloggen.com\/index.php?rest_route=%2Fwp%2Fv2%2Fmedia&parent=135950"}],"wp:term":[{"taxonomy":"category","embeddable":true,"href":"https:\/\/kulturbloggen.com\/index.php?rest_route=%2Fwp%2Fv2%2Fcategories&post=135950"},{"taxonomy":"post_tag","embeddable":true,"href":"https:\/\/kulturbloggen.com\/index.php?rest_route=%2Fwp%2Fv2%2Ftags&post=135950"}],"curies":[{"name":"wp","href":"https:\/\/api.w.org\/{rel}","templated":true}]}}