{"id":13577,"date":"2009-10-08T07:20:19","date_gmt":"2009-10-08T05:20:19","guid":{"rendered":"http:\/\/kulturbloggen.com\/?p=13577"},"modified":"2009-10-08T07:20:19","modified_gmt":"2009-10-08T05:20:19","slug":"dn-ljuger-overst-pa-forstasidan","status":"publish","type":"post","link":"https:\/\/kulturbloggen.com\/?p=13577","title":{"rendered":"DN ljuger \u00f6verst p\u00e5 f\u00f6rstasidan"},"content":{"rendered":"<p><img loading=\"lazy\" decoding=\"async\" src=\"http:\/\/sodergren.com\/kulturbloggen\/wp-content\/uploads\/2009\/09\/rodgronabloggen.jpg\" alt=\"rodgronabloggen\" title=\"rodgronabloggen\" width=\"300\" height=\"185\" class=\"aligncenter size-full wp-image-12872\" \/><br \/>\n<a href=\"http:\/\/www.dn.se\/nyheter\/sverige\/fler-rodgrona-tar-reinfeldts-parti-1.969670\">DN ljuger om r\u00f6dgr\u00f6nas sympatier<\/a>. \u00d6verst p\u00e5 papperstidningen st\u00e5r rubriken att &#8221;Fler r\u00f6dgr\u00f6na v\u00e4ljare gillar Reinfeldts politik&#8221;.<\/p>\n<p>DN syftar p\u00e5 en unders\u00f6kning som visar att  fler fyra av tio LO-v\u00e4ljare anser nu att regeringspolitiken gynnar dem personligen. <em>Bland de r\u00f6dgr\u00f6na v\u00e4ljarnas sympatis\u00f6rer \u00e4r det ocks\u00e5 m\u00e5nga som \u00e4ndrat inst\u00e4llning \u00e4ven om det fortfarande \u00e4r betydligt fler som menar att de personligen missgynnas av regeringens politik. F\u00f6r ett \u00e5r sedan var det en \u00f6vervikt p\u00e5 64\u201320, nu har den sjunkit ihop till 49\u201333. Var tredje r\u00f6dgr\u00f6n v\u00e4ljare tycker allts\u00e5 att den gynnas av regeringens politik.<\/em><br \/>\nMen att inse att n\u00e5got gynnar en \u00e4r inte samma sak som att gilla.<br \/>\nDet \u00e4r fullt m\u00f6jligt att vara en i gruppen som gynnas och \u00e4nd\u00e5 se att helheten f\u00f6r samh\u00e4llet inte blir bra med Reinfeldts politik.<\/p>\n<p>Ur DN:<\/p>\n<blockquote><p>Det \u00e4r Synovate som varje \u00e5r sedan valet 2006 fr\u00e5gat v\u00e4ljarna om de tycker att regeringen Reinfeldts politik \u201dgynnar eller missgynnar dig personligen\u201d. De f\u00f6rsta tv\u00e5 \u00e5ren var det m\u00e5nga fler som tyckte att de \u201dmissgynnats\u201d \u00e4n \u201dgynnats\u201d. 2007 var \u00f6vervikten 44\u201334 och 2008 var den 45\u201333. Men h\u00f6sten 2009 \u00e4r l\u00e4get det omv\u00e4nda; nu tycker 43 procent att de gynnas av regeringens politik, medan 34 procent tycker att de missgynnas och 23 procent \u00e4r os\u00e4kra<\/p><\/blockquote>\n<p>F\u00f6r \u00f6vrigt \u00e4r det tydligt att DN anv\u00e4nder sin redaktionella produkt f\u00f6r att springa h\u00f6gerregeringens och ledarsidans \u00e4renden. Sorgligt att se att den journalistiska integriten inte \u00e4r st\u00f6rre \u00e4n s\u00e5.<\/p>\n<p>L\u00e4s \u00e4ven andra bloggares \u00e5sikter om <a href=\"http:\/\/bloggar.se\/om\/journalistik\" rel=\"tag\">journalistik<\/a>, <a href=\"http:\/\/bloggar.se\/om\/medier\" rel=\"tag\">medier<\/a>, <a href=\"http:\/\/bloggar.se\/om\/politik\" rel=\"tag\">politik<\/a>, <a href=\"http:\/\/bloggar.se\/om\/samh%E4lle\" rel=\"tag\">samh\u00e4lle<\/a>, <a href=\"http:\/\/bloggar.se\/om\/v%E4ljarunders%F6kning\" rel=\"tag\">v\u00e4ljarunders\u00f6kning<\/a>, <a href=\"http:\/\/bloggar.se\/om\/Dagens+Nyheter\" rel=\"tag\">Dagens Nyheter<\/a>, <a href=\"http:\/\/bloggar.se\/om\/r%F6dgr%F6na\" rel=\"tag\">r\u00f6dgr\u00f6na<\/a><\/p>\n<p>.<\/p>\n","protected":false},"excerpt":{"rendered":"<p>DN ljuger om r\u00f6dgr\u00f6nas sympatier. \u00d6verst p\u00e5 papperstidningen st\u00e5r rubriken att &#8221;Fler r\u00f6dgr\u00f6na v\u00e4ljare gillar Reinfeldts politik&#8221;. DN syftar p\u00e5 en unders\u00f6kning som visar att fler fyra av tio LO-v\u00e4ljare anser nu att regeringspolitiken gynnar dem personligen. Bland de r\u00f6dgr\u00f6na v\u00e4ljarnas sympatis\u00f6rer \u00e4r det ocks\u00e5 m\u00e5nga som \u00e4ndrat inst\u00e4llning \u00e4ven om det fortfarande \u00e4r betydligt [&hellip;]<\/p>\n","protected":false},"author":2,"featured_media":0,"comment_status":"open","ping_status":"open","sticky":false,"template":"","format":"standard","meta":{"_genesis_hide_title":false,"_genesis_hide_breadcrumbs":false,"_genesis_hide_singular_image":false,"_genesis_hide_footer_widgets":false,"_genesis_custom_body_class":"","_genesis_custom_post_class":"","_genesis_layout":"","footnotes":""},"categories":[62],"tags":[2765,3582,12284,4917,6307],"class_list":{"0":"post-13577","1":"post","2":"type-post","3":"status-publish","4":"format-standard","6":"category-medie-och-kulturpolitik","7":"tag-journalistik","8":"tag-medier","9":"tag-politik","10":"tag-samhalle","11":"tag-valjarundersokning","12":"entry"},"_links":{"self":[{"href":"https:\/\/kulturbloggen.com\/index.php?rest_route=\/wp\/v2\/posts\/13577","targetHints":{"allow":["GET"]}}],"collection":[{"href":"https:\/\/kulturbloggen.com\/index.php?rest_route=\/wp\/v2\/posts"}],"about":[{"href":"https:\/\/kulturbloggen.com\/index.php?rest_route=\/wp\/v2\/types\/post"}],"author":[{"embeddable":true,"href":"https:\/\/kulturbloggen.com\/index.php?rest_route=\/wp\/v2\/users\/2"}],"replies":[{"embeddable":true,"href":"https:\/\/kulturbloggen.com\/index.php?rest_route=%2Fwp%2Fv2%2Fcomments&post=13577"}],"version-history":[{"count":0,"href":"https:\/\/kulturbloggen.com\/index.php?rest_route=\/wp\/v2\/posts\/13577\/revisions"}],"wp:attachment":[{"href":"https:\/\/kulturbloggen.com\/index.php?rest_route=%2Fwp%2Fv2%2Fmedia&parent=13577"}],"wp:term":[{"taxonomy":"category","embeddable":true,"href":"https:\/\/kulturbloggen.com\/index.php?rest_route=%2Fwp%2Fv2%2Fcategories&post=13577"},{"taxonomy":"post_tag","embeddable":true,"href":"https:\/\/kulturbloggen.com\/index.php?rest_route=%2Fwp%2Fv2%2Ftags&post=13577"}],"curies":[{"name":"wp","href":"https:\/\/api.w.org\/{rel}","templated":true}]}}