{"id":135768,"date":"2020-09-09T14:23:02","date_gmt":"2020-09-09T12:23:02","guid":{"rendered":"https:\/\/kulturbloggen.com\/?p=135768"},"modified":"2020-09-09T14:23:04","modified_gmt":"2020-09-09T12:23:04","slug":"bokrecension-flersprakig-scenkonst","status":"publish","type":"post","link":"https:\/\/kulturbloggen.com\/?p=135768","title":{"rendered":"Bokrecension: Flerspr\u00e5kig scenkonst"},"content":{"rendered":"<p><img loading=\"lazy\" decoding=\"async\" class=\"aligncenter size-full wp-image-135774\" src=\"https:\/\/kulturbloggen.com\/wp-content\/uploads\/2020\/08\/scenkonst.jpg\" alt=\"\" width=\"192\" height=\"300\"><\/p>\n<p><a href=\"https:\/\/www.bokus.com\/bok\/9789151941240\/antologi-for-en-flersprakig-scenkonst\/\">Antologi f\u00f6r en flerspr\u00e5kig scenkonst<\/a><br \/>\nRedakt\u00f6rer: Anna Haglund, Annica Styrke, Karin Wiklund<br \/>\nUtgivningsdatum 2020-01-01<br \/>\nF\u00f6rlag Johanssons pelargoner och dans<br \/>\nISBN 9789151941240<\/p>\n<p>D\u00e5 teatrarna i Sverige sakta b\u00f6rjar \u00f6ppna f\u00f6r f\u00f6rest\u00e4llningar f\u00f6r publik, fast med begr\u00e4nsat antal i publiken, k\u00e4nns denna antologi som viktig att ta upp och fundera kring och l\u00e5ta de fr\u00e5gor den st\u00e4ller komma till tals och f\u00e5 oss att diskutera kring.<\/p>\n<p>Bokens redakt\u00f6rer beskriver dess syfte:<br \/>\n<em>Flerspr\u00e5kighet \u00e4r en del av Sveriges historia, samtid och framtid. Vi tror att en scenkonst som speglar den verkligheten, och som anv\u00e4nder flerspr\u00e5kighet som konstn\u00e4rlig utg\u00e5ngspunkt, kan rucka p\u00e5 exkluderande normer \u2013 inte bara inom scenkonsten, utan \u00e4ven i samh\u00e4llet i stort.<\/em><\/p>\n<p>I antologin finns flera intressanta artiklar som tar upp fr\u00e5gor och tankar och f\u00f6rslag kring spr\u00e5k, flerspr\u00e5kighet, scenkonst, kropp och makt. De som medverkar i boken \u00e4r koreografer, sociolingvister, pedagoger, psykologiforskare, dramatiker, aktivister, \u00f6vers\u00e4ttare, filosofer, regiss\u00f6rer med flera. Bokens redaktion har som ambition med boken att \u00f6ka intresset f\u00f6r den flerspr\u00e5kiga scenkonst som finns och uppmuntra fler scenkonstn\u00e4rer att arbeta flerspr\u00e5kigt.<\/p>\n<p>F\u00f6r mig var det h\u00e4r en bok som \u00e4r sv\u00e5r att &#8221;recensera&#8221;. Vilket jag inte heller g\u00f6r. M\u00e5nga olika tankar far runt inom mig n\u00e4r jag l\u00e4ser den och jag funderar vidare, vilket jag t\u00e4nker \u00e4r det viktigaste med antologin.<\/p>\n<p>Hur flerspr\u00e5kigt \u00e4r Sverige? I vissa omr\u00e5den i Sverige bor m\u00e5nga som immigrerat till Sverige och d\u00e4r finns arabiska, finska, urdu, farsi, spanska, kinesiska med flera spr\u00e5k. I framf\u00f6r allt norra delen av Sverige har vi samisk urbefolkning. Att \u00f6ppna upp f\u00f6r m\u00f6jligheter f\u00f6r m\u00e4nniskor med olika spr\u00e5k att ta till sig teater hoppas jag denna antologin kan medverka till. Samtidigt t\u00e4nker jag p\u00e5 en debatt som f\u00f6rdes mycket mer f\u00f6r trettio \u00e5r sedan, om klassfr\u00e5gan och kultur, att medelklassens barn b\u00e5de tar sig in l\u00e4ttare och smidigare inom kultursektorn \u00e4n arbetarklassen, att medelklassen har ett helt annat sj\u00e4lvf\u00f6rtroende. Vart tog den diskussionen v\u00e4gen? Den diskussionen kan givetvis vara en del i diskussionen kring flerspr\u00e5kighet, men inte n\u00f6dv\u00e4ndigtvis. Vilka grupper med annan spr\u00e5kbakgrund \u00e4n svensk tar sig in i kultursektorn?<\/p>\n<p>Den ena aspekten \u00e4r att g\u00f6ra scenkonst tillg\u00e4nglig, intressant och tilldragande f\u00f6r m\u00e4nniskor fr\u00e5n olika bakgrund &#8211; den andra aspekten \u00e4r att f\u00e5 m\u00e4nniskor fr\u00e5n olika bakrund att kunna ta sig in till yrken inom scenkonst och kultursektorn.<\/p>\n<p>Diskussionen m\u00e5ste f\u00e5 fart. Nu n\u00e4r det \u00e4r start f\u00f6r h\u00f6stens s\u00e4song p\u00e5 svenska teatrar kommer det att vara med en begr\u00e4nsad publik &#8211; s\u00e5 det blir v\u00e4l \u00e4nnu sv\u00e5rare att f\u00e5 nya grupper till teatersalongerna i h\u00f6st.<\/p>\n","protected":false},"excerpt":{"rendered":"<p>Antologi f\u00f6r en flerspr\u00e5kig scenkonst Redakt\u00f6rer: Anna Haglund, Annica Styrke, Karin Wiklund Utgivningsdatum 2020-01-01 F\u00f6rlag Johanssons pelargoner och dans ISBN 9789151941240 D\u00e5 teatrarna i Sverige sakta b\u00f6rjar \u00f6ppna f\u00f6r f\u00f6rest\u00e4llningar f\u00f6r publik, fast med begr\u00e4nsat antal i publiken, k\u00e4nns denna antologi som viktig att ta upp och fundera kring och l\u00e5ta de fr\u00e5gor den st\u00e4ller [&hellip;]<\/p>\n","protected":false},"author":2,"featured_media":0,"comment_status":"closed","ping_status":"closed","sticky":false,"template":"","format":"standard","meta":{"_genesis_hide_title":false,"_genesis_hide_breadcrumbs":false,"_genesis_hide_singular_image":false,"_genesis_hide_footer_widgets":false,"_genesis_custom_body_class":"","_genesis_custom_post_class":"","_genesis_layout":"","footnotes":""},"categories":[62,3,20,30,13624],"tags":[],"class_list":{"0":"post-135768","1":"post","2":"type-post","3":"status-publish","4":"format-standard","6":"category-medie-och-kulturpolitik","7":"category-litteratur","8":"category-film","9":"category-teater","10":"category-toppnytt","11":"entry"},"_links":{"self":[{"href":"https:\/\/kulturbloggen.com\/index.php?rest_route=\/wp\/v2\/posts\/135768","targetHints":{"allow":["GET"]}}],"collection":[{"href":"https:\/\/kulturbloggen.com\/index.php?rest_route=\/wp\/v2\/posts"}],"about":[{"href":"https:\/\/kulturbloggen.com\/index.php?rest_route=\/wp\/v2\/types\/post"}],"author":[{"embeddable":true,"href":"https:\/\/kulturbloggen.com\/index.php?rest_route=\/wp\/v2\/users\/2"}],"replies":[{"embeddable":true,"href":"https:\/\/kulturbloggen.com\/index.php?rest_route=%2Fwp%2Fv2%2Fcomments&post=135768"}],"version-history":[{"count":14,"href":"https:\/\/kulturbloggen.com\/index.php?rest_route=\/wp\/v2\/posts\/135768\/revisions"}],"predecessor-version":[{"id":136001,"href":"https:\/\/kulturbloggen.com\/index.php?rest_route=\/wp\/v2\/posts\/135768\/revisions\/136001"}],"wp:attachment":[{"href":"https:\/\/kulturbloggen.com\/index.php?rest_route=%2Fwp%2Fv2%2Fmedia&parent=135768"}],"wp:term":[{"taxonomy":"category","embeddable":true,"href":"https:\/\/kulturbloggen.com\/index.php?rest_route=%2Fwp%2Fv2%2Fcategories&post=135768"},{"taxonomy":"post_tag","embeddable":true,"href":"https:\/\/kulturbloggen.com\/index.php?rest_route=%2Fwp%2Fv2%2Ftags&post=135768"}],"curies":[{"name":"wp","href":"https:\/\/api.w.org\/{rel}","templated":true}]}}