{"id":135528,"date":"2020-08-18T11:20:47","date_gmt":"2020-08-18T09:20:47","guid":{"rendered":"https:\/\/kulturbloggen.com\/?p=135528"},"modified":"2020-08-18T11:20:48","modified_gmt":"2020-08-18T09:20:48","slug":"konserthosten-i-berwaldhallen-drar-igang-med-lyssnarnas-onskemusik-daniel-harding-och-lisa-nilsson","status":"publish","type":"post","link":"https:\/\/kulturbloggen.com\/?p=135528","title":{"rendered":"Konserth\u00f6sten i Berwaldhallen drar ig\u00e5ng med lyssnarnas \u00f6nskemusik, Daniel Harding och Lisa Nilsson"},"content":{"rendered":"<figure id=\"attachment_135532\" aria-describedby=\"caption-attachment-135532\" style=\"width: 550px\" class=\"wp-caption aligncenter\"><img loading=\"lazy\" decoding=\"async\" class=\"size-full wp-image-135532\" src=\"https:\/\/kulturbloggen.com\/wp-content\/uploads\/2020\/08\/unnamed-5-1.jpg\" alt=\"\" width=\"550\" height=\"250\" srcset=\"https:\/\/kulturbloggen.com\/wp-content\/uploads\/2020\/08\/unnamed-5-1.jpg 550w, https:\/\/kulturbloggen.com\/wp-content\/uploads\/2020\/08\/unnamed-5-1-300x136.jpg 300w\" sizes=\"auto, (max-width: 550px) 100vw, 550px\" \/><figcaption id=\"caption-attachment-135532\" class=\"wp-caption-text\">Kirill Gerstein, Daniel Harding och LIsa Nilsson medverkar n\u00e4r Berwaldhallen ger sina f\u00f6rsta konserter f\u00f6r s\u00e4songen, i P2 och p\u00e5 Berwaldhallen Play.<\/figcaption><\/figure>\n<p>Schubert, Sch\u00f6nberg och Messiaen st\u00e5r p\u00e5 programmet n\u00e4r Sveriges Radios Symfoniorkester, chefsdirigent Daniel Harding och v\u00e4rldspianisten Kirill Gerstein p\u00e5 fredag inleder konserts\u00e4songen i Sveriges Radios konserthus, utan publik p\u00e5 plats men direkt i P2 och p\u00e5 Berwaldhallen Play. Fredagen d\u00e4rp\u00e5 ges Lyssnarnas \u00f6nskekonsert, d\u00e4r Radiok\u00f6ren och Radiosymfonikerna framf\u00f6r stycken som r\u00f6stats fram av P2-programmet Klassisk morgons lyssnare. L\u00f6rdag 29:e blir det storbandsjazz med Nils Landgren och Lisa Nilsson som backas upp av n\u00e5gra av Sveriges mest namnkunniga jazzmusiker. S\u00f6ndagen den 30 augusti ger Sveriges Radios Symfoniorkester en barnf\u00f6rest\u00e4llning med HC Andersens \u201dDen fula ankungen\u201d p\u00e5 Berwaldhallen Play.<\/p>\n<p>Ett pressmeddelande ber\u00e4ttar:<\/p>\n<p>&#8211; Redan under h\u00f6stens f\u00f6rsta veckor kan vi visa p\u00e5 sp\u00e4nnvidden i det vi kan g\u00f6ra i Berwaldhallen. Det gl\u00e4der mig s\u00e4rskilt att vi f\u00e5r v\u00e4lkomna chefsdirigent Daniel Harding tillbaka direkt efter sommaruppeh\u00e5llet i ytterligare ett sp\u00e4nnande konsertprogram den 21 augusti. Veckan d\u00e4rp\u00e5 tre konserter med helt olika inneh\u00e5ll. Allt tillg\u00e4ngligt f\u00f6r alla ta del av i radio och p\u00e5 Berwaldhallen Play, helt enkelt public service i sin finaste form, s\u00e4ger Staffan Becker, konserthuschef i Berwaldhallen.<\/p>\n<p>Klassisk morgon i P2:s lyssnare har under sommaren r\u00f6stat fram inneh\u00e5llet i \u00d6nskekonserten den 28 augusti, totalt inkom 11.889 r\u00f6ster. Musiken framf\u00f6rs av Sveriges Radios Symfoniorkester och Radiok\u00f6ren. Tre av verken \u00e4r delar ur solokonserter som framf\u00f6rs av musiker i orkestern: Andreas Sund\u00e9n, klarinett, Anders Jonh\u00e4ll, fl\u00f6jt och Per \u00d6man, violin. Kv\u00e4llens dirigenter \u00e4r Tobias Ringborg och Karin Oldgren.<\/p>\n<p>&#8211; Utan att avsl\u00f6ja f\u00f6r mycket s\u00e5 kan jag s\u00e4ga att vi kommer att f\u00e5 en mycket omv\u00e4xlande konsert. Det har varit oerh\u00f6rt sp\u00e4nnande att f\u00f6lja omr\u00f6stningen och resultatet var absolut inte givet. Jag ser verkligen fram emot att f\u00e5 presentera konserten som lyssnarna nu har satt samman, s\u00e4ger Pernilla Eskilsdotter, programledare f\u00f6r Klassisk morgon i P2 och v\u00e4rd f\u00f6r den direkts\u00e4nda \u00d6nskekonserten.<\/p>\n<p>S\u00e4ndningstider och mer information om Berwaldhallens konserter i augusti:<\/p>\n<p>Fredag 21\/8 kl. 19.00 SCHUBERT, SCH\u00d6NBERG &amp; MESSIAEN<br \/>\nOlivier Messiaen: Et exspecto resurrectionem mortuorum<br \/>\nArnold Sch\u00f6nberg: Pianokonsert<br \/>\nFranz Schubert: Symfoni nr 3<br \/>\nMed Sveriges Radios Symfoniorkester och Kirill Gerstein, piano.<br \/>\nDirigent: Daniel Harding.<br \/>\nS\u00e4nds direkt i P2 och p\u00e5 Berwaldhallen Play.<\/p>\n<p>Fredag 28\/8 kl. 19.00 LYSSNARNAS \u00d6NSKEKONSERT<br \/>\nRadiok\u00f6ren och Sveriges Radios Symfoniorkester under ledning av Tobias Ringborg och Karin Oldgren.<br \/>\nProgramledare: Pernilla Eskilsdotter, Klassisk morgon i P2<br \/>\nS\u00e4nds direkt i P2 och p\u00e5 Berwaldhallen Play.<\/p>\n<p>L\u00f6rdag 29\/8 kl. 19.00 NILS LANDGREN &amp; LISA NILSSON<br \/>\nStorbandsjazz med Nils Landgren, trombon, Lisa Nilsson, s\u00e5ng och musiker ur den svenska jazzeliten. S\u00e4nds i P2 och p\u00e5 Berwaldhallen Play. Konserten s\u00e4nds \u00e4ven i P4 Live den 11 september kl. 19.06 \u2013 20.00.<\/p>\n<p>S\u00f6ndag 30\/8 kl. 11.00: DEN FULA ANKUNGEN<br \/>\nHC Andersens saga med Sveriges Radios Symfoniorkester under ledning av Jonas Nydesj\u00f6, som ocks\u00e5 skrivit musiken.<br \/>\nS\u00e4nds p\u00e5 Berwaldhallen Play.<\/p>\n","protected":false},"excerpt":{"rendered":"<p>Schubert, Sch\u00f6nberg och Messiaen st\u00e5r p\u00e5 programmet n\u00e4r Sveriges Radios Symfoniorkester, chefsdirigent Daniel Harding och v\u00e4rldspianisten Kirill Gerstein p\u00e5 fredag inleder konserts\u00e4songen i Sveriges Radios konserthus, utan publik p\u00e5 plats men direkt i P2 och p\u00e5 Berwaldhallen Play. Fredagen d\u00e4rp\u00e5 ges Lyssnarnas \u00f6nskekonsert, d\u00e4r Radiok\u00f6ren och Radiosymfonikerna framf\u00f6r stycken som r\u00f6stats fram av P2-programmet Klassisk [&hellip;]<\/p>\n","protected":false},"author":13,"featured_media":0,"comment_status":"closed","ping_status":"closed","sticky":false,"template":"","format":"standard","meta":{"_genesis_hide_title":false,"_genesis_hide_breadcrumbs":false,"_genesis_hide_singular_image":false,"_genesis_hide_footer_widgets":false,"_genesis_custom_body_class":"","_genesis_custom_post_class":"","_genesis_layout":"","footnotes":""},"categories":[7,13624],"tags":[],"class_list":{"0":"post-135528","1":"post","2":"type-post","3":"status-publish","4":"format-standard","6":"category-musik","7":"category-toppnytt","8":"entry"},"_links":{"self":[{"href":"https:\/\/kulturbloggen.com\/index.php?rest_route=\/wp\/v2\/posts\/135528","targetHints":{"allow":["GET"]}}],"collection":[{"href":"https:\/\/kulturbloggen.com\/index.php?rest_route=\/wp\/v2\/posts"}],"about":[{"href":"https:\/\/kulturbloggen.com\/index.php?rest_route=\/wp\/v2\/types\/post"}],"author":[{"embeddable":true,"href":"https:\/\/kulturbloggen.com\/index.php?rest_route=\/wp\/v2\/users\/13"}],"replies":[{"embeddable":true,"href":"https:\/\/kulturbloggen.com\/index.php?rest_route=%2Fwp%2Fv2%2Fcomments&post=135528"}],"version-history":[{"count":4,"href":"https:\/\/kulturbloggen.com\/index.php?rest_route=\/wp\/v2\/posts\/135528\/revisions"}],"predecessor-version":[{"id":135533,"href":"https:\/\/kulturbloggen.com\/index.php?rest_route=\/wp\/v2\/posts\/135528\/revisions\/135533"}],"wp:attachment":[{"href":"https:\/\/kulturbloggen.com\/index.php?rest_route=%2Fwp%2Fv2%2Fmedia&parent=135528"}],"wp:term":[{"taxonomy":"category","embeddable":true,"href":"https:\/\/kulturbloggen.com\/index.php?rest_route=%2Fwp%2Fv2%2Fcategories&post=135528"},{"taxonomy":"post_tag","embeddable":true,"href":"https:\/\/kulturbloggen.com\/index.php?rest_route=%2Fwp%2Fv2%2Ftags&post=135528"}],"curies":[{"name":"wp","href":"https:\/\/api.w.org\/{rel}","templated":true}]}}