{"id":135436,"date":"2020-08-14T14:29:02","date_gmt":"2020-08-14T12:29:02","guid":{"rendered":"https:\/\/kulturbloggen.com\/?p=135436"},"modified":"2020-08-14T14:29:03","modified_gmt":"2020-08-14T12:29:03","slug":"lyssna-anna-von-hausswolff-all-thoughts-fly","status":"publish","type":"post","link":"https:\/\/kulturbloggen.com\/?p=135436","title":{"rendered":"Lyssna: Anna von Hausswolff &#8211; All Thoughts Fly"},"content":{"rendered":"<figure id=\"attachment_135449\" aria-describedby=\"caption-attachment-135449\" style=\"width: 330px\" class=\"wp-caption aligncenter\"><img loading=\"lazy\" decoding=\"async\" class=\"size-full wp-image-135449\" src=\"https:\/\/kulturbloggen.com\/wp-content\/uploads\/2020\/08\/unnamed-6.jpg\" alt=\"\" width=\"330\" height=\"337\" srcset=\"https:\/\/kulturbloggen.com\/wp-content\/uploads\/2020\/08\/unnamed-6.jpg 330w, https:\/\/kulturbloggen.com\/wp-content\/uploads\/2020\/08\/unnamed-6-294x300.jpg 294w\" sizes=\"auto, (max-width: 330px) 100vw, 330px\" \/><figcaption id=\"caption-attachment-135449\" class=\"wp-caption-text\">Photo credit: Gianluca Grasselli<\/figcaption><\/figure>\n<p>Anna von Hausswolff har sl\u00e4ppttyitelsp\u00e5ret fr\u00e5n sitt kommande album, All Thoughts Fly, som sl\u00e4pps den 25e september.<\/p>\n<p>Ett pressmeddelande ber\u00e4ttar:<\/p>\n<p>Skivan \u00e4r helt instrumental och inspelad p\u00e5 en orgel som enda instrument, en orgel som representerar absolut befrielse av fantasin.<\/p>\n<p>S\u00e5 h\u00e4r s\u00e4ger Anna sj\u00e4lv om skivan: Jag ville spela med dissonans och polyrytmer f\u00f6r att skapa ett harmoniskt landskap som st\u00e4ndigt f\u00f6r\u00e4ndras och expanderar till n\u00e5got annat. Allt du h\u00f6r p\u00e5 den h\u00e4r skivan , varje liten \u00f6verton och all atmosf\u00e4r skapas helt genom orgeln. Vi har anv\u00e4nt en EQ men det \u00e4r allt. Den \u00f6vergripande iden var att skapa en illusion av flygande tankar, sammanfl\u00e4tande i varandra. Olika ord och v\u00e4rldar som h\u00e4nder samtidigt, p\u00e5verkar och \u00e4ndrar varandras riktningar och kurser.<\/p>\n<p><iframe loading=\"lazy\" src=\"https:\/\/open.spotify.com\/embed\/album\/4jFjgyumTuaE65zwTQESxg\" width=\"300\" height=\"380\" frameborder=\"0\"><\/iframe><\/p>\n","protected":false},"excerpt":{"rendered":"<p>Anna von Hausswolff har sl\u00e4ppttyitelsp\u00e5ret fr\u00e5n sitt kommande album, All Thoughts Fly, som sl\u00e4pps den 25e september. Ett pressmeddelande ber\u00e4ttar: Skivan \u00e4r helt instrumental och inspelad p\u00e5 en orgel som enda instrument, en orgel som representerar absolut befrielse av fantasin. S\u00e5 h\u00e4r s\u00e4ger Anna sj\u00e4lv om skivan: Jag ville spela med dissonans och polyrytmer f\u00f6r [&hellip;]<\/p>\n","protected":false},"author":13,"featured_media":0,"comment_status":"closed","ping_status":"closed","sticky":false,"template":"","format":"standard","meta":{"_genesis_hide_title":false,"_genesis_hide_breadcrumbs":false,"_genesis_hide_singular_image":false,"_genesis_hide_footer_widgets":false,"_genesis_custom_body_class":"","_genesis_custom_post_class":"","_genesis_layout":"","footnotes":""},"categories":[7,13624],"tags":[],"class_list":{"0":"post-135436","1":"post","2":"type-post","3":"status-publish","4":"format-standard","6":"category-musik","7":"category-toppnytt","8":"entry"},"_links":{"self":[{"href":"https:\/\/kulturbloggen.com\/index.php?rest_route=\/wp\/v2\/posts\/135436","targetHints":{"allow":["GET"]}}],"collection":[{"href":"https:\/\/kulturbloggen.com\/index.php?rest_route=\/wp\/v2\/posts"}],"about":[{"href":"https:\/\/kulturbloggen.com\/index.php?rest_route=\/wp\/v2\/types\/post"}],"author":[{"embeddable":true,"href":"https:\/\/kulturbloggen.com\/index.php?rest_route=\/wp\/v2\/users\/13"}],"replies":[{"embeddable":true,"href":"https:\/\/kulturbloggen.com\/index.php?rest_route=%2Fwp%2Fv2%2Fcomments&post=135436"}],"version-history":[{"count":4,"href":"https:\/\/kulturbloggen.com\/index.php?rest_route=\/wp\/v2\/posts\/135436\/revisions"}],"predecessor-version":[{"id":135450,"href":"https:\/\/kulturbloggen.com\/index.php?rest_route=\/wp\/v2\/posts\/135436\/revisions\/135450"}],"wp:attachment":[{"href":"https:\/\/kulturbloggen.com\/index.php?rest_route=%2Fwp%2Fv2%2Fmedia&parent=135436"}],"wp:term":[{"taxonomy":"category","embeddable":true,"href":"https:\/\/kulturbloggen.com\/index.php?rest_route=%2Fwp%2Fv2%2Fcategories&post=135436"},{"taxonomy":"post_tag","embeddable":true,"href":"https:\/\/kulturbloggen.com\/index.php?rest_route=%2Fwp%2Fv2%2Ftags&post=135436"}],"curies":[{"name":"wp","href":"https:\/\/api.w.org\/{rel}","templated":true}]}}