{"id":135374,"date":"2020-08-07T11:49:37","date_gmt":"2020-08-07T09:49:37","guid":{"rendered":"https:\/\/kulturbloggen.com\/?p=135374"},"modified":"2020-08-07T11:49:38","modified_gmt":"2020-08-07T09:49:38","slug":"%e2%80%8bmattias-alkberg-flyttar-turnen-till-2021-och-lovar-ny-musik","status":"publish","type":"post","link":"https:\/\/kulturbloggen.com\/?p=135374","title":{"rendered":"\u200bMattias Alkberg flyttar turn\u00e9n till 2021 och lovar ny musik"},"content":{"rendered":"<p><img loading=\"lazy\" decoding=\"async\" class=\"aligncenter size-full wp-image-135379\" src=\"https:\/\/kulturbloggen.com\/wp-content\/uploads\/2020\/08\/mattiasalkberg.jpg\" alt=\"\" width=\"434\" height=\"650\" srcset=\"https:\/\/kulturbloggen.com\/wp-content\/uploads\/2020\/08\/mattiasalkberg.jpg 434w, https:\/\/kulturbloggen.com\/wp-content\/uploads\/2020\/08\/mattiasalkberg-200x300.jpg 200w\" sizes=\"auto, (max-width: 434px) 100vw, 434px\" \/><\/p>\n<p>I v\u00e5ras sl\u00e4ppte Mattias Alkberg &#8221;Bodensia&#8221;, sin f\u00f6rsta soloskiva p\u00e5 tre \u00e5r. Kritikerna gillade vad de h\u00f6rde. GAFFA gav skivan toppbetyget fem stj\u00e4rnor, HYMN hyllade med 8\/10 och DN sammanfattade sitt betyg med &#8221;f\u00e5r det sv\u00e5ra att verka extremt enkelt&#8221;. Skivan var en succ\u00e9 helt enkelt. Nu flyttas h\u00f6stens turn\u00e9 till v\u00e5ren 2021 och det kommer mer och nyare musik, skriver ett pressmeddelande:<\/p>\n<p>Alkberg sj\u00e4lv kommenterade albumet &#8221;Bodensia&#8221; med att han och producenten Jonas Teglund &#8221;ville g\u00f6ra en skiva som skulle vara om\u00f6jlig att spela live. Treh\u00e4nt piano, s\u00e5ng som sp\u00e4nner \u00f6ver fler oktaver \u00e4n vad \u00e5tminstone dessa d\u00f6dliga klarar&#8221;. Men en h\u00f6stturn\u00e9 skulle det bli.<\/p>\n<p>Sen h\u00e4nde det som h\u00e4nde och nu flyttas turn\u00e9n till v\u00e5ren 2021.<\/p>\n<p>&#8221;Jamen det var ju just snyggt att turn\u00e9n blev flyttad. Men den blev flyttad, inte inst\u00e4lld. Det \u00e4r v\u00e4l s\u00e5 en f\u00e5r t\u00e4nka s\u00e5 en inte blir galen i isoleringen. Och s\u00e5 kan ni ju l\u00e4sa &#8221;Med r\u00e4tt att d\u00f6&#8221; n\u00e5gra extra g\u00e5nger i st\u00e4llet. Hoppas ni gillar den i alla fall.<\/p>\n<p>Under tiden g\u00f6r jag en ny skiva. Som sl\u00e4pps innan den flyttade turn\u00e9n. Och turn\u00e9n handlar om den i st\u00e4llet f\u00f6r &#8221;Bodensia&#8221;, som inte var gjord f\u00f6r att fungera live i alla fall. Och s\u00e5 slipper en i kl\u00e4 om de l\u00e5tarna i rockskrud och slipper den freakshowen. Och alla blir glada. Win win, rent av. S\u00e5 tack gud, eller vem\/vad det nu \u00e4r, f\u00f6r v\u00e4rldsl\u00e4get, \u00e4ntligen g\u00e5r n\u00e5t min v\u00e4g, det \u00e4r s\u00e5 en f\u00e5r t\u00e4nka.<\/p>\n<p>V\u00e4nligen,<\/p>\n<p>Mattias Alkberg&#8221;<\/p>\n<p>F\u00f6r att sammanfatta: H\u00f6stturn\u00e9n flyttas till v\u00e5ren 2021 och det blir ny musik. &#8221;Med r\u00e4tt att d\u00f6&#8221; \u00e4r Mattias Alkbergs senaste diktsamling och den sl\u00e4pps 24 augusti 2020.<\/p>\n<p>H\u00e4r ser du MATTIAS ALKBERG v\u00e5ren 2021:<\/p>\n<p>1 maj G\u00d6TEBORG, Stora teatern<\/p>\n<p>2 maj STOCKHOLM, Slaktkyrkan<\/p>\n<p>6 maj LULE\u00c5, Kulturens Hus<\/p>\n<p>7 maj UME\u00c5, V\u00e4ven<\/p>\n<p>8 maj BORL\u00c4NGE, Broken Dreams<\/p>\n<p>14 maj MALM\u00d6, Babel<\/p>\n<p>15 maj HAMMENH\u00d6G, Garageprojektet<\/p>\n<p>Fler datum tillkommer.<\/p>\n<p>Redan k\u00f6pta biljetter till h\u00f6stens turn\u00e9 g\u00e4ller p\u00e5 respektive nytt datum\/ort.<\/p>\n","protected":false},"excerpt":{"rendered":"<p>I v\u00e5ras sl\u00e4ppte Mattias Alkberg &#8221;Bodensia&#8221;, sin f\u00f6rsta soloskiva p\u00e5 tre \u00e5r. Kritikerna gillade vad de h\u00f6rde. GAFFA gav skivan toppbetyget fem stj\u00e4rnor, HYMN hyllade med 8\/10 och DN sammanfattade sitt betyg med &#8221;f\u00e5r det sv\u00e5ra att verka extremt enkelt&#8221;. Skivan var en succ\u00e9 helt enkelt. Nu flyttas h\u00f6stens turn\u00e9 till v\u00e5ren 2021 och det [&hellip;]<\/p>\n","protected":false},"author":13,"featured_media":0,"comment_status":"closed","ping_status":"closed","sticky":false,"template":"","format":"standard","meta":{"_genesis_hide_title":false,"_genesis_hide_breadcrumbs":false,"_genesis_hide_singular_image":false,"_genesis_hide_footer_widgets":false,"_genesis_custom_body_class":"","_genesis_custom_post_class":"","_genesis_layout":"","footnotes":""},"categories":[7,13624],"tags":[],"class_list":{"0":"post-135374","1":"post","2":"type-post","3":"status-publish","4":"format-standard","6":"category-musik","7":"category-toppnytt","8":"entry"},"_links":{"self":[{"href":"https:\/\/kulturbloggen.com\/index.php?rest_route=\/wp\/v2\/posts\/135374","targetHints":{"allow":["GET"]}}],"collection":[{"href":"https:\/\/kulturbloggen.com\/index.php?rest_route=\/wp\/v2\/posts"}],"about":[{"href":"https:\/\/kulturbloggen.com\/index.php?rest_route=\/wp\/v2\/types\/post"}],"author":[{"embeddable":true,"href":"https:\/\/kulturbloggen.com\/index.php?rest_route=\/wp\/v2\/users\/13"}],"replies":[{"embeddable":true,"href":"https:\/\/kulturbloggen.com\/index.php?rest_route=%2Fwp%2Fv2%2Fcomments&post=135374"}],"version-history":[{"count":5,"href":"https:\/\/kulturbloggen.com\/index.php?rest_route=\/wp\/v2\/posts\/135374\/revisions"}],"predecessor-version":[{"id":135380,"href":"https:\/\/kulturbloggen.com\/index.php?rest_route=\/wp\/v2\/posts\/135374\/revisions\/135380"}],"wp:attachment":[{"href":"https:\/\/kulturbloggen.com\/index.php?rest_route=%2Fwp%2Fv2%2Fmedia&parent=135374"}],"wp:term":[{"taxonomy":"category","embeddable":true,"href":"https:\/\/kulturbloggen.com\/index.php?rest_route=%2Fwp%2Fv2%2Fcategories&post=135374"},{"taxonomy":"post_tag","embeddable":true,"href":"https:\/\/kulturbloggen.com\/index.php?rest_route=%2Fwp%2Fv2%2Ftags&post=135374"}],"curies":[{"name":"wp","href":"https:\/\/api.w.org\/{rel}","templated":true}]}}